{"id":777903,"date":"2024-12-29T15:33:17","date_gmt":"2024-12-29T11:33:17","guid":{"rendered":"https:\/\/arantv.az\/?p=777903"},"modified":"2024-12-29T15:33:17","modified_gmt":"2024-12-29T11:33:17","slug":"996-kilometrd%c9%99n-c%c9%99mi-13-u","status":"publish","type":"post","link":"https:\/\/arantv.az\/?p=777903","title":{"rendered":"996 kilometrd\u0259n c\u0259mi 13-\u00fc&#8230;"},"content":{"rendered":"<h3><em><strong>Pa\u015finyan\u0131n 2024-c\u00fc ild\u0259 s\u00fclh sazi\u015fi il\u0259 ba\u011fl\u0131 siyas\u0259ti \u201cevi yanan yalan\u00e7\u0131\u201d deyimini yada sald\u0131&#8230;<\/strong><\/em><\/h3>\n<p><strong>B\u00fct\u00f6v bir il \u00fc\u00e7\u00fcn siyasi proqnozlar yazmaq- \u00fcst\u0259lik, s\u00f6hb\u0259t Erm\u0259nistan\u0131n s\u00fcr\u00fc\u015fk\u0259n hakimiyy\u0259tinin s\u00fclh sazi\u015find\u0259n ged\u0259rs\u0259-ciddi i\u015f say\u0131lmaz. 2024-c\u00fc ilin yanvar\u0131nda \u201cErm\u0259stanla 2024-d\u0259 s\u00fclh sazi\u015fi olmayacaq\u201d yazd\u0131\u011f\u0131m\u0131z\u0131 (https:\/\/www.musavat.com\/news\/2024-de-sulh-sazisi-olmayacaq-si-vis-pacem-para-bellum_1036863.html) ilin yekunda xat\u0131rlatma\u011f\u0131n s\u0259b\u0259bi ba\u015fqad\u0131r.<\/strong><\/p>\n<p>\u018fvv\u0259la, 2024-c\u00fc ilin yekunlar\u0131na n\u0259z\u0259r yetir\u0259rk\u0259n, bir daha t\u0259sdiql\u0259ndi ki, ba\u015f nazir Nikol Pa\u015finyan Erm\u0259nistan\u0131n g\u0259l\u0259c\u0259k taleyin\u0259 olsa-olsa, saqqal\u0131 kimi bax\u0131r, y\u0259ni ist\u0259diyi vaxt \u201ck\u0259sib atma\u011fa\u201d, ya da \u201cuzatma\u011fa\u201d haz\u0131rd\u0131r. Erm\u0259nistan\u0131n Konstitusiyas\u0131nda v\u0259 dig\u0259r normativ h\u00fcquqi aktlar\u0131nda Az\u0259rbaycana qar\u015f\u0131 \u0259razi iddialar\u0131n\u0131 ehtiva ed\u0259n m\u00fcdd\u0259alar\u0131n d\u0259yi\u015fdirilm\u0259si istiqam\u0259tind\u0259 il \u0259rzind\u0259 \u0259n m\u00fcxt\u0259lif b\u0259yanatlar verildi, bug\u00fcnl\u0259rd\u0259 is\u0259 bundan \u00fcmumiyy\u0259tl\u0259 imtina etdi.<\/p>\n<p><img loading=\"lazy\" src=\"https:\/\/cdn.musavat.com\/news\/thumbnails\/df80901485ba552ab112f89738a4d602.jpg\" alt=\"eb045992b952013de200712045e32442.jpeg (69 KB)\" width=\"700\" height=\"470\" \/><\/p>\n<p>\u0130kincisi, bir ild\u0259 d\u0259f\u0259l\u0259rl\u0259 \u201cbir aya s\u0259n\u0259di imzalayaram\u201d, \u201cd\u0259rhal buna haz\u0131ram\u201d kimi qeyri-ciddi, arxas\u0131nda \u0259m\u0259l olmayan b\u0259yanatlarla s\u00fclh sazi\u015fini b\u0259lk\u0259 d\u0259 q\u0259sd\u0259n g\u00f6zd\u0259n sald\u0131, m\u00f6vzunun ciddiliyin\u0259 bel\u0259 m\u00fcnasib\u0259tl\u0259 x\u0259l\u0259l g\u0259tirdi. Pa\u015finyan s\u00fclh sazi\u015fi il\u0259 ba\u011fl\u0131 builki siyas\u0259ti \u201cevi yanan yalan\u00e7\u0131\u201d deyimin\u0259 yax\u0131n oldu. Bu s\u0259b\u0259bd\u0259n h\u0259m y\u00fcks\u0259k, h\u0259m xarici i\u015fl\u0259r nazirl\u0259ri s\u0259viyy\u0259sind\u0259 dan\u0131\u015f\u0131qlarda yekun n\u0259tic\u0259 olmad\u0131.<\/p>\n<p>Qazax rayonunun 4 k\u0259ndinin &#8211; Ba\u011fan\u0131s Ayr\u0131m, A\u015fa\u011f\u0131 \u018fskipara, Xeyr\u0131ml\u0131 v\u0259 Q\u0131z\u0131lhac\u0131l\u0131 k\u0259ndl\u0259rinin 32 illik i\u015f\u011faldan sonra Az\u0259rbaycana geri qaytar\u0131lmas\u0131 \u0259lb\u0259tt\u0259, ilin u\u011furlar\u0131 s\u0131ras\u0131ndad\u0131r ki, bunu da \u0130r\u0259van \u00f6zba\u015f\u0131na, daha d\u0259qiqi xo\u015fluqla etm\u0259di. Delimitasiya komissiyalar\u0131n\u0131n raz\u0131la\u015fmas\u0131 \u0259sas\u0131nda 12,7 kilometr uzunlu\u011funda s\u0259rh\u0259d x\u0259tti m\u00fc\u0259yy\u0259n edildi v\u0259 4 k\u0259nd Az\u0259rbaycan\u0131n n\u0259zar\u0259tin\u0259 qaytar\u0131ld\u0131. Az\u0259rbaycan Xarici \u0130\u015fl\u0259r Nazirliyinin hesabat\u0131nda da m\u0259hz k\u0259ndl\u0259rin qaytar\u0131lmas\u0131 ilin m\u00fcsb\u0259t n\u0259tic\u0259si kimi qeyd edilib. Bildirilir ki, 4 k\u0259ndin Az\u0259rbaycan\u0131n suveren n\u0259zar\u0259tin\u0259 qaytar\u0131lmas\u0131 t\u0259min edilm\u0259kl\u0259, d\u00f6vl\u0259t s\u0259rh\u0259dinin 13 km-\u0259 q\u0259d\u0259r hiss\u0259sinin delimitasiya v\u0259 demarkasiyas\u0131 apar\u0131l\u0131b, h\u0259r iki t\u0259r\u0259fd\u0259n m\u00fcvafiq komissiyalar\u0131n\u0131n \u0259sasnam\u0259l\u0259ri raz\u0131la\u015fd\u0131r\u0131l\u0131b. Az\u0259rbaycanla Erm\u0259nistan aras\u0131nda d\u00f6vl\u0259t s\u0259rh\u0259dinin uzunlu\u011fu 996-la 1007.1 km aras\u0131nda d\u0259yi\u015fdiyini n\u0259z\u0259r\u0259 alsaq, bu prosesin(delimitasiya v\u0259 demarkasiya) h\u0259l\u0259 n\u0259 q\u0259d\u0259r (ne\u00e7\u0259 ill\u0259r!)davam ed\u0259c\u0259yini s\u00f6yl\u0259m\u0259k \u00e7\u0259tindir. Erm\u0259nistan da Avropa Birliyinin k\u0259\u015ffiyyat\u00e7\u0131-m\u00fc\u015fahid\u0259 missiyas\u0131n\u0131 \u0259n m\u00fcxt\u0259lif b\u0259han\u0259l\u0259rl\u0259 daha bir ne\u00e7\u0259 il (fevralda missiyan\u0131n iki illik m\u00fcdd\u0259ti ba\u015fa \u00e7at\u0131r) s\u0259rh\u0259dd\u0259 saxlamaq ist\u0259yir. Onlar\u0131n s\u0259rh\u0259dd\u0259 qald\u0131\u011f\u0131 m\u00fcdd\u0259td\u0259 is\u0259 s\u0259rh\u0259dl\u0259rin m\u00fc\u0259yy\u0259nl\u0259\u015fm\u0259sinin tezlikl\u0259 yekunla\u015faca\u011f\u0131n\u0131 g\u00f6zl\u0259m\u0259k \u0259b\u0259sdir. R\u0259smni Bak\u0131 il \u0259rzind\u0259 A\u0130 m\u00fc\u015fahid\u0259\u00e7il\u0259rinin t\u0259xribat\u00e7\u0131 davran\u0131\u015flar\u0131na etiraz olaraq onlar\u0131n s\u0259rh\u0259dd\u0259n \u00e7\u0131xar\u0131lmas\u0131n\u0131n vacibliyini \u0259n y\u00fcks\u0259k s\u0259viyy\u0259d\u0259 b\u0259yan etdi, amma bel\u0259 anla\u015f\u0131l\u0131r ki, Br\u00fcssel v\u0259 \u0130r\u0259van \u00e7\u0259tin m\u00f6vqeyini d\u0259yi\u015fsin.<\/p>\n<p><img loading=\"lazy\" src=\"https:\/\/cdn.musavat.com\/news\/thumbnails\/e0b6d73ee57cff0263b7ba1e7dbbe44e.jpg\" alt=\"akash.jpeg (66 KB)\" width=\"700\" height=\"471\" \/><\/p>\n<p>Yeri g\u0259lmi\u015fk\u0259n, Z\u0259ng\u0259zur d\u0259hlizi il\u0259 ba\u011fl\u0131 Erm\u0259nistan\u0131n (el\u0259c\u0259 d\u0259 dig\u0259r maraql\u0131 t\u0259r\u0259fl\u0259rin-\u0130ran, Fransa v\u0259 sair\u0259)bu il d\u0259 davam ed\u0259n b\u0259han\u0259l\u0259ri, guya bunu revan\u015fist q\u00fcvv\u0259l\u0259rin \u0259hval-ruhiyy\u0259si il\u0259 izah etm\u0259k c\u0259hdl\u0259ri \u0259lb\u0259tt\u0259 ger\u00e7\u0259k deyil. Pa\u015finyan 2020-ci il noyabr\u0131n 10-da imzalanm\u0131\u015f \u00fc\u00e7t\u0259r\u0259fli b\u0259yanat\u0131n 9-cu b\u0259ndi il\u0259 \u00fcz\u0259rin\u0259 g\u00f6t\u00fcrd\u00fcy\u00fc \u00f6hd\u0259liyi 4 ildir icra etmir. Halbuki, h\u0259min b\u0259ndd\u0259 b\u00f6lg\u0259d\u0259ki b\u00fct\u00fcn iqtisadi v\u0259 n\u0259qliyyat \u0259laq\u0259l\u0259rinin b\u0259rpa edil\u0259c\u0259yi, Erm\u0259nistan t\u0259r\u0259finin v\u0259t\u0259nda\u015flar\u0131n, n\u0259qliyyat vasit\u0259l\u0259rinin v\u0259 y\u00fckl\u0259rin h\u0259r iki istiqam\u0259td\u0259 mane\u0259siz h\u0259r\u0259k\u0259tinin t\u0259\u015fkili m\u0259qs\u0259dil\u0259 Az\u0259rbaycan\u0131n q\u0259rb rayonlar\u0131 v\u0259 Nax\u00e7\u0131van Muxtar Respublikas\u0131 aras\u0131nda n\u0259qliyyat \u0259laq\u0259sinin t\u0259hl\u00fck\u0259sizliyin\u0259 z\u0259man\u0259t ver\u0259c\u0259yi, n\u0259qliyyat \u0259laq\u0259si \u00fczr\u0259 n\u0259zar\u0259ti Rusiyan\u0131n Federal T\u0259hl\u00fck\u0259sizlik Xidm\u0259tinin s\u0259rh\u0259d xidm\u0259tinin orqanlar\u0131n\u0131n h\u0259yata ke\u00e7ir\u0259c\u0259yi a\u00e7\u0131q-ayd\u0131n yaz\u0131l\u0131b. Eyni zamanda, qeyd edilib ki, t\u0259r\u0259fl\u0259rin raz\u0131l\u0131\u011f\u0131 \u0259sas\u0131nda Nax\u00e7\u0131van Muxtar Respublikas\u0131 il\u0259 Az\u0259rbaycan\u0131n q\u0259rb rayonlar\u0131n\u0131 birl\u0259\u015fdir\u0259n yeni n\u0259qliyyat kommunikasiyalar\u0131n\u0131n in\u015fas\u0131 t\u0259min olunacaq.<\/p>\n<p>N\u0259hay\u0259t, Erm\u0259nistan il \u0259rzind\u0259 xarici q\u00fcvv\u0259l\u0259rin birba\u015fa d\u0259st\u0259yi il\u0259 silahlanma siyas\u0259ti h\u0259yat ke\u00e7irm\u0259kl\u0259 regionda t\u0259hl\u00fck\u0259sizliy\u0259 t\u0259hdid yaratd\u0131. \u018fminlikl\u0259 dem\u0259k olar ki, Erm\u0259nistan\u0131n s\u00fcr\u0259tl\u0259 silahlanmas\u0131 regionda normalla\u015fma prosesin\u0259 ciddi mane\u0259 olaraq qalmaqda davam edir.<\/p>\n<p><img loading=\"lazy\" src=\"https:\/\/cdn.musavat.com\/news\/thumbnails\/83d9c33a71e4917c2e03b3078f7a8d48.jpg\" alt=\"c869be5e7cdcf0de073db3f26e4a7975.jpeg (236 KB)\" width=\"700\" height=\"394\" \/><\/p>\n<p>Erm\u0259nistan\u0131n silahlanmas\u0131nda m\u00fch\u00fcm rol oynayan \u00f6lk\u0259l\u0259rd\u0259n biri, \u015f\u00fcbh\u0259siz ki, d\u0259 Fransad\u0131r. Beyn\u0259lxalq arenada \u0130r\u0259van\u0131 tam v\u0259 total, a\u00e7\u0131q \u015f\u0259kild\u0259 d\u0259st\u0259kl\u0259y\u0259n Fransa h\u0259rbi \u0259m\u0259kda\u015fl\u0131\u011f\u0131 f\u0259al \u015f\u0259kild\u0259 geni\u015fl\u0259ndirir. Frans\u0131z \u015firk\u0259tl\u0259ri Erm\u0259nistana at\u0131c\u0131 silahlar v\u0259 k\u0259\u015ffiyyat avadanl\u0131qlar\u0131 t\u0259dar\u00fck edir. Son iki ild\u0259 bu t\u0259dar\u00fckl\u0259rin h\u0259cmi 50 milyon avronu ke\u00e7ib.Son ill\u0259rd\u0259 Erm\u0259nistan\u0131n m\u00fcdafi\u0259 b\u00fcdc\u0259si \u0259h\u0259miyy\u0259tli d\u0259r\u0259c\u0259d\u0259 art\u0131b. \u018fg\u0259r 2023-c\u00fc ild\u0259 bu b\u00fcdc\u0259 1,3 milyard dollar t\u0259\u015fkil edirdis\u0259, 2024-c\u00fc ild\u0259 1,4 milyard dollara y\u00fcks\u0259lib. Bu v\u0259saitl\u0259r ordunun modernl\u0259\u015fdirilm\u0259sin\u0259 v\u0259 yeni silahlar\u0131n al\u0131nmas\u0131na y\u00f6n\u0259ldilir.<\/p>\n<p>Bu kontekstd\u0259 \u0130r\u0259van funksionall\u0131\u011f\u0131n\u0131 itirmi\u015f AT\u018fT-in ke\u00e7mi\u015f Minsk Qrupunun \u201cqulpundan\u201d \u0259l \u00e7\u0259km\u0259di d\u0259.<\/p>\n<p>M\u0259nz\u0259r\u0259 bel\u0259dir v\u0259 g\u0259l\u0259n il d\u0259 s\u00fclh sazi\u015fi \u00fc\u00e7\u00fcn x\u00fcsus optimizm \u00fc\u00e7\u00fcn h\u0259l\u0259 ki, \u0259sas yoxdur. Bu is\u0259 m\u00fcharib\u0259d\u0259 uduzan v\u0259 haz\u0131rda da h\u0259rbi bax\u0131mdan \u0259lveri\u015fsiz m\u00f6vqed\u0259 qalmaqda davam ed\u0259n Erm\u0259nistana yax\u015f\u0131 he\u00e7 n\u0259 v\u0259d etmir&#8230;<\/p>\n","protected":false},"excerpt":{"rendered":"<p>Pa\u015finyan\u0131n 2024-c\u00fc ild\u0259 s\u00fclh sazi\u015fi il\u0259 ba\u011fl\u0131 siyas\u0259ti \u201cevi yanan yalan\u00e7\u0131\u201d deyimini yada sald\u0131&#8230; B\u00fct\u00f6v bir il \u00fc\u00e7\u00fcn siyasi proqnozlar yazmaq- \u00fcst\u0259lik, s\u00f6hb\u0259t Erm\u0259nistan\u0131n s\u00fcr\u00fc\u015fk\u0259n hakimiyy\u0259tinin s\u00fclh sazi\u015find\u0259n ged\u0259rs\u0259-ciddi i\u015f say\u0131lmaz. 2024-c\u00fc ilin yanvar\u0131nda \u201cErm\u0259stanla 2024-d\u0259 s\u00fclh sazi\u015fi olmayacaq\u201d yazd\u0131\u011f\u0131m\u0131z\u0131 (https:\/\/www.musavat.com\/news\/2024-de-sulh-sazisi-olmayacaq-si-vis-pacem-para-bellum_1036863.html) ilin yekunda xat\u0131rlatma\u011f\u0131n s\u0259b\u0259bi ba\u015fqad\u0131r. \u018fvv\u0259la, 2024-c\u00fc ilin yekunlar\u0131na n\u0259z\u0259r yetir\u0259rk\u0259n, bir daha t\u0259sdiql\u0259ndi ki, ba\u015f nazir Nikol Pa\u015finyan Erm\u0259nistan\u0131n g\u0259l\u0259c\u0259k taleyin\u0259 olsa-olsa, saqqal\u0131 kimi bax\u0131r, y\u0259ni ist\u0259diyi vaxt \u201ck\u0259sib atma\u011fa\u201d, ya da \u201cuzatma\u011fa\u201d haz\u0131rd\u0131r. Erm\u0259nistan\u0131n Konstitusiyas\u0131nda v\u0259 dig\u0259r normativ h\u00fcquqi aktlar\u0131nda Az\u0259rbaycana qar\u015f\u0131 \u0259razi iddialar\u0131n\u0131 ehtiva ed\u0259n m\u00fcdd\u0259alar\u0131n&hellip;<\/p>\n","protected":false},"author":2,"featured_media":777904,"comment_status":"closed","ping_status":"closed","sticky":false,"template":"","format":"standard","meta":{"om_disable_all_campaigns":false,"_monsterinsights_skip_tracking":false,"_monsterinsights_sitenote_active":false,"_monsterinsights_sitenote_note":"","_monsterinsights_sitenote_category":0},"categories":[19],"tags":[],"aioseo_notices":[],"gutentor_comment":0,"rttpg_featured_image_url":{"full":["https:\/\/arantv.az\/wp-content\/uploads\/2024\/12\/c2db814a5b1e37ce810a72a905b2205c.jpg",768,403,false],"landscape":["https:\/\/arantv.az\/wp-content\/uploads\/2024\/12\/c2db814a5b1e37ce810a72a905b2205c.jpg",768,403,false],"portraits":["https:\/\/arantv.az\/wp-content\/uploads\/2024\/12\/c2db814a5b1e37ce810a72a905b2205c.jpg",768,403,false],"thumbnail":["https:\/\/arantv.az\/wp-content\/uploads\/2024\/12\/c2db814a5b1e37ce810a72a905b2205c-500x280.jpg",500,280,true],"medium":["https:\/\/arantv.az\/wp-content\/uploads\/2024\/12\/c2db814a5b1e37ce810a72a905b2205c-660x346.jpg",660,346,true],"large":["https:\/\/arantv.az\/wp-content\/uploads\/2024\/12\/c2db814a5b1e37ce810a72a905b2205c.jpg",640,336,false],"1536x1536":["https:\/\/arantv.az\/wp-content\/uploads\/2024\/12\/c2db814a5b1e37ce810a72a905b2205c.jpg",768,403,false],"2048x2048":["https:\/\/arantv.az\/wp-content\/uploads\/2024\/12\/c2db814a5b1e37ce810a72a905b2205c.jpg",768,403,false],"post-thumbnail":["https:\/\/arantv.az\/wp-content\/uploads\/2024\/12\/c2db814a5b1e37ce810a72a905b2205c-240x172.jpg",240,172,true],"advps-thumb-one":["https:\/\/arantv.az\/wp-content\/uploads\/2024\/12\/c2db814a5b1e37ce810a72a905b2205c.jpg",768,403,false]},"rttpg_author":{"display_name":"V\u00fcsal Rafiqo\u011flu","author_link":"https:\/\/arantv.az\/?author=2"},"rttpg_comment":0,"rttpg_category":"<a href=\"https:\/\/arantv.az\/?cat=19\" rel=\"category\">G\u00fcnd\u0259m<\/a>","rttpg_excerpt":"Pa\u015finyan\u0131n 2024-c\u00fc ild\u0259 s\u00fclh sazi\u015fi il\u0259 ba\u011fl\u0131 siyas\u0259ti \u201cevi yanan yalan\u00e7\u0131\u201d deyimini yada sald\u0131&#8230; B\u00fct\u00f6v bir il \u00fc\u00e7\u00fcn siyasi proqnozlar yazmaq- \u00fcst\u0259lik, s\u00f6hb\u0259t Erm\u0259nistan\u0131n s\u00fcr\u00fc\u015fk\u0259n hakimiyy\u0259tinin s\u00fclh sazi\u015find\u0259n ged\u0259rs\u0259-ciddi i\u015f say\u0131lmaz. 2024-c\u00fc ilin yanvar\u0131nda \u201cErm\u0259stanla 2024-d\u0259 s\u00fclh sazi\u015fi olmayacaq\u201d yazd\u0131\u011f\u0131m\u0131z\u0131 (https:\/\/www.musavat.com\/news\/2024-de-sulh-sazisi-olmayacaq-si-vis-pacem-para-bellum_1036863.html) ilin yekunda xat\u0131rlatma\u011f\u0131n s\u0259b\u0259bi ba\u015fqad\u0131r. \u018fvv\u0259la, 2024-c\u00fc ilin yekunlar\u0131na n\u0259z\u0259r yetir\u0259rk\u0259n, bir daha t\u0259sdiql\u0259ndi&hellip;","_links":{"self":[{"href":"https:\/\/arantv.az\/index.php?rest_route=\/wp\/v2\/posts\/777903"}],"collection":[{"href":"https:\/\/arantv.az\/index.php?rest_route=\/wp\/v2\/posts"}],"about":[{"href":"https:\/\/arantv.az\/index.php?rest_route=\/wp\/v2\/types\/post"}],"author":[{"embeddable":true,"href":"https:\/\/arantv.az\/index.php?rest_route=\/wp\/v2\/users\/2"}],"replies":[{"embeddable":true,"href":"https:\/\/arantv.az\/index.php?rest_route=%2Fwp%2Fv2%2Fcomments&post=777903"}],"version-history":[{"count":1,"href":"https:\/\/arantv.az\/index.php?rest_route=\/wp\/v2\/posts\/777903\/revisions"}],"predecessor-version":[{"id":777905,"href":"https:\/\/arantv.az\/index.php?rest_route=\/wp\/v2\/posts\/777903\/revisions\/777905"}],"wp:featuredmedia":[{"embeddable":true,"href":"https:\/\/arantv.az\/index.php?rest_route=\/wp\/v2\/media\/777904"}],"wp:attachment":[{"href":"https:\/\/arantv.az\/index.php?rest_route=%2Fwp%2Fv2%2Fmedia&parent=777903"}],"wp:term":[{"taxonomy":"category","embeddable":true,"href":"https:\/\/arantv.az\/index.php?rest_route=%2Fwp%2Fv2%2Fcategories&post=777903"},{"taxonomy":"post_tag","embeddable":true,"href":"https:\/\/arantv.az\/index.php?rest_route=%2Fwp%2Fv2%2Ftags&post=777903"}],"curies":[{"name":"wp","href":"https:\/\/api.w.org\/{rel}","templated":true}]}}