{"id":778049,"date":"2024-12-29T19:14:36","date_gmt":"2024-12-29T15:14:36","guid":{"rendered":"https:\/\/arantv.az\/?p=778049"},"modified":"2024-12-29T19:14:36","modified_gmt":"2024-12-29T15:14:36","slug":"lukasenko-az%c9%99rbaycan-prezidentin%c9%99-bassagligi-verdi","status":"publish","type":"post","link":"https:\/\/arantv.az\/?p=778049","title":{"rendered":"Luka\u015fenko Az\u0259rbaycan Prezidentin\u0259 ba\u015fsa\u011fl\u0131\u011f\u0131 verdi"},"content":{"rendered":"<p><strong>Belarus Prezidenti Aleksandr Luka\u015fenko t\u0259yyar\u0259 q\u0259zas\u0131 il\u0259 ba\u011fl\u0131 Az\u0259rbaycan Prezidenti \u0130lham \u018fliyev\u0259 ba\u015fsa\u011fl\u0131\u011f\u0131 m\u0259ktubu \u00fcnvanlay\u0131b.<\/strong><\/p>\n<p><strong>ARANTV.AZ <\/strong>\u00a0x\u0259b\u0259r verir ki, ba\u015fsa\u011fl\u0131\u011f\u0131nda deyilir:<\/p>\n<p>&#8220;\u018fziz \u0130lham Heyd\u0259r o\u011flu. \u201cAZAL\u201d avia\u015firk\u0259tin\u0259 m\u0259xsus s\u0259rni\u015fin t\u0259yyar\u0259sinin Qazax\u0131stan\u0131n Aktau \u015f\u0259h\u0259ri yax\u0131nl\u0131\u011f\u0131nda q\u0259zaya u\u011framas\u0131 n\u0259tic\u0259sind\u0259 insanlar\u0131n faci\u0259vi \u015f\u0259kild\u0259 h\u0259lak olmas\u0131 x\u0259b\u0259rini Belarus Respublikas\u0131nda d\u0259rin h\u00fczn v\u0259 k\u0259d\u0259rl\u0259 qar\u015f\u0131lad\u0131lar.<\/p>\n<p>Belaruslular Az\u0259rbaycan xalq\u0131na \u00fcz vermi\u015f f\u0259lak\u0259tin a\u011fr\u0131-ac\u0131s\u0131n\u0131 v\u0259 \u0259v\u0259zolunmaz itkinin k\u0259d\u0259rini b\u00f6l\u00fc\u015f\u00fcrl\u0259r.<\/p>\n<p>H\u00f6rm\u0259tli \u0130lham Heyd\u0259r o\u011flu, bel\u0259 bir a\u011f\u0131r vaxtda Siz\u0259, h\u0259lak olanlar\u0131n do\u011fmalar\u0131na v\u0259 yax\u0131nlar\u0131na s\u0259mimi d\u0259st\u0259k s\u00f6zl\u0259rimi q\u0259bul etm\u0259yinizi xahi\u015f edir, x\u0259sar\u0259t alanlara is\u0259 tezlikl\u0259 sa\u011falmalar\u0131n\u0131 arzulay\u0131ram&#8221;.<\/p>\n","protected":false},"excerpt":{"rendered":"<p>Belarus Prezidenti Aleksandr Luka\u015fenko t\u0259yyar\u0259 q\u0259zas\u0131 il\u0259 ba\u011fl\u0131 Az\u0259rbaycan Prezidenti \u0130lham \u018fliyev\u0259 ba\u015fsa\u011fl\u0131\u011f\u0131 m\u0259ktubu \u00fcnvanlay\u0131b. ARANTV.AZ \u00a0x\u0259b\u0259r verir ki, ba\u015fsa\u011fl\u0131\u011f\u0131nda deyilir: &#8220;\u018fziz \u0130lham Heyd\u0259r o\u011flu. \u201cAZAL\u201d avia\u015firk\u0259tin\u0259 m\u0259xsus s\u0259rni\u015fin t\u0259yyar\u0259sinin Qazax\u0131stan\u0131n Aktau \u015f\u0259h\u0259ri yax\u0131nl\u0131\u011f\u0131nda q\u0259zaya u\u011framas\u0131 n\u0259tic\u0259sind\u0259 insanlar\u0131n faci\u0259vi \u015f\u0259kild\u0259 h\u0259lak olmas\u0131 x\u0259b\u0259rini Belarus Respublikas\u0131nda d\u0259rin h\u00fczn v\u0259 k\u0259d\u0259rl\u0259 qar\u015f\u0131lad\u0131lar. Belaruslular Az\u0259rbaycan xalq\u0131na \u00fcz vermi\u015f f\u0259lak\u0259tin a\u011fr\u0131-ac\u0131s\u0131n\u0131 v\u0259 \u0259v\u0259zolunmaz itkinin k\u0259d\u0259rini b\u00f6l\u00fc\u015f\u00fcrl\u0259r. H\u00f6rm\u0259tli \u0130lham Heyd\u0259r o\u011flu, bel\u0259 bir a\u011f\u0131r vaxtda Siz\u0259, h\u0259lak olanlar\u0131n do\u011fmalar\u0131na v\u0259 yax\u0131nlar\u0131na s\u0259mimi d\u0259st\u0259k s\u00f6zl\u0259rimi q\u0259bul etm\u0259yinizi xahi\u015f edir, x\u0259sar\u0259t alanlara is\u0259 tezlikl\u0259 sa\u011falmalar\u0131n\u0131 arzulay\u0131ram&#8221;.<\/p>\n","protected":false},"author":2,"featured_media":778050,"comment_status":"closed","ping_status":"closed","sticky":false,"template":"","format":"standard","meta":{"om_disable_all_campaigns":false,"_monsterinsights_skip_tracking":false,"_monsterinsights_sitenote_active":false,"_monsterinsights_sitenote_note":"","_monsterinsights_sitenote_category":0},"categories":[4],"tags":[],"aioseo_notices":[],"gutentor_comment":0,"rttpg_featured_image_url":{"full":["https:\/\/arantv.az\/wp-content\/uploads\/2024\/12\/c1bf8e63c8c79322d2a88d889d871add.jpg",850,500,false],"landscape":["https:\/\/arantv.az\/wp-content\/uploads\/2024\/12\/c1bf8e63c8c79322d2a88d889d871add.jpg",850,500,false],"portraits":["https:\/\/arantv.az\/wp-content\/uploads\/2024\/12\/c1bf8e63c8c79322d2a88d889d871add.jpg",850,500,false],"thumbnail":["https:\/\/arantv.az\/wp-content\/uploads\/2024\/12\/c1bf8e63c8c79322d2a88d889d871add-500x280.jpg",500,280,true],"medium":["https:\/\/arantv.az\/wp-content\/uploads\/2024\/12\/c1bf8e63c8c79322d2a88d889d871add-621x365.jpg",621,365,true],"large":["https:\/\/arantv.az\/wp-content\/uploads\/2024\/12\/c1bf8e63c8c79322d2a88d889d871add-840x494.jpg",640,376,true],"1536x1536":["https:\/\/arantv.az\/wp-content\/uploads\/2024\/12\/c1bf8e63c8c79322d2a88d889d871add.jpg",850,500,false],"2048x2048":["https:\/\/arantv.az\/wp-content\/uploads\/2024\/12\/c1bf8e63c8c79322d2a88d889d871add.jpg",850,500,false],"post-thumbnail":["https:\/\/arantv.az\/wp-content\/uploads\/2024\/12\/c1bf8e63c8c79322d2a88d889d871add-240x172.jpg",240,172,true],"advps-thumb-one":["https:\/\/arantv.az\/wp-content\/uploads\/2024\/12\/c1bf8e63c8c79322d2a88d889d871add.jpg",850,500,false]},"rttpg_author":{"display_name":"V\u00fcsal Rafiqo\u011flu","author_link":"https:\/\/arantv.az\/?author=2"},"rttpg_comment":0,"rttpg_category":"<a href=\"https:\/\/arantv.az\/?cat=4\" rel=\"category\">Siyas\u0259t<\/a>","rttpg_excerpt":"Belarus Prezidenti Aleksandr Luka\u015fenko t\u0259yyar\u0259 q\u0259zas\u0131 il\u0259 ba\u011fl\u0131 Az\u0259rbaycan Prezidenti \u0130lham \u018fliyev\u0259 ba\u015fsa\u011fl\u0131\u011f\u0131 m\u0259ktubu \u00fcnvanlay\u0131b. ARANTV.AZ \u00a0x\u0259b\u0259r verir ki, ba\u015fsa\u011fl\u0131\u011f\u0131nda deyilir: &#8220;\u018fziz \u0130lham Heyd\u0259r o\u011flu. \u201cAZAL\u201d avia\u015firk\u0259tin\u0259 m\u0259xsus s\u0259rni\u015fin t\u0259yyar\u0259sinin Qazax\u0131stan\u0131n Aktau \u015f\u0259h\u0259ri yax\u0131nl\u0131\u011f\u0131nda q\u0259zaya u\u011framas\u0131 n\u0259tic\u0259sind\u0259 insanlar\u0131n faci\u0259vi \u015f\u0259kild\u0259 h\u0259lak olmas\u0131 x\u0259b\u0259rini Belarus Respublikas\u0131nda d\u0259rin h\u00fczn v\u0259 k\u0259d\u0259rl\u0259 qar\u015f\u0131lad\u0131lar. Belaruslular Az\u0259rbaycan xalq\u0131na \u00fcz vermi\u015f&hellip;","_links":{"self":[{"href":"https:\/\/arantv.az\/index.php?rest_route=\/wp\/v2\/posts\/778049"}],"collection":[{"href":"https:\/\/arantv.az\/index.php?rest_route=\/wp\/v2\/posts"}],"about":[{"href":"https:\/\/arantv.az\/index.php?rest_route=\/wp\/v2\/types\/post"}],"author":[{"embeddable":true,"href":"https:\/\/arantv.az\/index.php?rest_route=\/wp\/v2\/users\/2"}],"replies":[{"embeddable":true,"href":"https:\/\/arantv.az\/index.php?rest_route=%2Fwp%2Fv2%2Fcomments&post=778049"}],"version-history":[{"count":2,"href":"https:\/\/arantv.az\/index.php?rest_route=\/wp\/v2\/posts\/778049\/revisions"}],"predecessor-version":[{"id":778052,"href":"https:\/\/arantv.az\/index.php?rest_route=\/wp\/v2\/posts\/778049\/revisions\/778052"}],"wp:featuredmedia":[{"embeddable":true,"href":"https:\/\/arantv.az\/index.php?rest_route=\/wp\/v2\/media\/778050"}],"wp:attachment":[{"href":"https:\/\/arantv.az\/index.php?rest_route=%2Fwp%2Fv2%2Fmedia&parent=778049"}],"wp:term":[{"taxonomy":"category","embeddable":true,"href":"https:\/\/arantv.az\/index.php?rest_route=%2Fwp%2Fv2%2Fcategories&post=778049"},{"taxonomy":"post_tag","embeddable":true,"href":"https:\/\/arantv.az\/index.php?rest_route=%2Fwp%2Fv2%2Ftags&post=778049"}],"curies":[{"name":"wp","href":"https:\/\/api.w.org\/{rel}","templated":true}]}}