{"id":778053,"date":"2024-12-29T19:15:27","date_gmt":"2024-12-29T15:15:27","guid":{"rendered":"https:\/\/arantv.az\/?p=778053"},"modified":"2024-12-29T19:15:27","modified_gmt":"2024-12-29T15:15:27","slug":"son-ucusdan-son-m%c9%99nzil%c9%99-reportaj","status":"publish","type":"post","link":"https:\/\/arantv.az\/?p=778053","title":{"rendered":"Son u\u00e7u\u015fdan son m\u0259nzil\u0259 &#8211; REPORTAJ"},"content":{"rendered":"<div class=\"text-content\" data-id=\"\" data-url=\"\">\n<p><strong>Bu g\u00fcn Az\u0259rbaycan xalq\u0131 faci\u0259vi t\u0259yyar\u0259 q\u0259zas\u0131nda h\u0259yat\u0131n\u0131 itir\u0259n pilotlar\u0131 v\u0259 t\u0259yyar\u0259 b\u0259l\u0259d\u00e7isini son m\u0259nzil\u0259 yola sald\u0131.<\/strong><\/p>\n<p>\u00d6nc\u0259 Heyd\u0259r \u018fliyev Beyn\u0259lxalq Aeroportunda vida m\u0259rasimi ke\u00e7irildi. M\u0259rhum aviasiya i\u015f\u00e7il\u0259ri hava liman\u0131nda an\u0131ld\u0131lar. Vida m\u0259rasimind\u0259 Az\u0259rbaycan Prezidenti \u0130lham \u018fliyev v\u0259 birinci xan\u0131m Mehriban \u018fliyeva i\u015ftirak edib, ekipaj \u00fczvl\u0259rinin ail\u0259l\u0259rin\u0259 v\u0259 yax\u0131nlar\u0131na ba\u015fsa\u011fl\u0131\u011f\u0131 veribl\u0259r. Daha sonra c\u0259naz\u0259l\u0259r F\u0259xri Xiyabana yola sal\u0131nd\u0131.<\/p>\n<p>C\u0259sar\u0259tli q\u0259rar verib, q\u0259hr\u0259manl\u0131q g\u00f6st\u0259r\u0259r\u0259k onlarla insan\u0131n h\u0259yat\u0131n\u0131 xilas ed\u0259n s\u0259ma \u015fahinl\u0259rini torpa\u011fa tap\u015f\u0131rmaq \u00fc\u00e7\u00fcn.<\/p>\n<p>Ail\u0259 \u00fczvl\u0259ri, i\u015f yolda\u015flar\u0131 soyuq q\u0131\u015f g\u00fcn\u00fcnd\u0259, boz havada g\u00f6z ya\u015flar\u0131 i\u00e7ind\u0259 \u0259zizl\u0259ri il\u0259 son d\u0259f\u0259 vidala\u015fd\u0131lar.<br \/>\nM\u0259zarl\u0131qda Az\u0259rbaycan xalq\u0131n\u0131n tolerantl\u0131\u011f\u0131 n\u00f6vb\u0259ti d\u0259f\u0259 s\u00fcbut olundu. Pravoslav pilotlar \u00fc\u00e7\u00fcn litiya m\u0259rasimi ke\u00e7irildi.<\/p>\n<p>Ekipaj\u0131n h\u0259r \u00fc\u00e7 \u00fczv\u00fc \u00fc\u00e7\u00fcn dualar s\u0259sl\u0259ndi. Kimi az\u0259rbaycanca, kimi rusca. B\u00fct\u00fcn dualar\u0131n m\u0259\u011fzi eyni deyilmi? Ruhu \u015fad olsun!<\/p>\n<p>Bu g\u00fcn F\u0259xri Xiyabanda h\u0259r zamank\u0131 kimi ya\u015f\u0131l deyil, mavi r\u0259ngli uniformal\u0131lar daha \u00e7ox idi. Bir s\u0259maya bax\u0131rd\u0131lar, bir d\u0259 s\u0259maya bir daha qalxmayacaq yolda\u015flar\u0131n\u0131n fotolar\u0131na. \u00dczl\u0259rd\u0259 donuq ifad\u0259, buz tutmu\u015f \u0259ll\u0259rd\u0259 al q\u0131z\u0131lg\u00fcll\u0259r, g\u00f6z ya\u015flar\u0131n\u0131 gizl\u0259tm\u0259y\u0259 \u00e7al\u0131\u015fan pilotlar, st\u00fcardessalar&#8230;Son d\u0259f\u0259 vida etm\u0259k \u00fc\u00e7\u00fcn, son borclar\u0131n\u0131 yerin\u0259 yetirm\u0259k \u00fc\u00e7\u00fcn g\u0259lmi\u015fdil\u0259r.<\/p>\n<p>Vidadan sonra q\u0131sam\u00fcdd\u0259tli d\u0259 olsa, ayaq\u00fcst\u00fc xatir\u0259l\u0259ri payla\u015fma\u011fa macal tapd\u0131lar. Nitqi kimi \u00f6z\u00fc d\u0259 g\u00f6z\u0259l xan\u0131m aviasiya \u00fc\u00e7\u00fcn bu itkinin n\u0259 q\u0259d\u0259r a\u011f\u0131r oldu\u011funu q\u0259h\u0259rl\u0259n\u0259r\u0259k dil\u0259 g\u0259tirdi. Pilotlardan biri &#8220;\u00d6z\u00fcn\u00fcz\u00fc \u0259l\u0259 al\u0131n, biz bir ail\u0259yik!&#8221; dedi v\u0259 yollar\u0131na davam etdil\u0259r.<\/p>\n<p><strong>Siz bizim d\u0259 ail\u0259mizsiniz, \u0259ziz pilot!<\/strong><\/p>\n<p>\u0130qor K\u015fnyakin, Aleksandr Kalyaninov, H\u00f6k\u00fcm\u0259 \u018fliyeva art\u0131q bizim d\u0259 ail\u0259mizin \u00fczv\u00fcd\u00fcrl\u0259r. Bunu F\u0259xri Xiyabandak\u0131 izdiham da s\u00fcbut edirdi. Tan\u0131yan, tan\u0131mayan h\u0259r k\u0259s &#8220;Onlar bizim q\u0259hr\u0259man\u0131m\u0131zd\u0131r&#8221; deyirdi.<br \/>\nBir ara qula\u011f\u0131m\u0131za alq\u0131\u015f s\u0259sl\u0259ri g\u0259ldi. T\u0259yyar\u0259 \u0259n\u0259n\u0259si-u\u011furlu eni\u015f zaman\u0131 s\u0259rni\u015finl\u0259r \u0259l \u00e7al\u0131rlar. Bu d\u0259f\u0259 is\u0259 alq\u0131\u015flar son u\u00e7u\u015fda s\u0259rni\u015finl\u0259ri xilas edib \u00f6zl\u0259ri is\u0259 haqq d\u00fcnyas\u0131na qovu\u015fan, son m\u0259nzil\u0259 yola sal\u0131nan \u0130qor, Aleksandr v\u0259 H\u00f6k\u00fcm\u0259 \u00fc\u00e7\u00fcn idi.<\/p>\n<p>H\u00f6k\u00fcm\u0259nin qarda\u015f\u0131 is\u0259 bac\u0131s\u0131n\u0131n m\u0259zar\u0131 ba\u015f\u0131nda ard-arda eyni c\u00fcml\u0259ni i\u015fl\u0259tdi: &#8220;Bac\u0131mla f\u0259xr edin!&#8221;<br \/>\nAz\u0259rbaycan xalq\u0131 v\u0259 d\u00f6vl\u0259ti q\u0259hr\u0259man pilotlar\u0131 v\u0259 st\u00fcardessas\u0131 il\u0259 f\u0259xr edir! Az\u0259rbaycan Milli Q\u0259hr\u0259manlar\u0131 il\u0259 f\u0259xr edir!<\/p>\n<p>Allah r\u0259hm\u0259t el\u0259sin!<\/p>\n<p><iframe loading=\"lazy\" id=\"telegram-post-TVmusavat-104721\" src=\"https:\/\/t.me\/TVmusavat\/104721?embed=1\" width=\"100%\" height=\"\" frameborder=\"0\" scrolling=\"no\" data-mce-fragment=\"1\"><\/iframe><\/p>\n<p><strong>Nigar H\u018fS\u018fNL\u0130,<\/strong><br \/>\n<strong>29 dekabr 2024-c\u00fc il<\/strong><br \/>\n<strong>F\u0259xri Xiyaban<\/strong><br \/>\n<strong>Musavat.com<\/strong><\/p>\n<\/div>\n<div>\n<div class=\"form-group\"><img class=\"img-responsive\" src=\"https:\/\/cdn.musavat.com\/news\/images\/GUGU\/Untitled%20%281%29-16.jpg\" \/><\/div>\n<div class=\"form-group\"><img class=\"img-responsive\" src=\"https:\/\/cdn.musavat.com\/news\/images\/GUGU\/Untitled%20%282%29-19.jpg\" \/><\/div>\n<div class=\"form-group\"><img class=\"img-responsive\" src=\"https:\/\/cdn.musavat.com\/news\/images\/GUGU\/Untitled%20%283%29-17.jpg\" \/><\/div>\n<div class=\"form-group\"><img class=\"img-responsive\" src=\"https:\/\/cdn.musavat.com\/news\/images\/GUGU\/Untitled%20%284%29-14.jpg\" \/><\/div>\n<div class=\"form-group\"><img class=\"img-responsive\" src=\"https:\/\/cdn.musavat.com\/news\/images\/GUGU\/Untitled%20%286%29-15.jpg\" \/><\/div>\n<div class=\"form-group\"><img class=\"img-responsive\" src=\"https:\/\/cdn.musavat.com\/news\/images\/GUGU\/Untitled-12.jpg\" \/><\/div>\n<\/div>\n","protected":false},"excerpt":{"rendered":"<p>Bu g\u00fcn Az\u0259rbaycan xalq\u0131 faci\u0259vi t\u0259yyar\u0259 q\u0259zas\u0131nda h\u0259yat\u0131n\u0131 itir\u0259n pilotlar\u0131 v\u0259 t\u0259yyar\u0259 b\u0259l\u0259d\u00e7isini son m\u0259nzil\u0259 yola sald\u0131. \u00d6nc\u0259 Heyd\u0259r \u018fliyev Beyn\u0259lxalq Aeroportunda vida m\u0259rasimi ke\u00e7irildi. M\u0259rhum aviasiya i\u015f\u00e7il\u0259ri hava liman\u0131nda an\u0131ld\u0131lar. Vida m\u0259rasimind\u0259 Az\u0259rbaycan Prezidenti \u0130lham \u018fliyev v\u0259 birinci xan\u0131m Mehriban \u018fliyeva i\u015ftirak edib, ekipaj \u00fczvl\u0259rinin ail\u0259l\u0259rin\u0259 v\u0259 yax\u0131nlar\u0131na ba\u015fsa\u011fl\u0131\u011f\u0131 veribl\u0259r. Daha sonra c\u0259naz\u0259l\u0259r F\u0259xri Xiyabana yola sal\u0131nd\u0131. C\u0259sar\u0259tli q\u0259rar verib, q\u0259hr\u0259manl\u0131q g\u00f6st\u0259r\u0259r\u0259k onlarla insan\u0131n h\u0259yat\u0131n\u0131 xilas ed\u0259n s\u0259ma \u015fahinl\u0259rini torpa\u011fa tap\u015f\u0131rmaq \u00fc\u00e7\u00fcn. Ail\u0259 \u00fczvl\u0259ri, i\u015f yolda\u015flar\u0131 soyuq q\u0131\u015f g\u00fcn\u00fcnd\u0259, boz havada g\u00f6z ya\u015flar\u0131 i\u00e7ind\u0259 \u0259zizl\u0259ri il\u0259 son d\u0259f\u0259 vidala\u015fd\u0131lar.&hellip;<\/p>\n","protected":false},"author":2,"featured_media":778054,"comment_status":"closed","ping_status":"closed","sticky":false,"template":"","format":"standard","meta":{"om_disable_all_campaigns":false,"_monsterinsights_skip_tracking":false,"_monsterinsights_sitenote_active":false,"_monsterinsights_sitenote_note":"","_monsterinsights_sitenote_category":0},"categories":[1],"tags":[],"aioseo_notices":[],"gutentor_comment":0,"rttpg_featured_image_url":{"full":["https:\/\/arantv.az\/wp-content\/uploads\/2024\/12\/82674ee6317554b962cf3d06aecc409f.jpg",870,500,false],"landscape":["https:\/\/arantv.az\/wp-content\/uploads\/2024\/12\/82674ee6317554b962cf3d06aecc409f.jpg",870,500,false],"portraits":["https:\/\/arantv.az\/wp-content\/uploads\/2024\/12\/82674ee6317554b962cf3d06aecc409f.jpg",870,500,false],"thumbnail":["https:\/\/arantv.az\/wp-content\/uploads\/2024\/12\/82674ee6317554b962cf3d06aecc409f-500x280.jpg",500,280,true],"medium":["https:\/\/arantv.az\/wp-content\/uploads\/2024\/12\/82674ee6317554b962cf3d06aecc409f-635x365.jpg",635,365,true],"large":["https:\/\/arantv.az\/wp-content\/uploads\/2024\/12\/82674ee6317554b962cf3d06aecc409f-840x483.jpg",640,368,true],"1536x1536":["https:\/\/arantv.az\/wp-content\/uploads\/2024\/12\/82674ee6317554b962cf3d06aecc409f.jpg",870,500,false],"2048x2048":["https:\/\/arantv.az\/wp-content\/uploads\/2024\/12\/82674ee6317554b962cf3d06aecc409f.jpg",870,500,false],"post-thumbnail":["https:\/\/arantv.az\/wp-content\/uploads\/2024\/12\/82674ee6317554b962cf3d06aecc409f-240x172.jpg",240,172,true],"advps-thumb-one":["https:\/\/arantv.az\/wp-content\/uploads\/2024\/12\/82674ee6317554b962cf3d06aecc409f.jpg",870,500,false]},"rttpg_author":{"display_name":"V\u00fcsal Rafiqo\u011flu","author_link":"https:\/\/arantv.az\/?author=2"},"rttpg_comment":0,"rttpg_category":"<a href=\"https:\/\/arantv.az\/?cat=1\" rel=\"category\">C\u0259miyy\u0259t<\/a>","rttpg_excerpt":"Bu g\u00fcn Az\u0259rbaycan xalq\u0131 faci\u0259vi t\u0259yyar\u0259 q\u0259zas\u0131nda h\u0259yat\u0131n\u0131 itir\u0259n pilotlar\u0131 v\u0259 t\u0259yyar\u0259 b\u0259l\u0259d\u00e7isini son m\u0259nzil\u0259 yola sald\u0131. \u00d6nc\u0259 Heyd\u0259r \u018fliyev Beyn\u0259lxalq Aeroportunda vida m\u0259rasimi ke\u00e7irildi. M\u0259rhum aviasiya i\u015f\u00e7il\u0259ri hava liman\u0131nda an\u0131ld\u0131lar. Vida m\u0259rasimind\u0259 Az\u0259rbaycan Prezidenti \u0130lham \u018fliyev v\u0259 birinci xan\u0131m Mehriban \u018fliyeva i\u015ftirak edib, ekipaj \u00fczvl\u0259rinin ail\u0259l\u0259rin\u0259 v\u0259 yax\u0131nlar\u0131na ba\u015fsa\u011fl\u0131\u011f\u0131 veribl\u0259r. Daha sonra c\u0259naz\u0259l\u0259r F\u0259xri&hellip;","_links":{"self":[{"href":"https:\/\/arantv.az\/index.php?rest_route=\/wp\/v2\/posts\/778053"}],"collection":[{"href":"https:\/\/arantv.az\/index.php?rest_route=\/wp\/v2\/posts"}],"about":[{"href":"https:\/\/arantv.az\/index.php?rest_route=\/wp\/v2\/types\/post"}],"author":[{"embeddable":true,"href":"https:\/\/arantv.az\/index.php?rest_route=\/wp\/v2\/users\/2"}],"replies":[{"embeddable":true,"href":"https:\/\/arantv.az\/index.php?rest_route=%2Fwp%2Fv2%2Fcomments&post=778053"}],"version-history":[{"count":1,"href":"https:\/\/arantv.az\/index.php?rest_route=\/wp\/v2\/posts\/778053\/revisions"}],"predecessor-version":[{"id":778055,"href":"https:\/\/arantv.az\/index.php?rest_route=\/wp\/v2\/posts\/778053\/revisions\/778055"}],"wp:featuredmedia":[{"embeddable":true,"href":"https:\/\/arantv.az\/index.php?rest_route=\/wp\/v2\/media\/778054"}],"wp:attachment":[{"href":"https:\/\/arantv.az\/index.php?rest_route=%2Fwp%2Fv2%2Fmedia&parent=778053"}],"wp:term":[{"taxonomy":"category","embeddable":true,"href":"https:\/\/arantv.az\/index.php?rest_route=%2Fwp%2Fv2%2Fcategories&post=778053"},{"taxonomy":"post_tag","embeddable":true,"href":"https:\/\/arantv.az\/index.php?rest_route=%2Fwp%2Fv2%2Ftags&post=778053"}],"curies":[{"name":"wp","href":"https:\/\/api.w.org\/{rel}","templated":true}]}}