{"id":778061,"date":"2024-12-29T20:36:48","date_gmt":"2024-12-29T16:36:48","guid":{"rendered":"https:\/\/arantv.az\/?p=778061"},"modified":"2024-12-29T20:36:48","modified_gmt":"2024-12-29T16:36:48","slug":"abs-v%c9%99-q%c9%99rb-qafqazin-enerji-marsrutlarini-%c9%99l%c9%99-kecirm%c9%99y%c9%99-calisir-rusiya-is%c9%99-gurcustana-qosun-yeritm%c9%99k-b%c9%99han%c9%99si-axtarir","status":"publish","type":"post","link":"https:\/\/arantv.az\/?p=778061","title":{"rendered":"AB\u015e v\u0259 Q\u0259rb Qafqaz\u0131n enerji mar\u015frutlar\u0131n\u0131 \u0259l\u0259 ke\u00e7irm\u0259y\u0259 \u00e7al\u0131\u015f\u0131r: Rusiya is\u0259 G\u00fcrc\u00fcstana qo\u015fun yeritm\u0259k b\u0259han\u0259si axtar\u0131r"},"content":{"rendered":"<h3><strong>Rusiya G\u00fcrc\u00fcstana qo\u015fun yerid\u0259rs\u0259, C\u0259nubi Qafqazda geopolitik maraqlar\u0131 olan \u00f6lk\u0259l\u0259r aras\u0131nda q\u00fcvv\u0259l\u0259r balans\u0131n\u0131n ciddi \u015f\u0259kild\u0259 pozulaca\u011f\u0131 \u015f\u00fcbh\u0259 do\u011furmur v\u0259 x\u00fcsusil\u0259 d\u0259, T\u00fcrkiy\u0259nin Kremlin h\u0259rbi radikalizmin\u0259 s\u0259rt reaksiya verm\u0259 ehtimal\u0131 m\u00f6vcuddur&#8230; Eyni zamanda, AB\u015e v\u0259 Q\u0259rbin d\u0259 m\u00fcxt\u0259lif beyn\u0259lxalq mexanizml\u0259r \u00fcz\u0259rind\u0259n G\u00fcrc\u00fcstanda ba\u015f ver\u0259nl\u0259r\u0259 m\u00fcdaxil\u0259 ed\u0259c\u0259yi istisna deyil, bu, C\u0259nubi Qafqaz\u0131n b\u00f6y\u00fck g\u00fccl\u0259r aras\u0131nda h\u0259rbi-siyasi toqqu\u015fma m\u0259kan\u0131na \u00e7evrilm\u0259 t\u0259hl\u00fck\u0259sind\u0259n x\u0259b\u0259r verir&#8230;<\/strong><\/h3>\n<p><em><strong>C\u0259nubi Qafqaz u\u011frunda m\u00fcbariz\u0259 art\u0131q amans\u0131z v\u0259 geriy\u0259 d\u00f6nm\u0259z xarakter alma\u011fa ba\u015flay\u0131b. Erm\u0259nistan\u0131 &#8220;geopolitik m\u00fcst\u0259ml\u0259k\u0259&#8221;y\u0259 \u00e7evirmi\u015f AB\u015e, Avropa Birliyi v\u0259 Fransa indi G\u00fcrc\u00fcstan\u0131 n\u00f6vb\u0259ti h\u0259d\u0259f olaraq, se\u00e7ib. Q\u0259rb siyasi dair\u0259l\u0259ri hesab edirl\u0259r ki, bu h\u0259d\u0259f\u0259 \u00e7at\u0131laca\u011f\u0131 t\u0259qdird\u0259, C\u0259nubi Qafqazda q\u00fcvv\u0259l\u0259r nisb\u0259ti ciddi \u015f\u0259kild\u0259 d\u0259yi\u015fmi\u015f olacaq. V\u0259 bu regionun n\u0259zar\u0259t\u0259 al\u0131nmas\u0131 il\u0259 proses b\u00f6y\u00fck \u00f6l\u00e7\u00fcd\u0259 t\u0259min edil\u0259c\u0259k.<\/strong><\/em><\/p>\n<p>Ona g\u00f6r\u0259 d\u0259, hesab etm\u0259k olar ki, haz\u0131rda G\u00fcrc\u00fcstanda c\u0259r\u0259yan ed\u0259n daxili prosesl\u0259r yaln\u0131z bu \u00f6lk\u0259nin g\u0259l\u0259c\u0259k taleyi deyil, \u00fcmumiyy\u0259tl\u0259, C\u0259nubi Qafqaz regionu \u00fc\u00e7\u00fcn b\u00f6y\u00fck \u00f6n\u0259m da\u015f\u0131y\u0131r. \u00dcst\u0259lik, haz\u0131rda G\u00fcrc\u00fcstanda c\u0259r\u0259yan ed\u0259n \u00f6lk\u0259daxili siyasi-ictimai prosesl\u0259r t\u0259dric\u0259n kuliminasiya m\u0259rh\u0259l\u0259sin\u0259 yax\u0131nla\u015f\u0131r. V\u0259 bu \u00f6lk\u0259d\u0259 yeni prezidentin \u00f6z s\u0259lahiyy\u0259tl\u0259rinin icras\u0131na ba\u015flamas\u0131ndan sonra yaranacaq situasiya bir \u00e7ox suallara cavab tap\u0131lmas\u0131na imkan ver\u0259 bil\u0259r.<\/p>\n<p><img loading=\"lazy\" src=\"https:\/\/cdn.musavat.com\/news\/thumbnails\/981b1e948ed012bff11ac2fd3acfb5f5.jpg\" alt=\"3cfdf79169fe3168f3eac23ab8a4958a.jpg (503 KB)\" width=\"700\" height=\"402\" \/><\/p>\n<p>Onu da qeyd etm\u0259k laz\u0131md\u0131r ki, ke\u00e7mi\u015f prezident Salome Zurabi\u015fvili \u00f6z\u00fcn\u00fc G\u00fcrc\u00fcstanda yegan\u0259 legitim d\u00f6vl\u0259t t\u0259msil\u00e7isi hesab edir. O, prezident saray\u0131n\u0131 t\u0259rk etm\u0259k m\u0259cburiyy\u0259tind\u0259 qalsa da, h\u00fcquqi legitimliyi \u00f6z\u00fc il\u0259 apard\u0131\u011f\u0131n\u0131 bildirib. Eyni zamanda, xalq\u0131 v\u0259 Q\u0259rbin &#8220;qrant agentura \u015f\u0259b\u0259k\u0259si&#8221; olan g\u00fcrc\u00fc m\u00fcxt\u0259lif\u0259tini \u00f6z \u0259traf\u0131nda birl\u0259\u015fm\u0259y\u0259 \u00e7a\u011f\u0131r\u0131b. V\u0259 bu, o dem\u0259kdir ki, Q\u0259rbd\u0259n t\u0259limatlar alan Salome Zurabi\u015fvili G\u00fcrc\u00fcstanda iki hakimiyy\u0259tlilik v\u0259ziyy\u0259ti yaratmaq istiqam\u0259tind\u0259 radikal m\u00fcbariz\u0259 m\u0259rh\u0259l\u0259sin\u0259 haz\u0131rla\u015f\u0131r.<\/p>\n<p>M\u0259s\u0259l\u0259 ondad\u0131r ki, Salome Zurabi\u015fvilinin liderliyi alt\u0131nda bu \u00f6lk\u0259d\u0259 xaosa c\u0259hd g\u00f6st\u0259r\u0259n Q\u0259rb siyasi dair\u0259l\u0259rinin G\u00fcrc\u00fcstana n\u0259zar\u0259t c\u0259hdl\u0259ri \u0259sas\u0259n, C\u0259nubi Qafqazla ba\u011fl\u0131 geosiyasi, enerji resurslar\u0131 v\u0259 regional t\u0259hl\u00fck\u0259sizlik maraqlar\u0131na y\u00f6n\u0259likdir. Bel\u0259 ki, G\u00fcrc\u00fcstan C\u0259nubi Qafqazda Az\u0259rbaycanla birlikd\u0259 Avropa il\u0259 Asiya aras\u0131nda strateji k\u00f6rp\u00fc rolunu oynay\u0131r. V\u0259 bu region Rusiya, T\u00fcrkiy\u0259, \u0130ran v\u0259 Avropa \u0130ttifaq\u0131 aras\u0131nda yerl\u0259\u015fdiyi \u00fc\u00e7\u00fcn AB\u015e v\u0259 Q\u0259rb burada \u00f6z t\u0259sirini art\u0131rmaqla, Rusiyan\u0131 s\u0131x\u0131\u015fd\u0131rmaq niyy\u0259ti g\u00fcd\u00fcr.<\/p>\n<p>Dig\u0259r t\u0259r\u0259fd\u0259n, G\u00fcrc\u00fcstan bu regionda Az\u0259rbaycana aid neft v\u0259 qaz k\u0259m\u0259rl\u0259ri \u00fc\u00e7\u00fcn tranzit \u00f6lk\u0259dir. M\u0259s\u0259l\u0259n, BTC neft k\u0259m\u0259ri v\u0259 C\u0259nub Qaz D\u0259hlizi vasit\u0259sil\u0259 enerji resurslar\u0131n\u0131n Avropaya \u00e7atd\u0131r\u0131lmas\u0131 G\u00fcrc\u00fcstan\u0131n strateji \u00f6n\u0259mini art\u0131r\u0131r. G\u00fcrc\u00fcstan\u0131n NATO-ya yax\u0131nla\u015fd\u0131rmaq c\u0259hdl\u0259ri is\u0259 AB\u015e v\u0259 Q\u0259rbin bu regionda h\u0259rbi-strateji m\u00f6vqel\u0259rini g\u00fccl\u0259ndirm\u0259k m\u0259qs\u0259dini da\u015f\u0131y\u0131r. Bu, h\u0259m Rusiyan\u0131n t\u0259sirini m\u0259hdudla\u015fd\u0131rma\u011fa, h\u0259m d\u0259 Qara d\u0259niz h\u00f6vz\u0259sind\u0259 t\u0259hl\u00fck\u0259sizlik balans\u0131n\u0131 t\u0259min etm\u0259y\u0259 imkan ver\u0259 bil\u0259r.<\/p>\n<p><img loading=\"lazy\" src=\"https:\/\/cdn.musavat.com\/news\/thumbnails\/212378a2e2194d063f328aede22d20bd.jpg\" alt=\"1733083226_0102020205252.jpg (165 KB)\" width=\"700\" height=\"394\" \/><\/p>\n<p>Ona g\u00f6r\u0259 d\u0259, AB\u015e v\u0259 Q\u0259rb &#8220;qrant aventura \u015f\u0259b\u0259k\u0259si&#8221;ni ke\u00e7mi\u015f prezident Salome Zurabi\u015fvilinin liderliyi alt\u0131na yerl\u0259\u015fdirm\u0259kl\u0259, Q\u0259rbin t\u0259limatlar\u0131na ba\u011fl\u0131 hakimiyy\u0259tin formala\u015fd\u0131r\u0131lmas\u0131na c\u0259hd g\u00f6st\u0259rir. Buna nail olunarsa, AB\u015e v\u0259 Q\u0259rb G\u00fcrc\u00fcstandan ke\u00e7\u0259n regional enerji v\u0259 n\u0259qliyyat mar\u015frutlar\u0131na tam n\u0259zar\u0259t \u015fans\u0131 qazana bil\u0259r. V\u0259 bu, h\u0259m G\u00fcrc\u00fcstan\u0131n suverenliyini, h\u0259m d\u0259 C\u0259nubi Qafqaz\u0131n iqtisadi inki\u015faf perspektivl\u0259rini t\u0259hdid ed\u0259 bil\u0259c\u0259k t\u0259hl\u00fck\u0259li faktordur.<\/p>\n<p>T\u0259bii ki, Salome Zurabi\u015fvilinin AB\u015e v\u0259 Q\u0259rbin t\u0259limatlar\u0131 il\u0259 h\u0259r\u0259k\u0259t etm\u0259si v\u0259 onun qanuna zidd davran\u0131\u015flar\u0131n\u0131 G\u00fcrc\u00fcstanda h\u0259m siyasi g\u0259rginliyi art\u0131r\u0131r, h\u0259m d\u0259 iki hakimiyy\u0259tlilik v\u0259ziyy\u0259ti yarada bil\u0259r. Bu is\u0259 \u00f6z n\u00f6vb\u0259sind\u0259 G\u00fcrc\u00fcstanda d\u00f6vl\u0259t idar\u0259etm\u0259 sisteminin par\u00e7alanmas\u0131 dem\u0259kdir. Ard\u0131nca is\u0259 \u00f6lk\u0259daxili siyasi xaos v\u0259 ictimai b\u00f6htan qa\u00e7\u0131lmaz ola bil\u0259r. V\u0259 G\u00fcrc\u00fcstanda h\u00fcquqi legitimlik qar\u015f\u0131durmas\u0131n\u0131n son n\u0259tic\u0259d\u0259 \u0259hali aras\u0131nda siyasi q\u00fctbl\u0259\u015fm\u0259y\u0259 yol a\u00e7a bil\u0259c\u0259yi \u015f\u00fcbh\u0259 do\u011furmur.<\/p>\n<p>M\u0259s\u0259l\u0259 ondad\u0131r ki, Salome Zurabi\u015fvilinin iki hakimiyy\u0259tlilik yaratmaq c\u0259hdl\u0259ri G\u00fcrc\u00fcstanda v\u0259t\u0259nda\u015f m\u00fcharib\u0259si riskini art\u0131ra bil\u0259r. \u00c7\u00fcnki G\u00fcrc\u00fcstanda q\u0259rby\u00f6n\u00fcml\u00fc v\u0259 rusiyay\u00f6n\u00fcml\u00fc qruplar aras\u0131nda qar\u015f\u0131durma m\u00f6vcuddur. \u018fg\u0259r, bu q\u00fctbl\u0259\u015fm\u0259 d\u0259rinl\u0259\u015f\u0259rs\u0259, k\u00fc\u00e7\u0259 toqqu\u015fmalar\u0131 ba\u015f ver\u0259r. Bu halda, v\u0259ziyy\u0259tin n\u0259zar\u0259td\u0259n \u00e7\u0131xa bil\u0259c\u0259yi d\u0259 istisna deyil. V\u0259 h\u00fcquq-m\u00fchafiz\u0259 orqanlar\u0131, x\u00fcsusil\u0259 d\u0259, ordu t\u0259r\u0259f tutarsa, bu, v\u0259t\u0259nda\u015f m\u00fcharib\u0259si riskini daha da art\u0131rar.<\/p>\n<p><img loading=\"lazy\" src=\"https:\/\/cdn.musavat.com\/news\/thumbnails\/a36a01782ca976244405cc1184e63f37.jpg\" alt=\"e2e65d887dc9002ace9fce24d89dc82a.jpg (227 KB)\" width=\"700\" height=\"402\" \/><\/p>\n<p>G\u00fcrc\u00fcstanda v\u0259t\u0259nda\u015f m\u00fcharib\u0259sinin is\u0259 \u00fcmumiyy\u0259tl\u0259, C\u0259nubi Qafqaz\u0131 t\u0259hdid ed\u0259n t\u0259hl\u00fck\u0259 faktoruna \u00e7evril\u0259c\u0259yi \u015f\u00fcbh\u0259 do\u011furmur. \u00c7\u00fcnki bu, C\u0259nubi Qafqazda m\u00f6vcud m\u00fcnaqi\u015f\u0259l\u0259ri yenid\u0259n alovland\u0131ra bil\u0259r. Y\u0259ni, G\u00fcrc\u00fcstanda daxili sabitlik pozularsa, bu, Rusiyaya Abxaziya v\u0259 C\u0259nubi Osetiya kimi separat\u00e7\u0131 b\u00f6lg\u0259l\u0259ri yenid\u0259n sava\u015f poliqonuna \u00e7evirm\u0259k \u015fans\u0131 verm\u0259k dem\u0259kdir. V\u0259 bu halda, Kreml regional h\u0259rbi i\u015ftirak\u0131n\u0131 geni\u015fl\u0259ndirm\u0259k \u00fc\u00e7\u00fcn separat\u00e7\u0131 b\u00f6lg\u0259l\u0259r \u00fcz\u0259rind\u0259n G\u00fcrc\u00fcstan\u0131n beyn\u0259lxalq h\u00fcquqla t\u0259sbit olunmu\u015f \u0259razil\u0259rin\u0259 qo\u015fun yeritm\u0259k niyy\u0259tin\u0259 d\u00fc\u015f\u0259 bil\u0259r.<\/p>\n<p>Halbuki, m\u00f6vcud regional \u015f\u0259rtl\u0259ri n\u0259z\u0259r\u0259 ald\u0131qda, Rusiyan\u0131n radikal davran\u0131\u015flar\u0131 yolverilm\u0259zdir. \u00c7\u00fcnki, Kremlin G\u00fcrc\u00fcstana qo\u015fun yerid\u0259c\u0259yi t\u0259qdird\u0259, C\u0259nubi Qafqazda geopolitik maraqlar\u0131 olan \u00f6lk\u0259l\u0259r aras\u0131nda q\u00fcvv\u0259l\u0259r balans\u0131n\u0131n pozulaca\u011f\u0131 \u015f\u00fcbh\u0259 do\u011furmur. X\u00fcsusil\u0259 d\u0259, T\u00fcrkiy\u0259nin Rusiyan\u0131n C\u0259nubi Qafqazda h\u0259rbi radikalizmin\u0259 s\u0259rt reaksiya verm\u0259 ehtimal\u0131 y\u00fcks\u0259kdir. Eyni zamanda, AB\u015e v\u0259 Q\u0259rbin d\u0259 m\u00fcxt\u0259lif beyn\u0259lxalq mexanizml\u0259r \u00fcz\u0259rind\u0259n G\u00fcrc\u00fcstanda, el\u0259c\u0259 d\u0259, C\u0259nubi Qafqazda ba\u015f ver\u0259nl\u0259r\u0259 m\u00fcdaxil\u0259 ed\u0259c\u0259yi istisna deyil. V\u0259 bu, C\u0259nubi Qafqaz\u0131n b\u00f6y\u00fck g\u00fccl\u0259r aras\u0131nda h\u0259rbi-siyasi toqqu\u015fma m\u0259kan\u0131na \u00e7evrilm\u0259 t\u0259hl\u00fck\u0259sind\u0259n x\u0259b\u0259r verir.<\/p>\n<p><strong>El\u00e7in XAL\u0130DB\u018fYL\u0130,<br \/>\nSiyasi ekspert,<br \/>\n&#8220;Yeni M\u00fcsavat&#8221; Media Qrupu<\/strong><\/p>\n<p><strong><img loading=\"lazy\" src=\"https:\/\/cdn.musavat.com\/news\/thumbnails\/004821fae7991696e809ed2abb664862.jpg\" width=\"364\" height=\"364\" \/><\/strong><\/p>\n","protected":false},"excerpt":{"rendered":"<p>Rusiya G\u00fcrc\u00fcstana qo\u015fun yerid\u0259rs\u0259, C\u0259nubi Qafqazda geopolitik maraqlar\u0131 olan \u00f6lk\u0259l\u0259r aras\u0131nda q\u00fcvv\u0259l\u0259r balans\u0131n\u0131n ciddi \u015f\u0259kild\u0259 pozulaca\u011f\u0131 \u015f\u00fcbh\u0259 do\u011furmur v\u0259 x\u00fcsusil\u0259 d\u0259, T\u00fcrkiy\u0259nin Kremlin h\u0259rbi radikalizmin\u0259 s\u0259rt reaksiya verm\u0259 ehtimal\u0131 m\u00f6vcuddur&#8230; Eyni zamanda, AB\u015e v\u0259 Q\u0259rbin d\u0259 m\u00fcxt\u0259lif beyn\u0259lxalq mexanizml\u0259r \u00fcz\u0259rind\u0259n G\u00fcrc\u00fcstanda ba\u015f ver\u0259nl\u0259r\u0259 m\u00fcdaxil\u0259 ed\u0259c\u0259yi istisna deyil, bu, C\u0259nubi Qafqaz\u0131n b\u00f6y\u00fck g\u00fccl\u0259r aras\u0131nda h\u0259rbi-siyasi toqqu\u015fma m\u0259kan\u0131na \u00e7evrilm\u0259 t\u0259hl\u00fck\u0259sind\u0259n x\u0259b\u0259r verir&#8230; C\u0259nubi Qafqaz u\u011frunda m\u00fcbariz\u0259 art\u0131q amans\u0131z v\u0259 geriy\u0259 d\u00f6nm\u0259z xarakter alma\u011fa ba\u015flay\u0131b. Erm\u0259nistan\u0131 &#8220;geopolitik m\u00fcst\u0259ml\u0259k\u0259&#8221;y\u0259 \u00e7evirmi\u015f AB\u015e, Avropa Birliyi v\u0259 Fransa indi G\u00fcrc\u00fcstan\u0131 n\u00f6vb\u0259ti h\u0259d\u0259f olaraq, se\u00e7ib. Q\u0259rb siyasi dair\u0259l\u0259ri&hellip;<\/p>\n","protected":false},"author":2,"featured_media":778062,"comment_status":"closed","ping_status":"closed","sticky":false,"template":"","format":"standard","meta":{"om_disable_all_campaigns":false,"_monsterinsights_skip_tracking":false,"_monsterinsights_sitenote_active":false,"_monsterinsights_sitenote_note":"","_monsterinsights_sitenote_category":0},"categories":[19],"tags":[],"aioseo_notices":[],"gutentor_comment":0,"rttpg_featured_image_url":{"full":["https:\/\/arantv.az\/wp-content\/uploads\/2024\/12\/022f251a72814d7a6548e0c819e9815d.jpg",780,439,false],"landscape":["https:\/\/arantv.az\/wp-content\/uploads\/2024\/12\/022f251a72814d7a6548e0c819e9815d.jpg",780,439,false],"portraits":["https:\/\/arantv.az\/wp-content\/uploads\/2024\/12\/022f251a72814d7a6548e0c819e9815d.jpg",780,439,false],"thumbnail":["https:\/\/arantv.az\/wp-content\/uploads\/2024\/12\/022f251a72814d7a6548e0c819e9815d-500x280.jpg",500,280,true],"medium":["https:\/\/arantv.az\/wp-content\/uploads\/2024\/12\/022f251a72814d7a6548e0c819e9815d-649x365.jpg",649,365,true],"large":["https:\/\/arantv.az\/wp-content\/uploads\/2024\/12\/022f251a72814d7a6548e0c819e9815d.jpg",640,360,false],"1536x1536":["https:\/\/arantv.az\/wp-content\/uploads\/2024\/12\/022f251a72814d7a6548e0c819e9815d.jpg",780,439,false],"2048x2048":["https:\/\/arantv.az\/wp-content\/uploads\/2024\/12\/022f251a72814d7a6548e0c819e9815d.jpg",780,439,false],"post-thumbnail":["https:\/\/arantv.az\/wp-content\/uploads\/2024\/12\/022f251a72814d7a6548e0c819e9815d-240x172.jpg",240,172,true],"advps-thumb-one":["https:\/\/arantv.az\/wp-content\/uploads\/2024\/12\/022f251a72814d7a6548e0c819e9815d.jpg",780,439,false]},"rttpg_author":{"display_name":"V\u00fcsal Rafiqo\u011flu","author_link":"https:\/\/arantv.az\/?author=2"},"rttpg_comment":0,"rttpg_category":"<a href=\"https:\/\/arantv.az\/?cat=19\" rel=\"category\">G\u00fcnd\u0259m<\/a>","rttpg_excerpt":"Rusiya G\u00fcrc\u00fcstana qo\u015fun yerid\u0259rs\u0259, C\u0259nubi Qafqazda geopolitik maraqlar\u0131 olan \u00f6lk\u0259l\u0259r aras\u0131nda q\u00fcvv\u0259l\u0259r balans\u0131n\u0131n ciddi \u015f\u0259kild\u0259 pozulaca\u011f\u0131 \u015f\u00fcbh\u0259 do\u011furmur v\u0259 x\u00fcsusil\u0259 d\u0259, T\u00fcrkiy\u0259nin Kremlin h\u0259rbi radikalizmin\u0259 s\u0259rt reaksiya verm\u0259 ehtimal\u0131 m\u00f6vcuddur&#8230; Eyni zamanda, AB\u015e v\u0259 Q\u0259rbin d\u0259 m\u00fcxt\u0259lif beyn\u0259lxalq mexanizml\u0259r \u00fcz\u0259rind\u0259n G\u00fcrc\u00fcstanda ba\u015f ver\u0259nl\u0259r\u0259 m\u00fcdaxil\u0259 ed\u0259c\u0259yi istisna deyil, bu, C\u0259nubi Qafqaz\u0131n b\u00f6y\u00fck g\u00fccl\u0259r aras\u0131nda h\u0259rbi-siyasi toqqu\u015fma&hellip;","_links":{"self":[{"href":"https:\/\/arantv.az\/index.php?rest_route=\/wp\/v2\/posts\/778061"}],"collection":[{"href":"https:\/\/arantv.az\/index.php?rest_route=\/wp\/v2\/posts"}],"about":[{"href":"https:\/\/arantv.az\/index.php?rest_route=\/wp\/v2\/types\/post"}],"author":[{"embeddable":true,"href":"https:\/\/arantv.az\/index.php?rest_route=\/wp\/v2\/users\/2"}],"replies":[{"embeddable":true,"href":"https:\/\/arantv.az\/index.php?rest_route=%2Fwp%2Fv2%2Fcomments&post=778061"}],"version-history":[{"count":1,"href":"https:\/\/arantv.az\/index.php?rest_route=\/wp\/v2\/posts\/778061\/revisions"}],"predecessor-version":[{"id":778063,"href":"https:\/\/arantv.az\/index.php?rest_route=\/wp\/v2\/posts\/778061\/revisions\/778063"}],"wp:featuredmedia":[{"embeddable":true,"href":"https:\/\/arantv.az\/index.php?rest_route=\/wp\/v2\/media\/778062"}],"wp:attachment":[{"href":"https:\/\/arantv.az\/index.php?rest_route=%2Fwp%2Fv2%2Fmedia&parent=778061"}],"wp:term":[{"taxonomy":"category","embeddable":true,"href":"https:\/\/arantv.az\/index.php?rest_route=%2Fwp%2Fv2%2Fcategories&post=778061"},{"taxonomy":"post_tag","embeddable":true,"href":"https:\/\/arantv.az\/index.php?rest_route=%2Fwp%2Fv2%2Ftags&post=778061"}],"curies":[{"name":"wp","href":"https:\/\/api.w.org\/{rel}","templated":true}]}}