{"id":778067,"date":"2024-12-29T20:38:56","date_gmt":"2024-12-29T16:38:56","guid":{"rendered":"https:\/\/arantv.az\/?p=778067"},"modified":"2024-12-29T20:38:56","modified_gmt":"2024-12-29T16:38:56","slug":"italiya-m%c9%99tbuati-az%c9%99rbaycan-prezidentinin-t%c9%99yyar%c9%99-q%c9%99zasina-dair-fikirl%c9%99rini-genis-s%c9%99kild%c9%99-yayib","status":"publish","type":"post","link":"https:\/\/arantv.az\/?p=778067","title":{"rendered":"\u0130taliya m\u0259tbuat\u0131 Az\u0259rbaycan Prezidentinin t\u0259yyar\u0259 q\u0259zas\u0131na dair fikirl\u0259rini geni\u015f \u015f\u0259kild\u0259 yay\u0131b"},"content":{"rendered":"<div class=\"content lead font-weight-normal\">\n<p>\u0130taliyan\u0131n k\u00fctl\u0259vi informasiya vasit\u0259l\u0259ri Az\u0259rbaycan Prezidenti \u0130lham \u018fliyevin AzTV-y\u0259 m\u00fcsahib\u0259si zaman\u0131 Bak\u0131-Qrozn\u0131 reysini yerin\u0259 yetir\u0259n AZAL-a m\u0259xsus s\u0259rni\u015fin t\u0259yyar\u0259sinin q\u0259zaya u\u011framas\u0131 v\u0259 sonrak\u0131 hadis\u0259l\u0259rl\u0259 ba\u011fl\u0131 s\u0259sl\u0259ndirdiyi fikirl\u0259ri diqq\u0259t m\u0259rk\u0259zind\u0259 saxlay\u0131r.<\/p>\n<p><strong>ARANTV.AZ\u00a0 x\u0259b\u0259r verir ki, <\/strong>ANSA, \u201cAska news\u201d, \u201cLa Repubblica\u201d, \u201cil Fatto Quotidiano\u201d, \u201cSky TG24\u201d, \u201cLettera 43\u201d, \u201cRai\u201d, \u201cL`unione Sarda\u201d kimi saytlarda d\u0259rc edil\u0259n yaz\u0131larda Prezident \u0130lham \u018fliyevin m\u00fcsahib\u0259sind\u0259 Az\u0259rbaycan\u0131n m\u00fclki t\u0259yyar\u0259sinin Rusiya \u0259razisind\u0259, Qrozn\u0131 \u015f\u0259h\u0259rinin yax\u0131nl\u0131\u011f\u0131nda xaricd\u0259n z\u0259d\u0259 ald\u0131\u011f\u0131n\u0131 v\u0259 idar\u0259etm\u0259ni dem\u0259k olar, itirdiyini vur\u011fulad\u0131\u011f\u0131 qeyd edilir. Az\u0259rbaycan Prezidentinin t\u0259yyar\u0259nin radioelektron m\u00fcbariz\u0259 vasit\u0259l\u0259ri t\u0259r\u0259find\u0259n idar\u0259olunmaz v\u0259ziyy\u0259t\u0259 sal\u0131nd\u0131\u011f\u0131n\u0131, eyni zamanda, yerd\u0259n a\u00e7\u0131lan at\u0259\u015f n\u0259tic\u0259sind\u0259 quyruq hiss\u0259nin d\u0259 b\u00f6y\u00fck d\u0259r\u0259c\u0259d\u0259 z\u0259d\u0259l\u0259ndiyini bildirdiyi vur\u011fulan\u0131r.<\/p>\n<p>Materiallarda Prezident \u0130lham \u018fliyevin Rusiyan\u0131n b\u0259zi dair\u0259l\u0259rinin ilk \u00fc\u00e7 g\u00fcn \u0259rzind\u0259 t\u0259yyar\u0259 q\u0259zas\u0131 il\u0259 ba\u011fl\u0131 c\u0259f\u0259ng versiyalar s\u0259sl\u0259ndirdiyini, Rusiya t\u0259r\u0259finin m\u0259s\u0259l\u0259ni \u00f6rt-basd\u0131r etm\u0259k ist\u0259diyini vur\u011fulad\u0131\u011f\u0131 bildirilir. Eyni zamanda, Az\u0259rbaycan\u0131n Rusiya t\u0259r\u0259find\u0259n \u00f6z g\u00fcnah\u0131n\u0131 etiraf etm\u0259yi v\u0259 g\u00fcnahkarlar\u0131 c\u0259zaland\u0131rma\u011f\u0131, cinay\u0259t m\u0259suliyy\u0259tin\u0259 c\u0259lb etm\u0259yi v\u0259 Az\u0259rbaycan d\u00f6vl\u0259tin\u0259 v\u0259 z\u0259r\u0259r\u00e7\u0259k\u0259n s\u0259rni\u015fin v\u0259 ekipaj \u00fczvl\u0259rin\u0259 t\u0259zminat \u00f6d\u0259m\u0259yi \u015f\u0259rt qoydu\u011fu diqq\u0259t\u0259 \u00e7atd\u0131r\u0131l\u0131r.<\/p>\n<p>H\u0259m\u00e7inin yaz\u0131larda Rusiya Prezidenti Vladimir Putinin dekabr\u0131n 28-d\u0259 Az\u0259rbaycan Prezidenti \u0130lham \u018fliyevl\u0259 apard\u0131\u011f\u0131 telefon dan\u0131\u015f\u0131\u011f\u0131 zaman\u0131 ba\u015f vermi\u015f faci\u0259vi hadis\u0259 il\u0259 ba\u011fl\u0131 \u00fczrxahl\u0131q ifad\u0259 etdiyi xat\u0131rlad\u0131l\u0131r.<\/p>\n<div class=\"clearfix\"><\/div>\n<\/div>\n<div class=\"fotorama--hidden\"><\/div>\n<div id=\"galleryList\" class=\"fotorama fotorama1735490276426\" data-nav=\"thumbs\" data-width=\"100%\" data-thumbwidth=\"90\" data-thumbheight=\"60\" data-allowfullscreen=\"true\" data-autoplay=\"3000\" data-ratio=\"1.5\" data-keyboard=\"true\" data-fit=\"contain\">\n<div class=\"fotorama__wrap fotorama__wrap--css3 fotorama__wrap--slide fotorama__wrap--toggle-arrows fotorama__wrap--no-controls\">\n<div class=\"fotorama__stage\">\n<div class=\"fotorama__fullscreen-icon\" tabindex=\"0\" role=\"button\"><\/div>\n<div class=\"fotorama__stage__shaft\">\n<div class=\"fotorama__stage__frame fotorama__loaded fotorama__loaded--img\"><img class=\"fotorama__img\" src=\"https:\/\/ikisahil.az\/photo\/0x0_2\/upload\/gallery\/2024\/12\/29\/-5f25fbe1173548750630793746410136877.jpg\" \/><\/div>\n<div class=\"fotorama__stage__frame fotorama__loaded fotorama__loaded--img fotorama__active\"><img class=\"fotorama__img\" src=\"https:\/\/ikisahil.az\/photo\/0x0_2\/upload\/gallery\/2024\/12\/29\/-1f8f69b5173548750674045635710085890.jpg\" \/><\/div>\n<\/div>\n<div class=\"fotorama__arr fotorama__arr--prev\" tabindex=\"0\" role=\"button\"><\/div>\n<div class=\"fotorama__arr fotorama__arr--next fotorama__arr--disabled\" tabindex=\"-1\" role=\"button\"><\/div>\n<div class=\"fotorama__video-close\"><\/div>\n<\/div>\n<div class=\"fotorama__nav-wrap\">\n<div class=\"fotorama__nav fotorama__nav--thumbs\">\n<div class=\"fotorama__nav__shaft\">\n<div class=\"fotorama__thumb-border\"><\/div>\n<div class=\"fotorama__nav__frame fotorama__nav__frame--thumb\" tabindex=\"0\" role=\"button\">\n<div class=\"fotorama__thumb fotorama__loaded fotorama__loaded--img\"><img class=\"fotorama__img\" src=\"https:\/\/ikisahil.az\/photo\/150x100_2\/upload\/gallery\/2024\/12\/29\/-6caf8872173548750676018254910861668.jpg\" \/><\/div>\n<\/div>\n<div class=\"fotorama__nav__frame fotorama__nav__frame--thumb\" tabindex=\"0\" role=\"button\">\n<div class=\"fotorama__thumb fotorama__loaded fotorama__loaded--img\"><img class=\"fotorama__img\" src=\"https:\/\/ikisahil.az\/photo\/150x100_2\/upload\/gallery\/2024\/12\/29\/-5f25fbe1173548750630793746410136877.jpg\" \/><\/div>\n<\/div>\n<div class=\"fotorama__nav__frame fotorama__nav__frame--thumb fotorama__active\" tabindex=\"0\" role=\"button\">\n<div class=\"fotorama__thumb fotorama__loaded fotorama__loaded--img\"><img class=\"fotorama__img\" src=\"https:\/\/ikisahil.az\/photo\/150x100_2\/upload\/gallery\/2024\/12\/29\/-1f8f69b5173548750674045635710085890.jpg\" \/><\/div>\n<\/div>\n<\/div>\n<\/div>\n<\/div>\n<\/div>\n<\/div>\n<div class=\"sharing my-2 row no-gutters d-print-none\"><\/div>\n<div class=\"d-none d-sm-block\"><\/div>\n","protected":false},"excerpt":{"rendered":"<p>\u0130taliyan\u0131n k\u00fctl\u0259vi informasiya vasit\u0259l\u0259ri Az\u0259rbaycan Prezidenti \u0130lham \u018fliyevin AzTV-y\u0259 m\u00fcsahib\u0259si zaman\u0131 Bak\u0131-Qrozn\u0131 reysini yerin\u0259 yetir\u0259n AZAL-a m\u0259xsus s\u0259rni\u015fin t\u0259yyar\u0259sinin q\u0259zaya u\u011framas\u0131 v\u0259 sonrak\u0131 hadis\u0259l\u0259rl\u0259 ba\u011fl\u0131 s\u0259sl\u0259ndirdiyi fikirl\u0259ri diqq\u0259t m\u0259rk\u0259zind\u0259 saxlay\u0131r. ARANTV.AZ\u00a0 x\u0259b\u0259r verir ki, ANSA, \u201cAska news\u201d, \u201cLa Repubblica\u201d, \u201cil Fatto Quotidiano\u201d, \u201cSky TG24\u201d, \u201cLettera 43\u201d, \u201cRai\u201d, \u201cL`unione Sarda\u201d kimi saytlarda d\u0259rc edil\u0259n yaz\u0131larda Prezident \u0130lham \u018fliyevin m\u00fcsahib\u0259sind\u0259 Az\u0259rbaycan\u0131n m\u00fclki t\u0259yyar\u0259sinin Rusiya \u0259razisind\u0259, Qrozn\u0131 \u015f\u0259h\u0259rinin yax\u0131nl\u0131\u011f\u0131nda xaricd\u0259n z\u0259d\u0259 ald\u0131\u011f\u0131n\u0131 v\u0259 idar\u0259etm\u0259ni dem\u0259k olar, itirdiyini vur\u011fulad\u0131\u011f\u0131 qeyd edilir. Az\u0259rbaycan Prezidentinin t\u0259yyar\u0259nin radioelektron m\u00fcbariz\u0259 vasit\u0259l\u0259ri t\u0259r\u0259find\u0259n idar\u0259olunmaz v\u0259ziyy\u0259t\u0259 sal\u0131nd\u0131\u011f\u0131n\u0131, eyni zamanda, yerd\u0259n&hellip;<\/p>\n","protected":false},"author":2,"featured_media":778068,"comment_status":"closed","ping_status":"closed","sticky":false,"template":"","format":"standard","meta":{"om_disable_all_campaigns":false,"_monsterinsights_skip_tracking":false,"_monsterinsights_sitenote_active":false,"_monsterinsights_sitenote_note":"","_monsterinsights_sitenote_category":0},"categories":[4],"tags":[],"aioseo_notices":[],"gutentor_comment":0,"rttpg_featured_image_url":{"full":["https:\/\/arantv.az\/wp-content\/uploads\/2024\/12\/d37124c4173548749436644291510861641.jpg",975,540,false],"landscape":["https:\/\/arantv.az\/wp-content\/uploads\/2024\/12\/d37124c4173548749436644291510861641.jpg",975,540,false],"portraits":["https:\/\/arantv.az\/wp-content\/uploads\/2024\/12\/d37124c4173548749436644291510861641.jpg",975,540,false],"thumbnail":["https:\/\/arantv.az\/wp-content\/uploads\/2024\/12\/d37124c4173548749436644291510861641-500x280.jpg",500,280,true],"medium":["https:\/\/arantv.az\/wp-content\/uploads\/2024\/12\/d37124c4173548749436644291510861641-660x365.jpg",660,365,true],"large":["https:\/\/arantv.az\/wp-content\/uploads\/2024\/12\/d37124c4173548749436644291510861641-840x465.jpg",640,354,true],"1536x1536":["https:\/\/arantv.az\/wp-content\/uploads\/2024\/12\/d37124c4173548749436644291510861641.jpg",975,540,false],"2048x2048":["https:\/\/arantv.az\/wp-content\/uploads\/2024\/12\/d37124c4173548749436644291510861641.jpg",975,540,false],"post-thumbnail":["https:\/\/arantv.az\/wp-content\/uploads\/2024\/12\/d37124c4173548749436644291510861641-240x172.jpg",240,172,true],"advps-thumb-one":["https:\/\/arantv.az\/wp-content\/uploads\/2024\/12\/d37124c4173548749436644291510861641.jpg",975,540,false]},"rttpg_author":{"display_name":"V\u00fcsal Rafiqo\u011flu","author_link":"https:\/\/arantv.az\/?author=2"},"rttpg_comment":0,"rttpg_category":"<a href=\"https:\/\/arantv.az\/?cat=4\" rel=\"category\">Siyas\u0259t<\/a>","rttpg_excerpt":"\u0130taliyan\u0131n k\u00fctl\u0259vi informasiya vasit\u0259l\u0259ri Az\u0259rbaycan Prezidenti \u0130lham \u018fliyevin AzTV-y\u0259 m\u00fcsahib\u0259si zaman\u0131 Bak\u0131-Qrozn\u0131 reysini yerin\u0259 yetir\u0259n AZAL-a m\u0259xsus s\u0259rni\u015fin t\u0259yyar\u0259sinin q\u0259zaya u\u011framas\u0131 v\u0259 sonrak\u0131 hadis\u0259l\u0259rl\u0259 ba\u011fl\u0131 s\u0259sl\u0259ndirdiyi fikirl\u0259ri diqq\u0259t m\u0259rk\u0259zind\u0259 saxlay\u0131r. ARANTV.AZ\u00a0 x\u0259b\u0259r verir ki, ANSA, \u201cAska news\u201d, \u201cLa Repubblica\u201d, \u201cil Fatto Quotidiano\u201d, \u201cSky TG24\u201d, \u201cLettera 43\u201d, \u201cRai\u201d, \u201cL`unione Sarda\u201d kimi saytlarda d\u0259rc edil\u0259n yaz\u0131larda Prezident&hellip;","_links":{"self":[{"href":"https:\/\/arantv.az\/index.php?rest_route=\/wp\/v2\/posts\/778067"}],"collection":[{"href":"https:\/\/arantv.az\/index.php?rest_route=\/wp\/v2\/posts"}],"about":[{"href":"https:\/\/arantv.az\/index.php?rest_route=\/wp\/v2\/types\/post"}],"author":[{"embeddable":true,"href":"https:\/\/arantv.az\/index.php?rest_route=\/wp\/v2\/users\/2"}],"replies":[{"embeddable":true,"href":"https:\/\/arantv.az\/index.php?rest_route=%2Fwp%2Fv2%2Fcomments&post=778067"}],"version-history":[{"count":1,"href":"https:\/\/arantv.az\/index.php?rest_route=\/wp\/v2\/posts\/778067\/revisions"}],"predecessor-version":[{"id":778069,"href":"https:\/\/arantv.az\/index.php?rest_route=\/wp\/v2\/posts\/778067\/revisions\/778069"}],"wp:featuredmedia":[{"embeddable":true,"href":"https:\/\/arantv.az\/index.php?rest_route=\/wp\/v2\/media\/778068"}],"wp:attachment":[{"href":"https:\/\/arantv.az\/index.php?rest_route=%2Fwp%2Fv2%2Fmedia&parent=778067"}],"wp:term":[{"taxonomy":"category","embeddable":true,"href":"https:\/\/arantv.az\/index.php?rest_route=%2Fwp%2Fv2%2Fcategories&post=778067"},{"taxonomy":"post_tag","embeddable":true,"href":"https:\/\/arantv.az\/index.php?rest_route=%2Fwp%2Fv2%2Ftags&post=778067"}],"curies":[{"name":"wp","href":"https:\/\/api.w.org\/{rel}","templated":true}]}}