{"id":778431,"date":"2024-12-31T15:42:59","date_gmt":"2024-12-31T11:42:59","guid":{"rendered":"https:\/\/arantv.az\/?p=778431"},"modified":"2024-12-31T15:42:59","modified_gmt":"2024-12-31T11:42:59","slug":"el-bir-olsa-dag-oynadar-yerind%c9%99n-2","status":"publish","type":"post","link":"https:\/\/arantv.az\/?p=778431","title":{"rendered":"El bir olsa da\u011f oynadar yerind\u0259n"},"content":{"rendered":"<p><em><strong>H\u0259r il dekabr\u0131n son g\u00fcn\u00fc D\u00fcnya az\u0259rbaycanl\u0131lar\u0131n h\u0259mr\u0259lik v\u0259 birlik g\u00fcn\u00fc kimi qeyd olunur. H\u0259mr\u0259ylik G\u00fcn\u00fc Az\u0259rbaycan d\u00f6vl\u0259tinin h\u0259m Az\u0259rbaycanda, h\u0259m d\u0259 dig\u0259r d\u00fcnyada d\u00f6vl\u0259tl\u0259rind\u0259 ya\u015fayan b\u00fct\u00fcn az\u0259rbaycanl\u0131lar\u0131n birlik, b\u0259rab\u0259rlik simvoludur. Bu tarix az\u0259rbaycan\u00e7\u0131l\u0131q ideologyas\u0131n\u0131 \u00f6n planda saxlay\u0131r&#8230;H\u0259m\u00e7inin, biz bu bayramda milli ruhumuzun g\u00fcc\u00fcn\u00fc g\u00f6st\u0259r\u0259n ortaq ad\u0259t-\u0259n\u0259n\u0259l\u0259rin v\u0259 ortaq d\u0259y\u0259rl\u0259rin \u0259traf\u0131nda birl\u0259\u015fm\u0259yimiz h\u0259m d\u0259 \u00f6z\u00fcn\u00fcd\u0259rkin g\u00fccl\u00fc olmas\u0131n\u0131 g\u00f6st\u0259rm\u0259k \u00fc\u00e7\u00fcn \u0259sas vasit\u0259l\u0259rd\u0259n biridir.<\/strong><\/em><\/p>\n<p>B\u0259s bu bayram\u0131 hans\u0131 yollardan ke\u00e7dikd\u0259n sonra qeyd etm\u0259y\u0259 ba\u015flad\u0131q?\u00a0Dekabr\u0131n 31 H\u0259mr\u0259ylik G\u00fcn\u00fc kimi qeyd olunmas\u0131 ke\u00e7\u0259n \u0259srin 80-ci ill\u0259rinin ax\u0131rlar\u0131nda \u00f6lk\u0259d\u0259 ba\u015f ver\u0259n hadis\u0259l\u0259rin n\u0259tic\u0259si il\u0259 az\u0259rbaycanl\u0131lar\u0131n azad, m\u00fcst\u0259qil olma\u011fa, azad ya\u015fama\u011fa olan ist\u0259kl\u0259rini art\u0131rd\u0131. H\u0259min ill\u0259rd\u0259 erm\u0259nil\u0259rin fitn\u0259karl\u0131\u011f\u0131 v\u0259 t\u0259cav\u00fcz\u00fc n\u0259tic\u0259sind\u0259 Q\u0259rbi Az\u0259rbaycan v\u0259 Qarba\u011f b\u00f6lg\u0259sind\u0259 ya\u015fayan insanlar\u0131n \u00f6z ata baba yurdundan qovulmas\u0131,\u00a0did\u0259rgin edilm\u0259si, mlli azadl\u0131q h\u0259r\u0259kat\u0131n\u0131n ba\u015flamas\u0131na s\u0259b\u0259b oldu.\u00a0 1991 ci ilin dekabr\u0131n 16 da \u00dcmummilli Lider\u00a0Heyd\u0259r \u018fliyevin\u00a0 t\u0259\u015f\u0259bb\u00fcs\u00fc il\u0259 az\u0259rbaycanl\u0131lar\u0131n birliyinin vacibliyini n\u0259z\u0259r\u0259 al\u0131naraq 31 dekabr H\u0259mr\u0259ylik G\u00fcn\u00fc elan edildi. Ulu \u00d6nd\u0259r Heyd\u0259r \u018fliyev bu birliyin, b\u0259rab\u0259rliyin, milli-m\u0259n\u0259v\u0259 d\u0259y\u0259rl\u0259rin qorunmas\u0131yla ba\u011fl\u0131 d\u0259y\u0259rli fikirl\u0259rini s\u0259sl\u0259ndirmi\u015fdir. Ulu \u00d6nd\u0259rin\u00a0&#8220;H\u0259r bir insan \u00fc\u00e7\u00fcn onun milli m\u0259nsubiyy\u0259ti onun q\u00fcrur m\u0259nb\u0259yidir. M\u0259n h\u0259mi\u015f\u0259 f\u0259xr etmi\u015f\u0259m, bu g\u00fcn d\u0259 f\u0259xr edir\u0259m ki, m\u0259n az\u0259rbaycanl\u0131yam!&#8221; k\u0259lamlar\u0131 az\u0259rbaycanl\u0131lar \u00fc\u00e7\u00fcn r\u0259mz\u0259 \u00e7evrilmi\u015fdir. Bu g\u00fcn biz Ulu \u00d6nd\u0259rimizin siyas\u0259tinin laqyiqli davam\u00e7s\u0131 olan Prezident \u0130lham \u018fliyevin siyas\u0259tind\u0259 bu birliyin b\u0259rab\u0259rliyinin nec\u0259 g\u00fccl\u00fc oldu\u011funu\u00a0 g\u00f6r\u0259 bilirik.<\/p>\n<p>D\u00fcnya az\u0259rbaycanl\u0131lar\u0131n\u0131n bir\u0131liyini\u00a0 44 g\u00fcnl\u00fck V\u0259t\u0259n m\u00fcharib\u0259sind\u0259 g\u00f6rd\u00fck. M\u00fcharib\u0259 d\u00f6vr\u00fcnd\u0259 d\u00fcnya az\u0259rbaycanl\u0131lar\u0131 \u201dD\u0259mir yumruq\u201d \u0259traf\u0131nda birl\u0259\u015f\u0259r\u0259k g\u00fcc\u00fcn\u00fc, birliyini, yenilm\u0259zliyini g\u00f6st\u0259rdi. B\u00fct\u00fcn d\u00fcnya bu birliyink z\u0259f\u0259rin\u0259 \u015fahid oldu. \u018fminlikl\u0259 dey\u0259 bil\u0259rik ki,\u00a0 g\u00fccl\u00fc olmaq \u00fc\u00e7\u00fcn h\u0259r zaman bu birliyi qorumal\u0131y\u0131q.\u00a0 Nec\u0259 d\u0259y\u0259rl\u0259r &#8211; El bir olsa, da\u011f oynadar yerind\u0259n.<\/p>\n<p><strong>Fidan Elturan q\u0131z\u0131,<\/strong><br \/>\n<em>Bak\u0131 Slavyan Universeti,<br \/>\nJurnalistika ixtisas\u0131 \u00fczr\u0259 3-c\u00fc kurs t\u0259l\u0259b\u0259si<\/em><\/p>\n","protected":false},"excerpt":{"rendered":"<p>H\u0259r il dekabr\u0131n son g\u00fcn\u00fc D\u00fcnya az\u0259rbaycanl\u0131lar\u0131n h\u0259mr\u0259lik v\u0259 birlik g\u00fcn\u00fc kimi qeyd olunur. H\u0259mr\u0259ylik G\u00fcn\u00fc Az\u0259rbaycan d\u00f6vl\u0259tinin h\u0259m Az\u0259rbaycanda, h\u0259m d\u0259 dig\u0259r d\u00fcnyada d\u00f6vl\u0259tl\u0259rind\u0259 ya\u015fayan b\u00fct\u00fcn az\u0259rbaycanl\u0131lar\u0131n birlik, b\u0259rab\u0259rlik simvoludur. Bu tarix az\u0259rbaycan\u00e7\u0131l\u0131q ideologyas\u0131n\u0131 \u00f6n planda saxlay\u0131r&#8230;H\u0259m\u00e7inin, biz bu bayramda milli ruhumuzun g\u00fcc\u00fcn\u00fc g\u00f6st\u0259r\u0259n ortaq ad\u0259t-\u0259n\u0259n\u0259l\u0259rin v\u0259 ortaq d\u0259y\u0259rl\u0259rin \u0259traf\u0131nda birl\u0259\u015fm\u0259yimiz h\u0259m d\u0259 \u00f6z\u00fcn\u00fcd\u0259rkin g\u00fccl\u00fc olmas\u0131n\u0131 g\u00f6st\u0259rm\u0259k \u00fc\u00e7\u00fcn \u0259sas vasit\u0259l\u0259rd\u0259n biridir. B\u0259s bu bayram\u0131 hans\u0131 yollardan ke\u00e7dikd\u0259n sonra qeyd etm\u0259y\u0259 ba\u015flad\u0131q?\u00a0Dekabr\u0131n 31 H\u0259mr\u0259ylik G\u00fcn\u00fc kimi qeyd olunmas\u0131 ke\u00e7\u0259n \u0259srin 80-ci ill\u0259rinin ax\u0131rlar\u0131nda \u00f6lk\u0259d\u0259 ba\u015f ver\u0259n hadis\u0259l\u0259rin n\u0259tic\u0259si il\u0259 az\u0259rbaycanl\u0131lar\u0131n&hellip;<\/p>\n","protected":false},"author":2,"featured_media":778432,"comment_status":"closed","ping_status":"closed","sticky":false,"template":"","format":"standard","meta":{"om_disable_all_campaigns":false,"_monsterinsights_skip_tracking":false,"_monsterinsights_sitenote_active":false,"_monsterinsights_sitenote_note":"","_monsterinsights_sitenote_category":0},"categories":[19],"tags":[],"aioseo_notices":[],"gutentor_comment":0,"rttpg_featured_image_url":{"full":["https:\/\/arantv.az\/wp-content\/uploads\/2024\/12\/7fea637f172742983275185976810313773-1.jpg",975,540,false],"landscape":["https:\/\/arantv.az\/wp-content\/uploads\/2024\/12\/7fea637f172742983275185976810313773-1.jpg",975,540,false],"portraits":["https:\/\/arantv.az\/wp-content\/uploads\/2024\/12\/7fea637f172742983275185976810313773-1.jpg",975,540,false],"thumbnail":["https:\/\/arantv.az\/wp-content\/uploads\/2024\/12\/7fea637f172742983275185976810313773-1-500x280.jpg",500,280,true],"medium":["https:\/\/arantv.az\/wp-content\/uploads\/2024\/12\/7fea637f172742983275185976810313773-1-660x365.jpg",660,365,true],"large":["https:\/\/arantv.az\/wp-content\/uploads\/2024\/12\/7fea637f172742983275185976810313773-1-840x465.jpg",640,354,true],"1536x1536":["https:\/\/arantv.az\/wp-content\/uploads\/2024\/12\/7fea637f172742983275185976810313773-1.jpg",975,540,false],"2048x2048":["https:\/\/arantv.az\/wp-content\/uploads\/2024\/12\/7fea637f172742983275185976810313773-1.jpg",975,540,false],"post-thumbnail":["https:\/\/arantv.az\/wp-content\/uploads\/2024\/12\/7fea637f172742983275185976810313773-1-240x172.jpg",240,172,true],"advps-thumb-one":["https:\/\/arantv.az\/wp-content\/uploads\/2024\/12\/7fea637f172742983275185976810313773-1.jpg",975,540,false]},"rttpg_author":{"display_name":"V\u00fcsal Rafiqo\u011flu","author_link":"https:\/\/arantv.az\/?author=2"},"rttpg_comment":0,"rttpg_category":"<a href=\"https:\/\/arantv.az\/?cat=19\" rel=\"category\">G\u00fcnd\u0259m<\/a>","rttpg_excerpt":"H\u0259r il dekabr\u0131n son g\u00fcn\u00fc D\u00fcnya az\u0259rbaycanl\u0131lar\u0131n h\u0259mr\u0259lik v\u0259 birlik g\u00fcn\u00fc kimi qeyd olunur. H\u0259mr\u0259ylik G\u00fcn\u00fc Az\u0259rbaycan d\u00f6vl\u0259tinin h\u0259m Az\u0259rbaycanda, h\u0259m d\u0259 dig\u0259r d\u00fcnyada d\u00f6vl\u0259tl\u0259rind\u0259 ya\u015fayan b\u00fct\u00fcn az\u0259rbaycanl\u0131lar\u0131n birlik, b\u0259rab\u0259rlik simvoludur. Bu tarix az\u0259rbaycan\u00e7\u0131l\u0131q ideologyas\u0131n\u0131 \u00f6n planda saxlay\u0131r&#8230;H\u0259m\u00e7inin, biz bu bayramda milli ruhumuzun g\u00fcc\u00fcn\u00fc g\u00f6st\u0259r\u0259n ortaq ad\u0259t-\u0259n\u0259n\u0259l\u0259rin v\u0259 ortaq d\u0259y\u0259rl\u0259rin \u0259traf\u0131nda birl\u0259\u015fm\u0259yimiz h\u0259m d\u0259 \u00f6z\u00fcn\u00fcd\u0259rkin&hellip;","_links":{"self":[{"href":"https:\/\/arantv.az\/index.php?rest_route=\/wp\/v2\/posts\/778431"}],"collection":[{"href":"https:\/\/arantv.az\/index.php?rest_route=\/wp\/v2\/posts"}],"about":[{"href":"https:\/\/arantv.az\/index.php?rest_route=\/wp\/v2\/types\/post"}],"author":[{"embeddable":true,"href":"https:\/\/arantv.az\/index.php?rest_route=\/wp\/v2\/users\/2"}],"replies":[{"embeddable":true,"href":"https:\/\/arantv.az\/index.php?rest_route=%2Fwp%2Fv2%2Fcomments&post=778431"}],"version-history":[{"count":2,"href":"https:\/\/arantv.az\/index.php?rest_route=\/wp\/v2\/posts\/778431\/revisions"}],"predecessor-version":[{"id":778434,"href":"https:\/\/arantv.az\/index.php?rest_route=\/wp\/v2\/posts\/778431\/revisions\/778434"}],"wp:featuredmedia":[{"embeddable":true,"href":"https:\/\/arantv.az\/index.php?rest_route=\/wp\/v2\/media\/778432"}],"wp:attachment":[{"href":"https:\/\/arantv.az\/index.php?rest_route=%2Fwp%2Fv2%2Fmedia&parent=778431"}],"wp:term":[{"taxonomy":"category","embeddable":true,"href":"https:\/\/arantv.az\/index.php?rest_route=%2Fwp%2Fv2%2Fcategories&post=778431"},{"taxonomy":"post_tag","embeddable":true,"href":"https:\/\/arantv.az\/index.php?rest_route=%2Fwp%2Fv2%2Ftags&post=778431"}],"curies":[{"name":"wp","href":"https:\/\/api.w.org\/{rel}","templated":true}]}}