{"id":778489,"date":"2024-12-31T18:42:27","date_gmt":"2024-12-31T14:42:27","guid":{"rendered":"https:\/\/arantv.az\/?p=778489"},"modified":"2024-12-31T18:42:27","modified_gmt":"2024-12-31T14:42:27","slug":"s%c9%99r%c9%99f-ordeni-veril%c9%99n-roya-tagiyeva-kimdir-foto","status":"publish","type":"post","link":"https:\/\/arantv.az\/?p=778489","title":{"rendered":"\u201c\u015e\u0259r\u0259f\u201d ordeni veril\u0259n R\u00f6ya Ta\u011f\u0131yeva K\u0130MD\u0130R &#8211; FOTO"},"content":{"rendered":"<p><strong>X\u0259b\u0259r verdiyimiz kimi, Prezident \u0130lham \u018fliyevin S\u0259r\u0259ncam\u0131 il\u0259 Az\u0259rbaycan Respublikas\u0131nda m\u0259d\u0259niyy\u0259t sah\u0259sind\u0259 uzunm\u00fcdd\u0259tli s\u0259m\u0259r\u0259li f\u0259aliyy\u0259tin\u0259 g\u00f6r\u0259 R\u00f6ya Seyf\u0259ddin q\u0131z\u0131 Ta\u011f\u0131yeva \u201c\u015e\u0259r\u0259f\u201d ordeni il\u0259 t\u0259ltif edilib.<\/strong><\/p>\n<p>\u201c\u015e\u0259r\u0259f\u201d v\u0259 \u201c\u015e\u00f6hr\u0259t\u201d ordenli R\u00f6ya Ta\u011f\u0131yevan\u0131n dosyesini t\u0259qdim edirik.<\/p>\n<p>R\u00f6ya Ta\u011f\u0131yeva 1 yanvar 1945-ci ild\u0259 Bak\u0131 \u015f\u0259h\u0259rind\u0259 anadan olub. 1961-1966-c\u0131 ill\u0259rd\u0259 Az\u0259rbaycan D\u00f6vl\u0259t Universitetinin filologiya fak\u00fclt\u0259sind\u0259 t\u0259hsil al\u0131b. 1982-ci ild\u0259 s\u0259n\u0259t\u015f\u00fcnasl\u0131q elml\u0259ri namiz\u0259di, 2003-c\u00fc ild\u0259 is\u0259 elml\u0259r doktoru alimlik d\u0259r\u0259c\u0259si al\u0131b. 2006-c\u0131 ild\u0259n Az\u0259rbaycan D\u00f6vl\u0259t M\u0259d\u0259niyy\u0259t v\u0259 \u0130nc\u0259s\u0259n\u0259t Universitetinin professorudur. 2010-cu ild\u0259n &#8220;Az\u0259rbaycan xal\u00e7a\u00e7\u0131lar\u0131&#8221; \u0130ctimai Birliyinin s\u0259dri v\u0259 2016-c\u0131 ild\u0259n &#8220;NUR Art House&#8221; qalereyas\u0131n\u0131n direktorudur.\u00a026 yanvar 2015-ci ild\u0259 &#8220;\u015e\u00f6hr\u0259t&#8221; ordeni il\u0259 t\u0259ltif edilib.<\/p>\n<p>Rejissor, \u018fm\u0259kdar \u0130nc\u0259s\u0259n\u0259t i\u015f\u00e7isi Nur\u0259ddin Ta\u011f\u0131yevin h\u0259yat yolda\u015f\u0131d\u0131r. U\u015faq H\u00fcquqlar\u0131n\u0131 M\u00fcdafi\u0259 Liqas\u0131n\u0131n r\u0259hb\u0259ri Yusif B\u0259kirovun bac\u0131s\u0131d\u0131r.<\/p>\n","protected":false},"excerpt":{"rendered":"<p>X\u0259b\u0259r verdiyimiz kimi, Prezident \u0130lham \u018fliyevin S\u0259r\u0259ncam\u0131 il\u0259 Az\u0259rbaycan Respublikas\u0131nda m\u0259d\u0259niyy\u0259t sah\u0259sind\u0259 uzunm\u00fcdd\u0259tli s\u0259m\u0259r\u0259li f\u0259aliyy\u0259tin\u0259 g\u00f6r\u0259 R\u00f6ya Seyf\u0259ddin q\u0131z\u0131 Ta\u011f\u0131yeva \u201c\u015e\u0259r\u0259f\u201d ordeni il\u0259 t\u0259ltif edilib. \u201c\u015e\u0259r\u0259f\u201d v\u0259 \u201c\u015e\u00f6hr\u0259t\u201d ordenli R\u00f6ya Ta\u011f\u0131yevan\u0131n dosyesini t\u0259qdim edirik. R\u00f6ya Ta\u011f\u0131yeva 1 yanvar 1945-ci ild\u0259 Bak\u0131 \u015f\u0259h\u0259rind\u0259 anadan olub. 1961-1966-c\u0131 ill\u0259rd\u0259 Az\u0259rbaycan D\u00f6vl\u0259t Universitetinin filologiya fak\u00fclt\u0259sind\u0259 t\u0259hsil al\u0131b. 1982-ci ild\u0259 s\u0259n\u0259t\u015f\u00fcnasl\u0131q elml\u0259ri namiz\u0259di, 2003-c\u00fc ild\u0259 is\u0259 elml\u0259r doktoru alimlik d\u0259r\u0259c\u0259si al\u0131b. 2006-c\u0131 ild\u0259n Az\u0259rbaycan D\u00f6vl\u0259t M\u0259d\u0259niyy\u0259t v\u0259 \u0130nc\u0259s\u0259n\u0259t Universitetinin professorudur. 2010-cu ild\u0259n &#8220;Az\u0259rbaycan xal\u00e7a\u00e7\u0131lar\u0131&#8221; \u0130ctimai Birliyinin s\u0259dri v\u0259 2016-c\u0131 ild\u0259n &#8220;NUR Art House&#8221; qalereyas\u0131n\u0131n direktorudur.\u00a026&hellip;<\/p>\n","protected":false},"author":2,"featured_media":778490,"comment_status":"closed","ping_status":"closed","sticky":false,"template":"","format":"standard","meta":{"om_disable_all_campaigns":false,"_monsterinsights_skip_tracking":false,"_monsterinsights_sitenote_active":false,"_monsterinsights_sitenote_note":"","_monsterinsights_sitenote_category":0},"categories":[1],"tags":[],"aioseo_notices":[],"gutentor_comment":0,"rttpg_featured_image_url":{"full":["https:\/\/arantv.az\/wp-content\/uploads\/2024\/12\/4c788aabdaef5e6e5690d15f7a3372ec.jpg",734,457,false],"landscape":["https:\/\/arantv.az\/wp-content\/uploads\/2024\/12\/4c788aabdaef5e6e5690d15f7a3372ec.jpg",734,457,false],"portraits":["https:\/\/arantv.az\/wp-content\/uploads\/2024\/12\/4c788aabdaef5e6e5690d15f7a3372ec.jpg",734,457,false],"thumbnail":["https:\/\/arantv.az\/wp-content\/uploads\/2024\/12\/4c788aabdaef5e6e5690d15f7a3372ec-500x280.jpg",500,280,true],"medium":["https:\/\/arantv.az\/wp-content\/uploads\/2024\/12\/4c788aabdaef5e6e5690d15f7a3372ec-586x365.jpg",586,365,true],"large":["https:\/\/arantv.az\/wp-content\/uploads\/2024\/12\/4c788aabdaef5e6e5690d15f7a3372ec.jpg",640,398,false],"1536x1536":["https:\/\/arantv.az\/wp-content\/uploads\/2024\/12\/4c788aabdaef5e6e5690d15f7a3372ec.jpg",734,457,false],"2048x2048":["https:\/\/arantv.az\/wp-content\/uploads\/2024\/12\/4c788aabdaef5e6e5690d15f7a3372ec.jpg",734,457,false],"post-thumbnail":["https:\/\/arantv.az\/wp-content\/uploads\/2024\/12\/4c788aabdaef5e6e5690d15f7a3372ec-240x172.jpg",240,172,true],"advps-thumb-one":["https:\/\/arantv.az\/wp-content\/uploads\/2024\/12\/4c788aabdaef5e6e5690d15f7a3372ec.jpg",734,457,false]},"rttpg_author":{"display_name":"V\u00fcsal Rafiqo\u011flu","author_link":"https:\/\/arantv.az\/?author=2"},"rttpg_comment":0,"rttpg_category":"<a href=\"https:\/\/arantv.az\/?cat=1\" rel=\"category\">C\u0259miyy\u0259t<\/a>","rttpg_excerpt":"X\u0259b\u0259r verdiyimiz kimi, Prezident \u0130lham \u018fliyevin S\u0259r\u0259ncam\u0131 il\u0259 Az\u0259rbaycan Respublikas\u0131nda m\u0259d\u0259niyy\u0259t sah\u0259sind\u0259 uzunm\u00fcdd\u0259tli s\u0259m\u0259r\u0259li f\u0259aliyy\u0259tin\u0259 g\u00f6r\u0259 R\u00f6ya Seyf\u0259ddin q\u0131z\u0131 Ta\u011f\u0131yeva \u201c\u015e\u0259r\u0259f\u201d ordeni il\u0259 t\u0259ltif edilib. \u201c\u015e\u0259r\u0259f\u201d v\u0259 \u201c\u015e\u00f6hr\u0259t\u201d ordenli R\u00f6ya Ta\u011f\u0131yevan\u0131n dosyesini t\u0259qdim edirik. R\u00f6ya Ta\u011f\u0131yeva 1 yanvar 1945-ci ild\u0259 Bak\u0131 \u015f\u0259h\u0259rind\u0259 anadan olub. 1961-1966-c\u0131 ill\u0259rd\u0259 Az\u0259rbaycan D\u00f6vl\u0259t Universitetinin filologiya fak\u00fclt\u0259sind\u0259 t\u0259hsil al\u0131b. 1982-ci ild\u0259&hellip;","_links":{"self":[{"href":"https:\/\/arantv.az\/index.php?rest_route=\/wp\/v2\/posts\/778489"}],"collection":[{"href":"https:\/\/arantv.az\/index.php?rest_route=\/wp\/v2\/posts"}],"about":[{"href":"https:\/\/arantv.az\/index.php?rest_route=\/wp\/v2\/types\/post"}],"author":[{"embeddable":true,"href":"https:\/\/arantv.az\/index.php?rest_route=\/wp\/v2\/users\/2"}],"replies":[{"embeddable":true,"href":"https:\/\/arantv.az\/index.php?rest_route=%2Fwp%2Fv2%2Fcomments&post=778489"}],"version-history":[{"count":1,"href":"https:\/\/arantv.az\/index.php?rest_route=\/wp\/v2\/posts\/778489\/revisions"}],"predecessor-version":[{"id":778491,"href":"https:\/\/arantv.az\/index.php?rest_route=\/wp\/v2\/posts\/778489\/revisions\/778491"}],"wp:featuredmedia":[{"embeddable":true,"href":"https:\/\/arantv.az\/index.php?rest_route=\/wp\/v2\/media\/778490"}],"wp:attachment":[{"href":"https:\/\/arantv.az\/index.php?rest_route=%2Fwp%2Fv2%2Fmedia&parent=778489"}],"wp:term":[{"taxonomy":"category","embeddable":true,"href":"https:\/\/arantv.az\/index.php?rest_route=%2Fwp%2Fv2%2Fcategories&post=778489"},{"taxonomy":"post_tag","embeddable":true,"href":"https:\/\/arantv.az\/index.php?rest_route=%2Fwp%2Fv2%2Ftags&post=778489"}],"curies":[{"name":"wp","href":"https:\/\/api.w.org\/{rel}","templated":true}]}}