{"id":778496,"date":"2024-12-31T18:43:53","date_gmt":"2024-12-31T14:43:53","guid":{"rendered":"https:\/\/arantv.az\/?p=778496"},"modified":"2024-12-31T18:43:53","modified_gmt":"2024-12-31T14:43:53","slug":"kestutis-budris-ceyhun-bayramova-bassagligi-verdi","status":"publish","type":"post","link":"https:\/\/arantv.az\/?p=778496","title":{"rendered":"Kestutis Budris Ceyhun Bayramova ba\u015fsa\u011fl\u0131\u011f\u0131 verdi"},"content":{"rendered":"<p><strong>Litva Respublikas\u0131n\u0131n yeni xarici i\u015fl\u0259r naziri Kestutis Budris dekabr\u0131n 31-d\u0259 Az\u0259rbaycan\u0131n xarici i\u015fl\u0259r naziri Ceyhun Bayramova z\u0259ng edib.<\/strong><\/p>\n<p>Bu bar\u0259d\u0259\u00a0<strong>Musavat.com<\/strong>-a Xarici \u0130\u015fl\u0259r Nazirliyind\u0259n bildirilib.<\/p>\n<p>Qeyd edilib ki, nazir Kestutis Budris \u201cAz\u0259rbaycan Hava Yollar\u0131na\u201d m\u0259xsus s\u0259rni\u015fin t\u0259yyar\u0259sinin Bak\u0131-Qrozn\u0131 reysini h\u0259yata ke\u00e7ir\u0259rk\u0259n Aktau \u015f\u0259h\u0259ri yax\u0131nl\u0131\u011f\u0131nda faci\u0259vi \u015f\u0259kild\u0259 q\u0259zaya u\u011framas\u0131 il\u0259 ba\u011fl\u0131 ba\u015fsa\u011fl\u0131\u011f\u0131 dil\u0259kl\u0259rini \u00e7atd\u0131r\u0131b, q\u0259za n\u0259tic\u0259sind\u0259 v\u0259fat ed\u0259nl\u0259r\u0259 r\u0259hm\u0259t, yaral\u0131lara \u015f\u0259fa arzulay\u0131b. Nazir K.Budris ilk telefon z\u0259nginin bel\u0259 k\u0259d\u0259rli g\u00fcn il\u0259 ba\u011fl\u0131 apar\u0131lmas\u0131ndan t\u0259\u0259ss\u00fcfl\u0259ndiyini, Litva t\u0259r\u0259finin yaral\u0131lar\u0131n reabilitasiyas\u0131 v\u0259 faci\u0259nin s\u0259b\u0259bl\u0259rinin ara\u015fd\u0131r\u0131lmas\u0131 istiqam\u0259tind\u0259 m\u00fcmk\u00fcn d\u0259st\u0259yin g\u00f6st\u0259rilm\u0259sin\u0259 daim haz\u0131r oldu\u011funu diqq\u0259t\u0259 \u00e7atd\u0131r\u0131b.<\/p>\n<p>Ceyhun Bayramov ba\u015fsa\u011fl\u0131\u011f\u0131 dil\u0259kl\u0259ri v\u0259 g\u00f6st\u0259ril\u0259n h\u0259mr\u0259yliy\u0259 g\u00f6r\u0259 t\u0259\u015f\u0259kk\u00fcr edib, t\u0259yyar\u0259 q\u0259zas\u0131n\u0131n s\u0259b\u0259bl\u0259rinin ara\u015fd\u0131r\u0131lmas\u0131n\u0131n birba\u015fa \u00f6lk\u0259 r\u0259hb\u0259rliyinin n\u0259zar\u0259tind\u0259 oldu\u011funu v\u0259 bu istiqam\u0259td\u0259 d\u00f6vl\u0259t komissiyas\u0131n\u0131n yarad\u0131ld\u0131\u011f\u0131n\u0131 bildir\u0259r\u0259k g\u00f6r\u00fcl\u0259n i\u015fl\u0259r bar\u0259d\u0259 m\u0259lumat verib.<\/p>\n<p>Nazirl\u0259r telefon dan\u0131\u015f\u0131\u011f\u0131 zaman\u0131, h\u0259m\u00e7inin regional v\u0259 beyn\u0259lxalq t\u0259hl\u00fck\u0259sizlik, habel\u0259 ikit\u0259r\u0259fli v\u0259 \u00e7oxt\u0259r\u0259fli \u0259m\u0259kda\u015fl\u0131q m\u0259s\u0259l\u0259l\u0259rini m\u00fczakir\u0259 edibl\u0259r. G\u0259l\u0259n il diplomatik m\u00fcnasib\u0259tl\u0259rin yarad\u0131lmas\u0131n\u0131n 30 illik yubileyi il\u0259 \u0259laq\u0259dar, \u0259m\u0259kda\u015fl\u0131q \u0259laq\u0259l\u0259rinin intensivl\u0259\u015fdirilm\u0259sinin \u0259h\u0259miyy\u0259ti vur\u011fulan\u0131b.<\/p>\n","protected":false},"excerpt":{"rendered":"<p>Litva Respublikas\u0131n\u0131n yeni xarici i\u015fl\u0259r naziri Kestutis Budris dekabr\u0131n 31-d\u0259 Az\u0259rbaycan\u0131n xarici i\u015fl\u0259r naziri Ceyhun Bayramova z\u0259ng edib. Bu bar\u0259d\u0259\u00a0Musavat.com-a Xarici \u0130\u015fl\u0259r Nazirliyind\u0259n bildirilib. Qeyd edilib ki, nazir Kestutis Budris \u201cAz\u0259rbaycan Hava Yollar\u0131na\u201d m\u0259xsus s\u0259rni\u015fin t\u0259yyar\u0259sinin Bak\u0131-Qrozn\u0131 reysini h\u0259yata ke\u00e7ir\u0259rk\u0259n Aktau \u015f\u0259h\u0259ri yax\u0131nl\u0131\u011f\u0131nda faci\u0259vi \u015f\u0259kild\u0259 q\u0259zaya u\u011framas\u0131 il\u0259 ba\u011fl\u0131 ba\u015fsa\u011fl\u0131\u011f\u0131 dil\u0259kl\u0259rini \u00e7atd\u0131r\u0131b, q\u0259za n\u0259tic\u0259sind\u0259 v\u0259fat ed\u0259nl\u0259r\u0259 r\u0259hm\u0259t, yaral\u0131lara \u015f\u0259fa arzulay\u0131b. Nazir K.Budris ilk telefon z\u0259nginin bel\u0259 k\u0259d\u0259rli g\u00fcn il\u0259 ba\u011fl\u0131 apar\u0131lmas\u0131ndan t\u0259\u0259ss\u00fcfl\u0259ndiyini, Litva t\u0259r\u0259finin yaral\u0131lar\u0131n reabilitasiyas\u0131 v\u0259 faci\u0259nin s\u0259b\u0259bl\u0259rinin ara\u015fd\u0131r\u0131lmas\u0131 istiqam\u0259tind\u0259 m\u00fcmk\u00fcn d\u0259st\u0259yin g\u00f6st\u0259rilm\u0259sin\u0259 daim haz\u0131r oldu\u011funu diqq\u0259t\u0259 \u00e7atd\u0131r\u0131b. Ceyhun&hellip;<\/p>\n","protected":false},"author":2,"featured_media":778497,"comment_status":"closed","ping_status":"closed","sticky":false,"template":"","format":"standard","meta":{"om_disable_all_campaigns":false,"_monsterinsights_skip_tracking":false,"_monsterinsights_sitenote_active":false,"_monsterinsights_sitenote_note":"","_monsterinsights_sitenote_category":0},"categories":[4],"tags":[],"aioseo_notices":[],"gutentor_comment":0,"rttpg_featured_image_url":{"full":["https:\/\/arantv.az\/wp-content\/uploads\/2024\/12\/78232e61e1516f318c317b08c07165d4.jpg",850,500,false],"landscape":["https:\/\/arantv.az\/wp-content\/uploads\/2024\/12\/78232e61e1516f318c317b08c07165d4.jpg",850,500,false],"portraits":["https:\/\/arantv.az\/wp-content\/uploads\/2024\/12\/78232e61e1516f318c317b08c07165d4.jpg",850,500,false],"thumbnail":["https:\/\/arantv.az\/wp-content\/uploads\/2024\/12\/78232e61e1516f318c317b08c07165d4-500x280.jpg",500,280,true],"medium":["https:\/\/arantv.az\/wp-content\/uploads\/2024\/12\/78232e61e1516f318c317b08c07165d4-621x365.jpg",621,365,true],"large":["https:\/\/arantv.az\/wp-content\/uploads\/2024\/12\/78232e61e1516f318c317b08c07165d4-840x494.jpg",640,376,true],"1536x1536":["https:\/\/arantv.az\/wp-content\/uploads\/2024\/12\/78232e61e1516f318c317b08c07165d4.jpg",850,500,false],"2048x2048":["https:\/\/arantv.az\/wp-content\/uploads\/2024\/12\/78232e61e1516f318c317b08c07165d4.jpg",850,500,false],"post-thumbnail":["https:\/\/arantv.az\/wp-content\/uploads\/2024\/12\/78232e61e1516f318c317b08c07165d4-240x172.jpg",240,172,true],"advps-thumb-one":["https:\/\/arantv.az\/wp-content\/uploads\/2024\/12\/78232e61e1516f318c317b08c07165d4.jpg",850,500,false]},"rttpg_author":{"display_name":"V\u00fcsal Rafiqo\u011flu","author_link":"https:\/\/arantv.az\/?author=2"},"rttpg_comment":0,"rttpg_category":"<a href=\"https:\/\/arantv.az\/?cat=4\" rel=\"category\">Siyas\u0259t<\/a>","rttpg_excerpt":"Litva Respublikas\u0131n\u0131n yeni xarici i\u015fl\u0259r naziri Kestutis Budris dekabr\u0131n 31-d\u0259 Az\u0259rbaycan\u0131n xarici i\u015fl\u0259r naziri Ceyhun Bayramova z\u0259ng edib. Bu bar\u0259d\u0259\u00a0Musavat.com-a Xarici \u0130\u015fl\u0259r Nazirliyind\u0259n bildirilib. Qeyd edilib ki, nazir Kestutis Budris \u201cAz\u0259rbaycan Hava Yollar\u0131na\u201d m\u0259xsus s\u0259rni\u015fin t\u0259yyar\u0259sinin Bak\u0131-Qrozn\u0131 reysini h\u0259yata ke\u00e7ir\u0259rk\u0259n Aktau \u015f\u0259h\u0259ri yax\u0131nl\u0131\u011f\u0131nda faci\u0259vi \u015f\u0259kild\u0259 q\u0259zaya u\u011framas\u0131 il\u0259 ba\u011fl\u0131 ba\u015fsa\u011fl\u0131\u011f\u0131 dil\u0259kl\u0259rini \u00e7atd\u0131r\u0131b, q\u0259za n\u0259tic\u0259sind\u0259 v\u0259fat&hellip;","_links":{"self":[{"href":"https:\/\/arantv.az\/index.php?rest_route=\/wp\/v2\/posts\/778496"}],"collection":[{"href":"https:\/\/arantv.az\/index.php?rest_route=\/wp\/v2\/posts"}],"about":[{"href":"https:\/\/arantv.az\/index.php?rest_route=\/wp\/v2\/types\/post"}],"author":[{"embeddable":true,"href":"https:\/\/arantv.az\/index.php?rest_route=\/wp\/v2\/users\/2"}],"replies":[{"embeddable":true,"href":"https:\/\/arantv.az\/index.php?rest_route=%2Fwp%2Fv2%2Fcomments&post=778496"}],"version-history":[{"count":1,"href":"https:\/\/arantv.az\/index.php?rest_route=\/wp\/v2\/posts\/778496\/revisions"}],"predecessor-version":[{"id":778498,"href":"https:\/\/arantv.az\/index.php?rest_route=\/wp\/v2\/posts\/778496\/revisions\/778498"}],"wp:featuredmedia":[{"embeddable":true,"href":"https:\/\/arantv.az\/index.php?rest_route=\/wp\/v2\/media\/778497"}],"wp:attachment":[{"href":"https:\/\/arantv.az\/index.php?rest_route=%2Fwp%2Fv2%2Fmedia&parent=778496"}],"wp:term":[{"taxonomy":"category","embeddable":true,"href":"https:\/\/arantv.az\/index.php?rest_route=%2Fwp%2Fv2%2Fcategories&post=778496"},{"taxonomy":"post_tag","embeddable":true,"href":"https:\/\/arantv.az\/index.php?rest_route=%2Fwp%2Fv2%2Ftags&post=778496"}],"curies":[{"name":"wp","href":"https:\/\/api.w.org\/{rel}","templated":true}]}}