{"id":778511,"date":"2025-01-01T00:13:33","date_gmt":"2024-12-31T20:13:33","guid":{"rendered":"https:\/\/arantv.az\/?p=778511"},"modified":"2025-01-01T00:13:33","modified_gmt":"2024-12-31T20:13:33","slug":"prezident-ilham-%c9%99liyev-bu-il-az%c9%99rbaycan-ucun-%c9%99n-narahatedici-m%c9%99qami-aciqladi","status":"publish","type":"post","link":"https:\/\/arantv.az\/?p=778511","title":{"rendered":"Prezident \u0130lham \u018fliyev bu il Az\u0259rbaycan \u00fc\u00e7\u00fcn \u0259n narahatedici m\u0259qam\u0131 a\u00e7\u0131qlad\u0131"},"content":{"rendered":"<p><strong>Erm\u0259nistan\u0131n geni\u015fmiqyasl\u0131 silahlanma kampaniyas\u0131 hesab edir\u0259m ki, b\u00f6lg\u0259 \u00fc\u00e7\u00fcn n\u00f6vb\u0259ti t\u0259hdid m\u0259nb\u0259yidir. \u018fg\u0259r bu il bizim \u00fc\u00e7\u00fcn \u0259n narahatedici m\u0259qam\u0131 qeyd ets\u0259k, t\u0259bii ki, bu, Erm\u0259nistan\u0131n silahlanmas\u0131d\u0131r.<\/strong><\/p>\n<p><strong>ARANTV.AZ <\/strong>\u00a0x\u0259b\u0259r verir ki, bu bar\u0259d\u0259 Prezident \u0130lham \u018fliyev D\u00fcnya Az\u0259rbaycanl\u0131lar\u0131n\u0131n H\u0259mr\u0259yliyi G\u00fcn\u00fc v\u0259 Yeni il m\u00fcnasib\u0259til\u0259 m\u00fcraci\u0259tind\u0259 bildirib.<\/p>\n<p>\u201cBunun he\u00e7 bir m\u0259ntiqi izahat\u0131 yoxdur. Erm\u0259nistan \u00f6z i\u015f\u011fal\u00e7\u0131l\u0131q siyas\u0259tind\u0259 tamamil\u0259 iflasla \u00fcz-\u00fcz\u0259 qalm\u0131\u015fd\u0131r\u201d, &#8211; dey\u0259 d\u00f6vl\u0259timizin ba\u015f\u00e7\u0131s\u0131 vur\u011fulay\u0131b.<\/p>\n","protected":false},"excerpt":{"rendered":"<p>Erm\u0259nistan\u0131n geni\u015fmiqyasl\u0131 silahlanma kampaniyas\u0131 hesab edir\u0259m ki, b\u00f6lg\u0259 \u00fc\u00e7\u00fcn n\u00f6vb\u0259ti t\u0259hdid m\u0259nb\u0259yidir. \u018fg\u0259r bu il bizim \u00fc\u00e7\u00fcn \u0259n narahatedici m\u0259qam\u0131 qeyd ets\u0259k, t\u0259bii ki, bu, Erm\u0259nistan\u0131n silahlanmas\u0131d\u0131r. ARANTV.AZ \u00a0x\u0259b\u0259r verir ki, bu bar\u0259d\u0259 Prezident \u0130lham \u018fliyev D\u00fcnya Az\u0259rbaycanl\u0131lar\u0131n\u0131n H\u0259mr\u0259yliyi G\u00fcn\u00fc v\u0259 Yeni il m\u00fcnasib\u0259til\u0259 m\u00fcraci\u0259tind\u0259 bildirib. \u201cBunun he\u00e7 bir m\u0259ntiqi izahat\u0131 yoxdur. Erm\u0259nistan \u00f6z i\u015f\u011fal\u00e7\u0131l\u0131q siyas\u0259tind\u0259 tamamil\u0259 iflasla \u00fcz-\u00fcz\u0259 qalm\u0131\u015fd\u0131r\u201d, &#8211; dey\u0259 d\u00f6vl\u0259timizin ba\u015f\u00e7\u0131s\u0131 vur\u011fulay\u0131b.<\/p>\n","protected":false},"author":2,"featured_media":778512,"comment_status":"closed","ping_status":"closed","sticky":false,"template":"","format":"standard","meta":{"om_disable_all_campaigns":false,"_monsterinsights_skip_tracking":false,"_monsterinsights_sitenote_active":false,"_monsterinsights_sitenote_note":"","_monsterinsights_sitenote_category":0},"categories":[4],"tags":[],"aioseo_notices":[],"gutentor_comment":0,"rttpg_featured_image_url":{"full":["https:\/\/arantv.az\/wp-content\/uploads\/2025\/01\/6f42b9d803aecf43cdc3ffb361e7ae4c.jpg",850,500,false],"landscape":["https:\/\/arantv.az\/wp-content\/uploads\/2025\/01\/6f42b9d803aecf43cdc3ffb361e7ae4c.jpg",850,500,false],"portraits":["https:\/\/arantv.az\/wp-content\/uploads\/2025\/01\/6f42b9d803aecf43cdc3ffb361e7ae4c.jpg",850,500,false],"thumbnail":["https:\/\/arantv.az\/wp-content\/uploads\/2025\/01\/6f42b9d803aecf43cdc3ffb361e7ae4c-500x280.jpg",500,280,true],"medium":["https:\/\/arantv.az\/wp-content\/uploads\/2025\/01\/6f42b9d803aecf43cdc3ffb361e7ae4c-621x365.jpg",621,365,true],"large":["https:\/\/arantv.az\/wp-content\/uploads\/2025\/01\/6f42b9d803aecf43cdc3ffb361e7ae4c-840x494.jpg",640,376,true],"1536x1536":["https:\/\/arantv.az\/wp-content\/uploads\/2025\/01\/6f42b9d803aecf43cdc3ffb361e7ae4c.jpg",850,500,false],"2048x2048":["https:\/\/arantv.az\/wp-content\/uploads\/2025\/01\/6f42b9d803aecf43cdc3ffb361e7ae4c.jpg",850,500,false],"post-thumbnail":["https:\/\/arantv.az\/wp-content\/uploads\/2025\/01\/6f42b9d803aecf43cdc3ffb361e7ae4c-240x172.jpg",240,172,true],"advps-thumb-one":["https:\/\/arantv.az\/wp-content\/uploads\/2025\/01\/6f42b9d803aecf43cdc3ffb361e7ae4c.jpg",850,500,false]},"rttpg_author":{"display_name":"V\u00fcsal Rafiqo\u011flu","author_link":"https:\/\/arantv.az\/?author=2"},"rttpg_comment":0,"rttpg_category":"<a href=\"https:\/\/arantv.az\/?cat=4\" rel=\"category\">Siyas\u0259t<\/a>","rttpg_excerpt":"Erm\u0259nistan\u0131n geni\u015fmiqyasl\u0131 silahlanma kampaniyas\u0131 hesab edir\u0259m ki, b\u00f6lg\u0259 \u00fc\u00e7\u00fcn n\u00f6vb\u0259ti t\u0259hdid m\u0259nb\u0259yidir. \u018fg\u0259r bu il bizim \u00fc\u00e7\u00fcn \u0259n narahatedici m\u0259qam\u0131 qeyd ets\u0259k, t\u0259bii ki, bu, Erm\u0259nistan\u0131n silahlanmas\u0131d\u0131r. ARANTV.AZ \u00a0x\u0259b\u0259r verir ki, bu bar\u0259d\u0259 Prezident \u0130lham \u018fliyev D\u00fcnya Az\u0259rbaycanl\u0131lar\u0131n\u0131n H\u0259mr\u0259yliyi G\u00fcn\u00fc v\u0259 Yeni il m\u00fcnasib\u0259til\u0259 m\u00fcraci\u0259tind\u0259 bildirib. \u201cBunun he\u00e7 bir m\u0259ntiqi izahat\u0131 yoxdur. Erm\u0259nistan \u00f6z i\u015f\u011fal\u00e7\u0131l\u0131q&hellip;","_links":{"self":[{"href":"https:\/\/arantv.az\/index.php?rest_route=\/wp\/v2\/posts\/778511"}],"collection":[{"href":"https:\/\/arantv.az\/index.php?rest_route=\/wp\/v2\/posts"}],"about":[{"href":"https:\/\/arantv.az\/index.php?rest_route=\/wp\/v2\/types\/post"}],"author":[{"embeddable":true,"href":"https:\/\/arantv.az\/index.php?rest_route=\/wp\/v2\/users\/2"}],"replies":[{"embeddable":true,"href":"https:\/\/arantv.az\/index.php?rest_route=%2Fwp%2Fv2%2Fcomments&post=778511"}],"version-history":[{"count":1,"href":"https:\/\/arantv.az\/index.php?rest_route=\/wp\/v2\/posts\/778511\/revisions"}],"predecessor-version":[{"id":778513,"href":"https:\/\/arantv.az\/index.php?rest_route=\/wp\/v2\/posts\/778511\/revisions\/778513"}],"wp:featuredmedia":[{"embeddable":true,"href":"https:\/\/arantv.az\/index.php?rest_route=\/wp\/v2\/media\/778512"}],"wp:attachment":[{"href":"https:\/\/arantv.az\/index.php?rest_route=%2Fwp%2Fv2%2Fmedia&parent=778511"}],"wp:term":[{"taxonomy":"category","embeddable":true,"href":"https:\/\/arantv.az\/index.php?rest_route=%2Fwp%2Fv2%2Fcategories&post=778511"},{"taxonomy":"post_tag","embeddable":true,"href":"https:\/\/arantv.az\/index.php?rest_route=%2Fwp%2Fv2%2Ftags&post=778511"}],"curies":[{"name":"wp","href":"https:\/\/api.w.org\/{rel}","templated":true}]}}