{"id":778520,"date":"2025-01-01T00:48:27","date_gmt":"2024-12-31T20:48:27","guid":{"rendered":"https:\/\/arantv.az\/?p=778520"},"modified":"2025-01-01T00:48:27","modified_gmt":"2024-12-31T20:48:27","slug":"xank%c9%99ndid%c9%99-sakinl%c9%99r-yeni-ili-at%c9%99sf%c9%99sanliqla-qarsilayiblar-foto-video","status":"publish","type":"post","link":"https:\/\/arantv.az\/?p=778520","title":{"rendered":"Xank\u0259ndid\u0259 sakinl\u0259r Yeni ili at\u0259\u015ff\u0259\u015fanl\u0131qla qar\u015f\u0131lay\u0131blar- FOTO, V\u0130DEO"},"content":{"rendered":"<p><iframe loading=\"lazy\" title=\"Xank\u0259ndid\u0259  sakinl\u0259r Yeni ili at\u0259\u015ff\u0259\u015fanl\u0131qla qar\u015f\u0131lay\u0131blar\" width=\"640\" height=\"360\" src=\"https:\/\/www.youtube.com\/embed\/RtTYvz-s27o?feature=oembed\" frameborder=\"0\" allow=\"accelerometer; autoplay; clipboard-write; encrypted-media; gyroscope; picture-in-picture; web-share\" referrerpolicy=\"strict-origin-when-cross-origin\" allowfullscreen><\/iframe><\/p>\n<p>D\u00fcnya Az\u0259rbaycanl\u0131lar\u0131n\u0131n H\u0259mr\u0259yliyi G\u00fcn\u00fc v\u0259 Yeni il bayram\u0131 Xank\u0259ndid\u0259 ya\u015fayan sakinl\u0259r t\u0259r\u0259find\u0259n qeyd edilib. Otuz d\u00f6rd illik yurd h\u0259sr\u0259tind\u0259n sonra do\u011fma torpaq, Xank\u0259ndi \u015f\u0259h\u0259rind\u0259 sakinl\u0259rin bayram sevinci \u015f\u0259h\u0259rd\u0259 at\u0259\u015ff\u0259\u015fanl\u0131qla m\u00fc\u015fahid\u0259 olunub.<\/p>\n<p>Qonaqlar ilk \u00f6nc\u0259 bayram yarmarkas\u0131nda b\u00f6y\u00fck monitor vasit\u0259si il\u0259 Prezident \u0130lham \u018fliyevin D\u00fcnya Az\u0259rbaycanl\u0131lar\u0131n\u0131n H\u0259mr\u0259yliyi G\u00fcn\u00fc v\u0259 Yeni il m\u00fcnasib\u0259til\u0259 m\u00fcraci\u0259tini dinl\u0259yib.<\/p>\n<p>Xank\u0259ndi \u015f\u0259h\u0259ri 2025-ci ili do\u011fma sakinl\u0259ri il\u0259 birlikd\u0259 qar\u015f\u0131lay\u0131b. Bayram \u0259r\u0259f\u0259sind\u0259 t\u0259\u015fkil edil\u0259n konsert proqram\u0131, bir ne\u00e7\u0259 g\u00fcn davam ed\u0259n yarmarka v\u0259 bir-birind\u0259n maraql\u0131 t\u0259dbirl\u0259r sakinl\u0259r \u00fc\u00e7\u00fcn \u0259sl \u0259yl\u0259nc\u0259y\u0259 \u00e7evrilib. Yeni ilin g\u0259li\u015fi m\u00fcnasib\u0259til\u0259 Xank\u0259ndi s\u0259mas\u0131nda m\u00fc\u015fahid\u0259 edil\u0259n at\u0259\u015ff\u0259\u015fanl\u0131q daha yaddaqalan olub.<\/p>\n<p>Bayram sevincini b\u00f6l\u00fc\u015fm\u0259k \u00fc\u00e7\u00fcn Z\u0259f\u0259r meydan\u0131na topla\u015fan d\u00f6vl\u0259t qurumlar\u0131n\u0131n \u0259m\u0259kda\u015flar\u0131, Qaraba\u011f D\u00f6vl\u0259t Universitetinin m\u00fc\u0259llim v\u0259 t\u0259l\u0259b\u0259l\u0259ri, \u015f\u0259h\u0259rd\u0259 ya\u015fayanlar v\u0259 qonaqlar at\u0259\u015ff\u0259\u015fanl\u0131\u011f\u0131 b\u00f6y\u00fck maraqla izl\u0259yibl\u0259r. At\u0259\u015ff\u0259\u015fanl\u0131q Qaraba\u011f\u0131n, Xank\u0259ndi \u015f\u0259h\u0259rinin s\u0259mas\u0131n\u0131 al-\u0259lvan r\u0259ngl\u0259r\u0259 boyay\u0131b. M\u00f6ht\u0259\u015f\u0259m at\u0259\u015ff\u0259\u015fanl\u0131qj co\u015fqu il\u0259 qar\u015f\u0131lan\u0131b.<\/p>\n<p><img loading=\"lazy\" class=\"alignnone size-medium wp-image-778521\" src=\"https:\/\/arantv.az\/wp-content\/uploads\/2025\/01\/IMG-20250101-WA0015-487x365.jpg\" alt=\"\" width=\"487\" height=\"365\" \/> <img loading=\"lazy\" class=\"alignnone size-medium wp-image-778522\" src=\"https:\/\/arantv.az\/wp-content\/uploads\/2025\/01\/IMG-20250101-WA0016-487x365.jpg\" alt=\"\" width=\"487\" height=\"365\" \/> <img loading=\"lazy\" class=\"alignnone size-medium wp-image-778523\" src=\"https:\/\/arantv.az\/wp-content\/uploads\/2025\/01\/IMG-20250101-WA0013-485x365.jpg\" alt=\"\" width=\"485\" height=\"365\" \/> <img loading=\"lazy\" class=\"alignnone size-medium wp-image-778524\" src=\"https:\/\/arantv.az\/wp-content\/uploads\/2025\/01\/IMG-20250101-WA0011-275x365.jpg\" alt=\"\" width=\"275\" height=\"365\" \/> <img loading=\"lazy\" class=\"alignnone size-medium wp-image-778525\" src=\"https:\/\/arantv.az\/wp-content\/uploads\/2025\/01\/IMG-20250101-WA0014-274x365.jpg\" alt=\"\" width=\"274\" height=\"365\" \/> <img loading=\"lazy\" class=\"alignnone size-medium wp-image-778526\" src=\"https:\/\/arantv.az\/wp-content\/uploads\/2025\/01\/IMG-20250101-WA0012-487x365.jpg\" alt=\"\" width=\"487\" height=\"365\" \/> <img loading=\"lazy\" class=\"alignnone size-medium wp-image-778527\" src=\"https:\/\/arantv.az\/wp-content\/uploads\/2025\/01\/IMG-20250101-WA0009-485x365.jpg\" alt=\"\" width=\"485\" height=\"365\" \/> <img loading=\"lazy\" class=\"alignnone size-medium wp-image-778528\" src=\"https:\/\/arantv.az\/wp-content\/uploads\/2025\/01\/IMG-20250101-WA0010-485x365.jpg\" alt=\"\" width=\"485\" height=\"365\" \/><\/p>\n","protected":false},"excerpt":{"rendered":"<p>D\u00fcnya Az\u0259rbaycanl\u0131lar\u0131n\u0131n H\u0259mr\u0259yliyi G\u00fcn\u00fc v\u0259 Yeni il bayram\u0131 Xank\u0259ndid\u0259 ya\u015fayan sakinl\u0259r t\u0259r\u0259find\u0259n qeyd edilib. Otuz d\u00f6rd illik yurd h\u0259sr\u0259tind\u0259n sonra do\u011fma torpaq, Xank\u0259ndi \u015f\u0259h\u0259rind\u0259 sakinl\u0259rin bayram sevinci \u015f\u0259h\u0259rd\u0259 at\u0259\u015ff\u0259\u015fanl\u0131qla m\u00fc\u015fahid\u0259 olunub. Qonaqlar ilk \u00f6nc\u0259 bayram yarmarkas\u0131nda b\u00f6y\u00fck monitor vasit\u0259si il\u0259 Prezident \u0130lham \u018fliyevin D\u00fcnya Az\u0259rbaycanl\u0131lar\u0131n\u0131n H\u0259mr\u0259yliyi G\u00fcn\u00fc v\u0259 Yeni il m\u00fcnasib\u0259til\u0259 m\u00fcraci\u0259tini dinl\u0259yib. Xank\u0259ndi \u015f\u0259h\u0259ri 2025-ci ili do\u011fma sakinl\u0259ri il\u0259 birlikd\u0259 qar\u015f\u0131lay\u0131b. Bayram \u0259r\u0259f\u0259sind\u0259 t\u0259\u015fkil edil\u0259n konsert proqram\u0131, bir ne\u00e7\u0259 g\u00fcn davam ed\u0259n yarmarka v\u0259 bir-birind\u0259n maraql\u0131 t\u0259dbirl\u0259r sakinl\u0259r \u00fc\u00e7\u00fcn \u0259sl \u0259yl\u0259nc\u0259y\u0259 \u00e7evrilib. Yeni ilin g\u0259li\u015fi m\u00fcnasib\u0259til\u0259 Xank\u0259ndi s\u0259mas\u0131nda m\u00fc\u015fahid\u0259&hellip;<\/p>\n","protected":false},"author":2,"featured_media":778521,"comment_status":"closed","ping_status":"closed","sticky":false,"template":"","format":"standard","meta":{"om_disable_all_campaigns":false,"_monsterinsights_skip_tracking":false,"_monsterinsights_sitenote_active":false,"_monsterinsights_sitenote_note":"","_monsterinsights_sitenote_category":0},"categories":[1],"tags":[],"aioseo_notices":[],"gutentor_comment":0,"rttpg_featured_image_url":{"full":["https:\/\/arantv.az\/wp-content\/uploads\/2025\/01\/IMG-20250101-WA0015.jpg",1200,900,false],"landscape":["https:\/\/arantv.az\/wp-content\/uploads\/2025\/01\/IMG-20250101-WA0015.jpg",1200,900,false],"portraits":["https:\/\/arantv.az\/wp-content\/uploads\/2025\/01\/IMG-20250101-WA0015.jpg",1200,900,false],"thumbnail":["https:\/\/arantv.az\/wp-content\/uploads\/2025\/01\/IMG-20250101-WA0015-500x280.jpg",500,280,true],"medium":["https:\/\/arantv.az\/wp-content\/uploads\/2025\/01\/IMG-20250101-WA0015-487x365.jpg",487,365,true],"large":["https:\/\/arantv.az\/wp-content\/uploads\/2025\/01\/IMG-20250101-WA0015-840x630.jpg",640,480,true],"1536x1536":["https:\/\/arantv.az\/wp-content\/uploads\/2025\/01\/IMG-20250101-WA0015.jpg",1200,900,false],"2048x2048":["https:\/\/arantv.az\/wp-content\/uploads\/2025\/01\/IMG-20250101-WA0015.jpg",1200,900,false],"post-thumbnail":["https:\/\/arantv.az\/wp-content\/uploads\/2025\/01\/IMG-20250101-WA0015-240x172.jpg",240,172,true],"advps-thumb-one":["https:\/\/arantv.az\/wp-content\/uploads\/2025\/01\/IMG-20250101-WA0015-1200x620.jpg",1200,620,true]},"rttpg_author":{"display_name":"V\u00fcsal Rafiqo\u011flu","author_link":"https:\/\/arantv.az\/?author=2"},"rttpg_comment":0,"rttpg_category":"<a href=\"https:\/\/arantv.az\/?cat=1\" rel=\"category\">C\u0259miyy\u0259t<\/a>","rttpg_excerpt":"D\u00fcnya Az\u0259rbaycanl\u0131lar\u0131n\u0131n H\u0259mr\u0259yliyi G\u00fcn\u00fc v\u0259 Yeni il bayram\u0131 Xank\u0259ndid\u0259 ya\u015fayan sakinl\u0259r t\u0259r\u0259find\u0259n qeyd edilib. Otuz d\u00f6rd illik yurd h\u0259sr\u0259tind\u0259n sonra do\u011fma torpaq, Xank\u0259ndi \u015f\u0259h\u0259rind\u0259 sakinl\u0259rin bayram sevinci \u015f\u0259h\u0259rd\u0259 at\u0259\u015ff\u0259\u015fanl\u0131qla m\u00fc\u015fahid\u0259 olunub. Qonaqlar ilk \u00f6nc\u0259 bayram yarmarkas\u0131nda b\u00f6y\u00fck monitor vasit\u0259si il\u0259 Prezident \u0130lham \u018fliyevin D\u00fcnya Az\u0259rbaycanl\u0131lar\u0131n\u0131n H\u0259mr\u0259yliyi G\u00fcn\u00fc v\u0259 Yeni il m\u00fcnasib\u0259til\u0259 m\u00fcraci\u0259tini dinl\u0259yib. Xank\u0259ndi \u015f\u0259h\u0259ri&hellip;","_links":{"self":[{"href":"https:\/\/arantv.az\/index.php?rest_route=\/wp\/v2\/posts\/778520"}],"collection":[{"href":"https:\/\/arantv.az\/index.php?rest_route=\/wp\/v2\/posts"}],"about":[{"href":"https:\/\/arantv.az\/index.php?rest_route=\/wp\/v2\/types\/post"}],"author":[{"embeddable":true,"href":"https:\/\/arantv.az\/index.php?rest_route=\/wp\/v2\/users\/2"}],"replies":[{"embeddable":true,"href":"https:\/\/arantv.az\/index.php?rest_route=%2Fwp%2Fv2%2Fcomments&post=778520"}],"version-history":[{"count":1,"href":"https:\/\/arantv.az\/index.php?rest_route=\/wp\/v2\/posts\/778520\/revisions"}],"predecessor-version":[{"id":778529,"href":"https:\/\/arantv.az\/index.php?rest_route=\/wp\/v2\/posts\/778520\/revisions\/778529"}],"wp:featuredmedia":[{"embeddable":true,"href":"https:\/\/arantv.az\/index.php?rest_route=\/wp\/v2\/media\/778521"}],"wp:attachment":[{"href":"https:\/\/arantv.az\/index.php?rest_route=%2Fwp%2Fv2%2Fmedia&parent=778520"}],"wp:term":[{"taxonomy":"category","embeddable":true,"href":"https:\/\/arantv.az\/index.php?rest_route=%2Fwp%2Fv2%2Fcategories&post=778520"},{"taxonomy":"post_tag","embeddable":true,"href":"https:\/\/arantv.az\/index.php?rest_route=%2Fwp%2Fv2%2Ftags&post=778520"}],"curies":[{"name":"wp","href":"https:\/\/api.w.org\/{rel}","templated":true}]}}