{"id":778535,"date":"2025-01-01T09:42:58","date_gmt":"2025-01-01T05:42:58","guid":{"rendered":"https:\/\/arantv.az\/?p=778535"},"modified":"2025-01-01T09:42:58","modified_gmt":"2025-01-01T05:42:58","slug":"az%c9%99rbaycanda-karantin-rejimi-il%c9%99-bagli-q%c9%99rar-quvv%c9%99y%c9%99-mindi","status":"publish","type":"post","link":"https:\/\/arantv.az\/?p=778535","title":{"rendered":"Az\u0259rbaycanda karantin rejimi il\u0259 ba\u011fl\u0131 q\u0259rar q\u00fcvv\u0259y\u0259 mindi"},"content":{"rendered":"<p><strong>Bu g\u00fcnd\u0259n Az\u0259rbaycanda x\u00fcsusi karantin rejiminin m\u00fcdd\u0259tinin uzad\u0131lmas\u0131 il\u0259 ba\u011fl\u0131 q\u0259rar q\u00fcvv\u0259y\u0259 minib.<\/strong><\/p>\n<p><strong>ARANTV.AZ <\/strong>\u00a0x\u0259b\u0259r verir ki, bu, Ba\u015f nazir \u018fli \u018fs\u0259dovun imzalad\u0131\u011f\u0131 &#8220;Az\u0259rbaycan Respublikas\u0131n\u0131n \u0259razisind\u0259 x\u00fcsusi karantin rejiminin m\u00fcdd\u0259tinin uzad\u0131lmas\u0131 haqq\u0131nda&#8221; q\u0259rarda \u0259skini tap\u0131b.<\/p>\n<p>Bel\u0259 ki, koronavirus infeksiyas\u0131n\u0131n \u00f6lk\u0259 \u0259razisind\u0259 yay\u0131lmas\u0131n\u0131n, onun t\u00f6r\u0259d\u0259 bil\u0259c\u0259yi f\u0259sadlar\u0131n qar\u015f\u0131s\u0131n\u0131n al\u0131nmas\u0131 m\u0259qs\u0259dil\u0259 karantin rejiminin m\u00fcdd\u0259ti aprelin 1-i saat 06:00-d\u0259k uzad\u0131l\u0131b.<\/p>\n","protected":false},"excerpt":{"rendered":"<p>Bu g\u00fcnd\u0259n Az\u0259rbaycanda x\u00fcsusi karantin rejiminin m\u00fcdd\u0259tinin uzad\u0131lmas\u0131 il\u0259 ba\u011fl\u0131 q\u0259rar q\u00fcvv\u0259y\u0259 minib. ARANTV.AZ \u00a0x\u0259b\u0259r verir ki, bu, Ba\u015f nazir \u018fli \u018fs\u0259dovun imzalad\u0131\u011f\u0131 &#8220;Az\u0259rbaycan Respublikas\u0131n\u0131n \u0259razisind\u0259 x\u00fcsusi karantin rejiminin m\u00fcdd\u0259tinin uzad\u0131lmas\u0131 haqq\u0131nda&#8221; q\u0259rarda \u0259skini tap\u0131b. Bel\u0259 ki, koronavirus infeksiyas\u0131n\u0131n \u00f6lk\u0259 \u0259razisind\u0259 yay\u0131lmas\u0131n\u0131n, onun t\u00f6r\u0259d\u0259 bil\u0259c\u0259yi f\u0259sadlar\u0131n qar\u015f\u0131s\u0131n\u0131n al\u0131nmas\u0131 m\u0259qs\u0259dil\u0259 karantin rejiminin m\u00fcdd\u0259ti aprelin 1-i saat 06:00-d\u0259k uzad\u0131l\u0131b.<\/p>\n","protected":false},"author":2,"featured_media":778536,"comment_status":"closed","ping_status":"closed","sticky":false,"template":"","format":"standard","meta":{"om_disable_all_campaigns":false,"_monsterinsights_skip_tracking":false,"_monsterinsights_sitenote_active":false,"_monsterinsights_sitenote_note":"","_monsterinsights_sitenote_category":0},"categories":[1],"tags":[],"aioseo_notices":[],"gutentor_comment":0,"rttpg_featured_image_url":{"full":["https:\/\/arantv.az\/wp-content\/uploads\/2025\/01\/efa3378a9396a68b7fc2a3098ddf2d47.jpg",800,450,false],"landscape":["https:\/\/arantv.az\/wp-content\/uploads\/2025\/01\/efa3378a9396a68b7fc2a3098ddf2d47.jpg",800,450,false],"portraits":["https:\/\/arantv.az\/wp-content\/uploads\/2025\/01\/efa3378a9396a68b7fc2a3098ddf2d47.jpg",800,450,false],"thumbnail":["https:\/\/arantv.az\/wp-content\/uploads\/2025\/01\/efa3378a9396a68b7fc2a3098ddf2d47-500x280.jpg",500,280,true],"medium":["https:\/\/arantv.az\/wp-content\/uploads\/2025\/01\/efa3378a9396a68b7fc2a3098ddf2d47-649x365.jpg",649,365,true],"large":["https:\/\/arantv.az\/wp-content\/uploads\/2025\/01\/efa3378a9396a68b7fc2a3098ddf2d47.jpg",640,360,false],"1536x1536":["https:\/\/arantv.az\/wp-content\/uploads\/2025\/01\/efa3378a9396a68b7fc2a3098ddf2d47.jpg",800,450,false],"2048x2048":["https:\/\/arantv.az\/wp-content\/uploads\/2025\/01\/efa3378a9396a68b7fc2a3098ddf2d47.jpg",800,450,false],"post-thumbnail":["https:\/\/arantv.az\/wp-content\/uploads\/2025\/01\/efa3378a9396a68b7fc2a3098ddf2d47-240x172.jpg",240,172,true],"advps-thumb-one":["https:\/\/arantv.az\/wp-content\/uploads\/2025\/01\/efa3378a9396a68b7fc2a3098ddf2d47.jpg",800,450,false]},"rttpg_author":{"display_name":"V\u00fcsal Rafiqo\u011flu","author_link":"https:\/\/arantv.az\/?author=2"},"rttpg_comment":0,"rttpg_category":"<a href=\"https:\/\/arantv.az\/?cat=1\" rel=\"category\">C\u0259miyy\u0259t<\/a>","rttpg_excerpt":"Bu g\u00fcnd\u0259n Az\u0259rbaycanda x\u00fcsusi karantin rejiminin m\u00fcdd\u0259tinin uzad\u0131lmas\u0131 il\u0259 ba\u011fl\u0131 q\u0259rar q\u00fcvv\u0259y\u0259 minib. ARANTV.AZ \u00a0x\u0259b\u0259r verir ki, bu, Ba\u015f nazir \u018fli \u018fs\u0259dovun imzalad\u0131\u011f\u0131 &#8220;Az\u0259rbaycan Respublikas\u0131n\u0131n \u0259razisind\u0259 x\u00fcsusi karantin rejiminin m\u00fcdd\u0259tinin uzad\u0131lmas\u0131 haqq\u0131nda&#8221; q\u0259rarda \u0259skini tap\u0131b. Bel\u0259 ki, koronavirus infeksiyas\u0131n\u0131n \u00f6lk\u0259 \u0259razisind\u0259 yay\u0131lmas\u0131n\u0131n, onun t\u00f6r\u0259d\u0259 bil\u0259c\u0259yi f\u0259sadlar\u0131n qar\u015f\u0131s\u0131n\u0131n al\u0131nmas\u0131 m\u0259qs\u0259dil\u0259 karantin rejiminin m\u00fcdd\u0259ti aprelin 1-i saat&hellip;","_links":{"self":[{"href":"https:\/\/arantv.az\/index.php?rest_route=\/wp\/v2\/posts\/778535"}],"collection":[{"href":"https:\/\/arantv.az\/index.php?rest_route=\/wp\/v2\/posts"}],"about":[{"href":"https:\/\/arantv.az\/index.php?rest_route=\/wp\/v2\/types\/post"}],"author":[{"embeddable":true,"href":"https:\/\/arantv.az\/index.php?rest_route=\/wp\/v2\/users\/2"}],"replies":[{"embeddable":true,"href":"https:\/\/arantv.az\/index.php?rest_route=%2Fwp%2Fv2%2Fcomments&post=778535"}],"version-history":[{"count":1,"href":"https:\/\/arantv.az\/index.php?rest_route=\/wp\/v2\/posts\/778535\/revisions"}],"predecessor-version":[{"id":778537,"href":"https:\/\/arantv.az\/index.php?rest_route=\/wp\/v2\/posts\/778535\/revisions\/778537"}],"wp:featuredmedia":[{"embeddable":true,"href":"https:\/\/arantv.az\/index.php?rest_route=\/wp\/v2\/media\/778536"}],"wp:attachment":[{"href":"https:\/\/arantv.az\/index.php?rest_route=%2Fwp%2Fv2%2Fmedia&parent=778535"}],"wp:term":[{"taxonomy":"category","embeddable":true,"href":"https:\/\/arantv.az\/index.php?rest_route=%2Fwp%2Fv2%2Fcategories&post=778535"},{"taxonomy":"post_tag","embeddable":true,"href":"https:\/\/arantv.az\/index.php?rest_route=%2Fwp%2Fv2%2Ftags&post=778535"}],"curies":[{"name":"wp","href":"https:\/\/api.w.org\/{rel}","templated":true}]}}