{"id":778538,"date":"2025-01-01T09:44:08","date_gmt":"2025-01-01T05:44:08","guid":{"rendered":"https:\/\/arantv.az\/?p=778538"},"modified":"2025-01-01T09:44:08","modified_gmt":"2025-01-01T05:44:08","slug":"muasir-dunyadaki-nagillar-al%c9%99mi-saxta-baba-il%c9%99-santa-klausu-n%c9%99-birl%c9%99sdirir","status":"publish","type":"post","link":"https:\/\/arantv.az\/?p=778538","title":{"rendered":"M\u00fcasir d\u00fcnyadak\u0131 na\u011f\u0131llar al\u0259mi: \u015eaxta baba il\u0259 Santa-Klausu n\u0259 birl\u0259\u015fdirir?"},"content":{"rendered":"<div class=\"text-content\" data-id=\"\" data-url=\"\">\n<p><em><strong>&#8220;Oralarda nec\u0259dir?&#8221; rubrikas\u0131n\u0131n yeni burax\u0131l\u0131\u015f\u0131 yay\u0131mlan\u0131b.<\/strong><\/em><\/p>\n<p>Bu d\u0259f\u0259 Bak\u0131dan 4 452 kilometr uzaqda olan, alman v\u0259 frans\u0131z m\u0259d\u0259niyy\u0259tinin qovu\u015fdu\u011fu Strasburqdan b\u0259hs olunub.<\/p>\n<p>Maraql\u0131d\u0131r ki, tarix\u0259n bu \u015f\u0259h\u0259r gah Almaniyan\u0131n, gah da Fransan\u0131n \u0259razisi hesab edilib. \u0130ndi d\u0259 \u00e7oxlar\u0131 Strasburqun hans\u0131 \u00f6lk\u0259y\u0259 aid olmas\u0131n\u0131 qar\u0131\u015f\u0131q sal\u0131rlar. Elzas \u0259yal\u0259tinin paytaxt\u0131 Strasburq fua-qra delikatesinin v\u0259 Santa-Klauslar\u0131n v\u0259t\u0259ni hesab olunur. Yeni il \u0259r\u0259f\u0259sind\u0259 Strasburqda dem\u0259k olar ki, h\u0259r yerd\u0259 Santa-Klaus g\u00f6rm\u0259k m\u00fcmk\u00fcnd\u00fcr.<\/p>\n<p>Onlar deyirl\u0259r ki, bu i\u015fd\u0259 \u00e7al\u0131\u015fmaq \u00fc\u00e7\u00fcn u\u015faqlar\u0131 sevm\u0259k \u0259sasd\u0131r. Bizim \u015eaxta babalarla Strasburqdak\u0131 Santalar\u0131n ox\u015far x\u00fcsusiyy\u0259ti onlar\u0131n h\u0259r ikisinin b\u00f6y\u00fck qar\u0131nlar\u0131n\u0131n olmas\u0131d\u0131r. Bel\u0259 ki, qarn\u0131 b\u00f6y\u00fck olmayan\u0131 \u0259sl Santa-Klaus hesab etmirl\u0259r. Yeni ild\u0259 Santan\u0131 ev\u0259 \u00e7a\u011f\u0131rmaq 50 avroya, bizim pulla 89 manata ba\u015fa g\u0259lir.<\/p>\n<p>B\u0259z\u0259n onlar pensiyaya \u00e7\u0131xm\u0131\u015f insanlar da olurlar. Strasburqda Santa kimi i\u015fl\u0259m\u0259k \u00fc\u00e7\u00fcn kastinqd\u0259n ke\u00e7m\u0259k laz\u0131md\u0131r. Santalar Yeni il \u0259r\u0259f\u0259sind\u0259 aya 2 000 avro qazan\u0131rlar. Bu is\u0259 bizim pulla 3 572 manat edir. Strasburq \u0259halisi Yeni il \u00fc\u00e7\u00fcn \u0259sl \u015fam a\u011fac\u0131 b\u0259z\u0259m\u0259yi sevirl\u0259r. Qiym\u0259ti 50-300 avro, y\u0259ni bizim pulla 89-535 manat aras\u0131nda d\u0259yi\u015f\u0259n a\u011faclar\u0131 x\u00fcsusi plantasiyalardan almaq m\u00fcmk\u00fcnd\u00fcr. Bayram bit\u0259nd\u0259n sonra is\u0259 onu zibil\u0259 atmaq olmaz. Qap\u0131n\u0131n \u00f6n\u00fcn\u0259 qoyurlar ki, x\u00fcsusi ma\u015f\u0131nlar g\u0259lib apars\u0131nlar.<\/p>\n<p>\u018ftrafl\u0131 Baku TV-nin s\u00fcjetind\u0259:<\/p>\n<p><iframe title=\"M\u00fcasir d\u00fcnyadak\u0131 na\u011f\u0131llar al\u0259mi | Gec\u0259l\u0259r \u015f\u0259h\u0259ri qoruyan &quot;qara ruh&quot; kimdir? - ORALARDA NEC\u018fD\u0130R?\" src=\"https:\/\/www.youtube.com\/embed\/IWhubDygT6U\" frameborder=\"0\" allowfullscreen=\"allowfullscreen\" data-mce-fragment=\"1\"><\/iframe><\/p>\n<\/div>\n<div><\/div>\n<div><\/div>\n<div class=\"inner-social-box\">\n<div class=\"subs-in-social subs-whatsapp\"><\/div>\n<\/div>\n","protected":false},"excerpt":{"rendered":"<p>&#8220;Oralarda nec\u0259dir?&#8221; rubrikas\u0131n\u0131n yeni burax\u0131l\u0131\u015f\u0131 yay\u0131mlan\u0131b. Bu d\u0259f\u0259 Bak\u0131dan 4 452 kilometr uzaqda olan, alman v\u0259 frans\u0131z m\u0259d\u0259niyy\u0259tinin qovu\u015fdu\u011fu Strasburqdan b\u0259hs olunub. Maraql\u0131d\u0131r ki, tarix\u0259n bu \u015f\u0259h\u0259r gah Almaniyan\u0131n, gah da Fransan\u0131n \u0259razisi hesab edilib. \u0130ndi d\u0259 \u00e7oxlar\u0131 Strasburqun hans\u0131 \u00f6lk\u0259y\u0259 aid olmas\u0131n\u0131 qar\u0131\u015f\u0131q sal\u0131rlar. Elzas \u0259yal\u0259tinin paytaxt\u0131 Strasburq fua-qra delikatesinin v\u0259 Santa-Klauslar\u0131n v\u0259t\u0259ni hesab olunur. Yeni il \u0259r\u0259f\u0259sind\u0259 Strasburqda dem\u0259k olar ki, h\u0259r yerd\u0259 Santa-Klaus g\u00f6rm\u0259k m\u00fcmk\u00fcnd\u00fcr. Onlar deyirl\u0259r ki, bu i\u015fd\u0259 \u00e7al\u0131\u015fmaq \u00fc\u00e7\u00fcn u\u015faqlar\u0131 sevm\u0259k \u0259sasd\u0131r. Bizim \u015eaxta babalarla Strasburqdak\u0131 Santalar\u0131n ox\u015far x\u00fcsusiyy\u0259ti onlar\u0131n h\u0259r ikisinin b\u00f6y\u00fck qar\u0131nlar\u0131n\u0131n&hellip;<\/p>\n","protected":false},"author":2,"featured_media":778539,"comment_status":"closed","ping_status":"closed","sticky":false,"template":"","format":"standard","meta":{"om_disable_all_campaigns":false,"_monsterinsights_skip_tracking":false,"_monsterinsights_sitenote_active":false,"_monsterinsights_sitenote_note":"","_monsterinsights_sitenote_category":0},"categories":[24],"tags":[],"aioseo_notices":[],"gutentor_comment":0,"rttpg_featured_image_url":{"full":["https:\/\/arantv.az\/wp-content\/uploads\/2025\/01\/2deebef5787dfe94b26e9caef1ee3350.jpg",870,500,false],"landscape":["https:\/\/arantv.az\/wp-content\/uploads\/2025\/01\/2deebef5787dfe94b26e9caef1ee3350.jpg",870,500,false],"portraits":["https:\/\/arantv.az\/wp-content\/uploads\/2025\/01\/2deebef5787dfe94b26e9caef1ee3350.jpg",870,500,false],"thumbnail":["https:\/\/arantv.az\/wp-content\/uploads\/2025\/01\/2deebef5787dfe94b26e9caef1ee3350-500x280.jpg",500,280,true],"medium":["https:\/\/arantv.az\/wp-content\/uploads\/2025\/01\/2deebef5787dfe94b26e9caef1ee3350-635x365.jpg",635,365,true],"large":["https:\/\/arantv.az\/wp-content\/uploads\/2025\/01\/2deebef5787dfe94b26e9caef1ee3350-840x483.jpg",640,368,true],"1536x1536":["https:\/\/arantv.az\/wp-content\/uploads\/2025\/01\/2deebef5787dfe94b26e9caef1ee3350.jpg",870,500,false],"2048x2048":["https:\/\/arantv.az\/wp-content\/uploads\/2025\/01\/2deebef5787dfe94b26e9caef1ee3350.jpg",870,500,false],"post-thumbnail":["https:\/\/arantv.az\/wp-content\/uploads\/2025\/01\/2deebef5787dfe94b26e9caef1ee3350-240x172.jpg",240,172,true],"advps-thumb-one":["https:\/\/arantv.az\/wp-content\/uploads\/2025\/01\/2deebef5787dfe94b26e9caef1ee3350.jpg",870,500,false]},"rttpg_author":{"display_name":"V\u00fcsal Rafiqo\u011flu","author_link":"https:\/\/arantv.az\/?author=2"},"rttpg_comment":0,"rttpg_category":"<a href=\"https:\/\/arantv.az\/?cat=24\" rel=\"category\">Maraql\u0131<\/a>","rttpg_excerpt":"&#8220;Oralarda nec\u0259dir?&#8221; rubrikas\u0131n\u0131n yeni burax\u0131l\u0131\u015f\u0131 yay\u0131mlan\u0131b. Bu d\u0259f\u0259 Bak\u0131dan 4 452 kilometr uzaqda olan, alman v\u0259 frans\u0131z m\u0259d\u0259niyy\u0259tinin qovu\u015fdu\u011fu Strasburqdan b\u0259hs olunub. Maraql\u0131d\u0131r ki, tarix\u0259n bu \u015f\u0259h\u0259r gah Almaniyan\u0131n, gah da Fransan\u0131n \u0259razisi hesab edilib. \u0130ndi d\u0259 \u00e7oxlar\u0131 Strasburqun hans\u0131 \u00f6lk\u0259y\u0259 aid olmas\u0131n\u0131 qar\u0131\u015f\u0131q sal\u0131rlar. Elzas \u0259yal\u0259tinin paytaxt\u0131 Strasburq fua-qra delikatesinin v\u0259 Santa-Klauslar\u0131n v\u0259t\u0259ni hesab&hellip;","_links":{"self":[{"href":"https:\/\/arantv.az\/index.php?rest_route=\/wp\/v2\/posts\/778538"}],"collection":[{"href":"https:\/\/arantv.az\/index.php?rest_route=\/wp\/v2\/posts"}],"about":[{"href":"https:\/\/arantv.az\/index.php?rest_route=\/wp\/v2\/types\/post"}],"author":[{"embeddable":true,"href":"https:\/\/arantv.az\/index.php?rest_route=\/wp\/v2\/users\/2"}],"replies":[{"embeddable":true,"href":"https:\/\/arantv.az\/index.php?rest_route=%2Fwp%2Fv2%2Fcomments&post=778538"}],"version-history":[{"count":1,"href":"https:\/\/arantv.az\/index.php?rest_route=\/wp\/v2\/posts\/778538\/revisions"}],"predecessor-version":[{"id":778540,"href":"https:\/\/arantv.az\/index.php?rest_route=\/wp\/v2\/posts\/778538\/revisions\/778540"}],"wp:featuredmedia":[{"embeddable":true,"href":"https:\/\/arantv.az\/index.php?rest_route=\/wp\/v2\/media\/778539"}],"wp:attachment":[{"href":"https:\/\/arantv.az\/index.php?rest_route=%2Fwp%2Fv2%2Fmedia&parent=778538"}],"wp:term":[{"taxonomy":"category","embeddable":true,"href":"https:\/\/arantv.az\/index.php?rest_route=%2Fwp%2Fv2%2Fcategories&post=778538"},{"taxonomy":"post_tag","embeddable":true,"href":"https:\/\/arantv.az\/index.php?rest_route=%2Fwp%2Fv2%2Ftags&post=778538"}],"curies":[{"name":"wp","href":"https:\/\/api.w.org\/{rel}","templated":true}]}}