{"id":778544,"date":"2025-01-01T09:46:25","date_gmt":"2025-01-01T05:46:25","guid":{"rendered":"https:\/\/arantv.az\/?p=778544"},"modified":"2025-01-01T09:46:25","modified_gmt":"2025-01-01T05:46:25","slug":"yanvarin-sonundan-bu-siyas%c9%99t%c9%99-son-qoyulacaq-ilham-%c9%99liyev","status":"publish","type":"post","link":"https:\/\/arantv.az\/?p=778544","title":{"rendered":"Yanvar\u0131n sonundan bu siyas\u0259t\u0259 son qoyulacaq &#8211; \u0130lham \u018fliyev"},"content":{"rendered":"<p><em><strong>COP29-u Az\u0259rbaycana qar\u015f\u0131 istifad\u0259 etm\u0259k ist\u0259y\u0259n b\u0259zi Q\u0259rb \u00f6lk\u0259l\u0259rinin, onlar\u0131n n\u0259zar\u0259tind\u0259 olan d\u0131rnaqaras\u0131 qeyri-h\u00f6kum\u0259t t\u0259\u015fkilatlar\u0131n\u0131n v\u0259 saxta media orqanlar\u0131n\u0131n b\u00fct\u00fcn s\u0259yl\u0259ri \u0259b\u0259s oldu.<\/strong><\/em><\/p>\n<p><strong>ARANTV.AZ\u00a0<\/strong> x\u0259b\u0259r verir ki, bu s\u00f6zl\u0259ri Prezident \u0130lham \u018fliyev D\u00fcnya Az\u0259rbaycanl\u0131lar\u0131n\u0131n H\u0259mr\u0259yliyi G\u00fcn\u00fc v\u0259 Yeni il m\u00fcnasib\u0259til\u0259 m\u00fcraci\u0259tind\u0259 deyib.<\/p>\n<p>Az\u0259rbaycana qar\u015f\u0131 \u015f\u0259r, b\u00f6htan, yalan, iftira, uydurma kampaniyas\u0131n\u0131n apar\u0131ld\u0131\u011f\u0131n\u0131 v\u0259 bunun COP-dan sonra da art\u0131q iki aya yax\u0131nd\u0131r davam etdiyini vur\u011fulayan d\u00f6vl\u0259timizin ba\u015f\u00e7\u0131s\u0131 bildirib: \u201c\u00dcmid edir\u0259m ki, g\u0259l\u0259n il yanvar\u0131n sonlar\u0131ndan ba\u015flayaraq art\u0131q Az\u0259rbaycana qar\u015f\u0131 bu diskriminasiya v\u0259 ayr\u0131-se\u00e7kilik, \u015f\u0259r, b\u00f6htan siyas\u0259tin\u0259 son qoyulacaq. H\u0259r halda, \u00fcmidl\u0259r b\u00f6y\u00fckd\u00fcr\u201d.<\/p>\n","protected":false},"excerpt":{"rendered":"<p>COP29-u Az\u0259rbaycana qar\u015f\u0131 istifad\u0259 etm\u0259k ist\u0259y\u0259n b\u0259zi Q\u0259rb \u00f6lk\u0259l\u0259rinin, onlar\u0131n n\u0259zar\u0259tind\u0259 olan d\u0131rnaqaras\u0131 qeyri-h\u00f6kum\u0259t t\u0259\u015fkilatlar\u0131n\u0131n v\u0259 saxta media orqanlar\u0131n\u0131n b\u00fct\u00fcn s\u0259yl\u0259ri \u0259b\u0259s oldu. ARANTV.AZ\u00a0 x\u0259b\u0259r verir ki, bu s\u00f6zl\u0259ri Prezident \u0130lham \u018fliyev D\u00fcnya Az\u0259rbaycanl\u0131lar\u0131n\u0131n H\u0259mr\u0259yliyi G\u00fcn\u00fc v\u0259 Yeni il m\u00fcnasib\u0259til\u0259 m\u00fcraci\u0259tind\u0259 deyib. Az\u0259rbaycana qar\u015f\u0131 \u015f\u0259r, b\u00f6htan, yalan, iftira, uydurma kampaniyas\u0131n\u0131n apar\u0131ld\u0131\u011f\u0131n\u0131 v\u0259 bunun COP-dan sonra da art\u0131q iki aya yax\u0131nd\u0131r davam etdiyini vur\u011fulayan d\u00f6vl\u0259timizin ba\u015f\u00e7\u0131s\u0131 bildirib: \u201c\u00dcmid edir\u0259m ki, g\u0259l\u0259n il yanvar\u0131n sonlar\u0131ndan ba\u015flayaraq art\u0131q Az\u0259rbaycana qar\u015f\u0131 bu diskriminasiya v\u0259 ayr\u0131-se\u00e7kilik, \u015f\u0259r, b\u00f6htan siyas\u0259tin\u0259 son qoyulacaq. H\u0259r halda, \u00fcmidl\u0259r b\u00f6y\u00fckd\u00fcr\u201d.<\/p>\n","protected":false},"author":2,"featured_media":778545,"comment_status":"closed","ping_status":"closed","sticky":false,"template":"","format":"standard","meta":{"om_disable_all_campaigns":false,"_monsterinsights_skip_tracking":false,"_monsterinsights_sitenote_active":false,"_monsterinsights_sitenote_note":"","_monsterinsights_sitenote_category":0},"categories":[4],"tags":[],"aioseo_notices":[],"gutentor_comment":0,"rttpg_featured_image_url":{"full":["https:\/\/arantv.az\/wp-content\/uploads\/2025\/01\/7cde032fa590f3b545fab03d07f4d3f0.jpg",870,500,false],"landscape":["https:\/\/arantv.az\/wp-content\/uploads\/2025\/01\/7cde032fa590f3b545fab03d07f4d3f0.jpg",870,500,false],"portraits":["https:\/\/arantv.az\/wp-content\/uploads\/2025\/01\/7cde032fa590f3b545fab03d07f4d3f0.jpg",870,500,false],"thumbnail":["https:\/\/arantv.az\/wp-content\/uploads\/2025\/01\/7cde032fa590f3b545fab03d07f4d3f0-500x280.jpg",500,280,true],"medium":["https:\/\/arantv.az\/wp-content\/uploads\/2025\/01\/7cde032fa590f3b545fab03d07f4d3f0-635x365.jpg",635,365,true],"large":["https:\/\/arantv.az\/wp-content\/uploads\/2025\/01\/7cde032fa590f3b545fab03d07f4d3f0-840x483.jpg",640,368,true],"1536x1536":["https:\/\/arantv.az\/wp-content\/uploads\/2025\/01\/7cde032fa590f3b545fab03d07f4d3f0.jpg",870,500,false],"2048x2048":["https:\/\/arantv.az\/wp-content\/uploads\/2025\/01\/7cde032fa590f3b545fab03d07f4d3f0.jpg",870,500,false],"post-thumbnail":["https:\/\/arantv.az\/wp-content\/uploads\/2025\/01\/7cde032fa590f3b545fab03d07f4d3f0-240x172.jpg",240,172,true],"advps-thumb-one":["https:\/\/arantv.az\/wp-content\/uploads\/2025\/01\/7cde032fa590f3b545fab03d07f4d3f0.jpg",870,500,false]},"rttpg_author":{"display_name":"V\u00fcsal Rafiqo\u011flu","author_link":"https:\/\/arantv.az\/?author=2"},"rttpg_comment":0,"rttpg_category":"<a href=\"https:\/\/arantv.az\/?cat=4\" rel=\"category\">Siyas\u0259t<\/a>","rttpg_excerpt":"COP29-u Az\u0259rbaycana qar\u015f\u0131 istifad\u0259 etm\u0259k ist\u0259y\u0259n b\u0259zi Q\u0259rb \u00f6lk\u0259l\u0259rinin, onlar\u0131n n\u0259zar\u0259tind\u0259 olan d\u0131rnaqaras\u0131 qeyri-h\u00f6kum\u0259t t\u0259\u015fkilatlar\u0131n\u0131n v\u0259 saxta media orqanlar\u0131n\u0131n b\u00fct\u00fcn s\u0259yl\u0259ri \u0259b\u0259s oldu. ARANTV.AZ\u00a0 x\u0259b\u0259r verir ki, bu s\u00f6zl\u0259ri Prezident \u0130lham \u018fliyev D\u00fcnya Az\u0259rbaycanl\u0131lar\u0131n\u0131n H\u0259mr\u0259yliyi G\u00fcn\u00fc v\u0259 Yeni il m\u00fcnasib\u0259til\u0259 m\u00fcraci\u0259tind\u0259 deyib. Az\u0259rbaycana qar\u015f\u0131 \u015f\u0259r, b\u00f6htan, yalan, iftira, uydurma kampaniyas\u0131n\u0131n apar\u0131ld\u0131\u011f\u0131n\u0131 v\u0259 bunun COP-dan sonra&hellip;","_links":{"self":[{"href":"https:\/\/arantv.az\/index.php?rest_route=\/wp\/v2\/posts\/778544"}],"collection":[{"href":"https:\/\/arantv.az\/index.php?rest_route=\/wp\/v2\/posts"}],"about":[{"href":"https:\/\/arantv.az\/index.php?rest_route=\/wp\/v2\/types\/post"}],"author":[{"embeddable":true,"href":"https:\/\/arantv.az\/index.php?rest_route=\/wp\/v2\/users\/2"}],"replies":[{"embeddable":true,"href":"https:\/\/arantv.az\/index.php?rest_route=%2Fwp%2Fv2%2Fcomments&post=778544"}],"version-history":[{"count":2,"href":"https:\/\/arantv.az\/index.php?rest_route=\/wp\/v2\/posts\/778544\/revisions"}],"predecessor-version":[{"id":778547,"href":"https:\/\/arantv.az\/index.php?rest_route=\/wp\/v2\/posts\/778544\/revisions\/778547"}],"wp:featuredmedia":[{"embeddable":true,"href":"https:\/\/arantv.az\/index.php?rest_route=\/wp\/v2\/media\/778545"}],"wp:attachment":[{"href":"https:\/\/arantv.az\/index.php?rest_route=%2Fwp%2Fv2%2Fmedia&parent=778544"}],"wp:term":[{"taxonomy":"category","embeddable":true,"href":"https:\/\/arantv.az\/index.php?rest_route=%2Fwp%2Fv2%2Fcategories&post=778544"},{"taxonomy":"post_tag","embeddable":true,"href":"https:\/\/arantv.az\/index.php?rest_route=%2Fwp%2Fv2%2Ftags&post=778544"}],"curies":[{"name":"wp","href":"https:\/\/api.w.org\/{rel}","templated":true}]}}