{"id":778567,"date":"2025-01-01T09:56:34","date_gmt":"2025-01-01T05:56:34","guid":{"rendered":"https:\/\/arantv.az\/?p=778567"},"modified":"2025-01-01T09:56:34","modified_gmt":"2025-01-01T05:56:34","slug":"prezident-ilham-%c9%99liyev-erm%c9%99nistan-r%c9%99hb%c9%99rliyin%c9%99-x%c9%99b%c9%99rdarliq-etdi","status":"publish","type":"post","link":"https:\/\/arantv.az\/?p=778567","title":{"rendered":"Prezident \u0130lham \u018fliyev Erm\u0259nistan r\u0259hb\u0259rliyin\u0259 X\u018fB\u018fRDARLIQ ETD\u0130"},"content":{"rendered":"<p><strong>C\u0259nubi Qafqaz s\u00fclh, \u0259min-amanl\u0131q, \u0259m\u0259kda\u015fl\u0131q b\u00f6lg\u0259si olmal\u0131d\u0131r. Erm\u0259nistan\u0131n geni\u015fmiqyasl\u0131 v\u0259 s\u00fcr\u0259tli silahlanmas\u0131, \u00f6ld\u00fcr\u00fcc\u00fc silahlar\u0131n t\u0259dar\u00fck\u00fc bu s\u00fclh\u00fc, m\u00fcmk\u00fcn olan s\u00fclh\u00fc poza bil\u0259r.<\/strong><\/p>\n<p><strong>ARANTV.AZ <\/strong>\u00a0x\u0259b\u0259r verir ki, bu s\u00f6zl\u0259ri Prezident \u0130lham \u018fliyev D\u00fcnya Az\u0259rbaycanl\u0131lar\u0131n\u0131n H\u0259mr\u0259yliyi G\u00fcn\u00fc v\u0259 Yeni il m\u00fcnasib\u0259til\u0259 m\u00fcraci\u0259tind\u0259 deyib.<\/p>\n<p>Az\u0259rbaycan\u0131n bu m\u0259s\u0259l\u0259 il\u0259 ba\u011fl\u0131, sad\u0259c\u0259 olaraq, tama\u015fa\u00e7\u0131 rolunda olmayaca\u011f\u0131n\u0131 vur\u011fulayan d\u00f6vl\u0259timizin ba\u015f\u00e7\u0131s\u0131 bildirib ki, biz otuzillik i\u015f\u011fal\u0131, da\u011f\u0131nt\u0131lar\u0131, Xocal\u0131 soyq\u0131r\u0131m\u0131n\u0131 he\u00e7 vaxt unutmayaca\u011f\u0131q. \u201cErm\u0259nistan\u0131n i\u015f\u011fal\u00e7\u0131l\u0131q siyas\u0259ti v\u0259 mahiyy\u0259ti daim n\u0259z\u0259r\u0259 al\u0131nmal\u0131d\u0131r. Ona g\u00f6r\u0259 bir daha \u00f6z\u00fcm\u0259 borc bilib Erm\u0259nistan r\u0259hb\u0259rliyin\u0259 n\u00f6vb\u0259ti x\u0259b\u0259rdarl\u0131q edir\u0259m ki, bu t\u0259hl\u00fck\u0259li yoldan \u00e7\u0259kinsinl\u0259r\u201d, &#8211; dey\u0259n Prezident \u0259lav\u0259 edib ki, Erm\u0259nistan biziml\u0259 he\u00e7 bir sah\u0259d\u0259 r\u0259qab\u0259t aparmaq iqtidar\u0131nda deyil.<\/p>\n","protected":false},"excerpt":{"rendered":"<p>C\u0259nubi Qafqaz s\u00fclh, \u0259min-amanl\u0131q, \u0259m\u0259kda\u015fl\u0131q b\u00f6lg\u0259si olmal\u0131d\u0131r. Erm\u0259nistan\u0131n geni\u015fmiqyasl\u0131 v\u0259 s\u00fcr\u0259tli silahlanmas\u0131, \u00f6ld\u00fcr\u00fcc\u00fc silahlar\u0131n t\u0259dar\u00fck\u00fc bu s\u00fclh\u00fc, m\u00fcmk\u00fcn olan s\u00fclh\u00fc poza bil\u0259r. ARANTV.AZ \u00a0x\u0259b\u0259r verir ki, bu s\u00f6zl\u0259ri Prezident \u0130lham \u018fliyev D\u00fcnya Az\u0259rbaycanl\u0131lar\u0131n\u0131n H\u0259mr\u0259yliyi G\u00fcn\u00fc v\u0259 Yeni il m\u00fcnasib\u0259til\u0259 m\u00fcraci\u0259tind\u0259 deyib. Az\u0259rbaycan\u0131n bu m\u0259s\u0259l\u0259 il\u0259 ba\u011fl\u0131, sad\u0259c\u0259 olaraq, tama\u015fa\u00e7\u0131 rolunda olmayaca\u011f\u0131n\u0131 vur\u011fulayan d\u00f6vl\u0259timizin ba\u015f\u00e7\u0131s\u0131 bildirib ki, biz otuzillik i\u015f\u011fal\u0131, da\u011f\u0131nt\u0131lar\u0131, Xocal\u0131 soyq\u0131r\u0131m\u0131n\u0131 he\u00e7 vaxt unutmayaca\u011f\u0131q. \u201cErm\u0259nistan\u0131n i\u015f\u011fal\u00e7\u0131l\u0131q siyas\u0259ti v\u0259 mahiyy\u0259ti daim n\u0259z\u0259r\u0259 al\u0131nmal\u0131d\u0131r. Ona g\u00f6r\u0259 bir daha \u00f6z\u00fcm\u0259 borc bilib Erm\u0259nistan r\u0259hb\u0259rliyin\u0259 n\u00f6vb\u0259ti x\u0259b\u0259rdarl\u0131q edir\u0259m ki, bu t\u0259hl\u00fck\u0259li yoldan \u00e7\u0259kinsinl\u0259r\u201d,&hellip;<\/p>\n","protected":false},"author":2,"featured_media":778568,"comment_status":"closed","ping_status":"closed","sticky":false,"template":"","format":"standard","meta":{"om_disable_all_campaigns":false,"_monsterinsights_skip_tracking":false,"_monsterinsights_sitenote_active":false,"_monsterinsights_sitenote_note":"","_monsterinsights_sitenote_category":0},"categories":[4],"tags":[],"aioseo_notices":[],"gutentor_comment":0,"rttpg_featured_image_url":{"full":["https:\/\/arantv.az\/wp-content\/uploads\/2025\/01\/c38a7dfa36bb9ef2170e428b65080385.jpg",850,500,false],"landscape":["https:\/\/arantv.az\/wp-content\/uploads\/2025\/01\/c38a7dfa36bb9ef2170e428b65080385.jpg",850,500,false],"portraits":["https:\/\/arantv.az\/wp-content\/uploads\/2025\/01\/c38a7dfa36bb9ef2170e428b65080385.jpg",850,500,false],"thumbnail":["https:\/\/arantv.az\/wp-content\/uploads\/2025\/01\/c38a7dfa36bb9ef2170e428b65080385-500x280.jpg",500,280,true],"medium":["https:\/\/arantv.az\/wp-content\/uploads\/2025\/01\/c38a7dfa36bb9ef2170e428b65080385-621x365.jpg",621,365,true],"large":["https:\/\/arantv.az\/wp-content\/uploads\/2025\/01\/c38a7dfa36bb9ef2170e428b65080385-840x494.jpg",640,376,true],"1536x1536":["https:\/\/arantv.az\/wp-content\/uploads\/2025\/01\/c38a7dfa36bb9ef2170e428b65080385.jpg",850,500,false],"2048x2048":["https:\/\/arantv.az\/wp-content\/uploads\/2025\/01\/c38a7dfa36bb9ef2170e428b65080385.jpg",850,500,false],"post-thumbnail":["https:\/\/arantv.az\/wp-content\/uploads\/2025\/01\/c38a7dfa36bb9ef2170e428b65080385-240x172.jpg",240,172,true],"advps-thumb-one":["https:\/\/arantv.az\/wp-content\/uploads\/2025\/01\/c38a7dfa36bb9ef2170e428b65080385.jpg",850,500,false]},"rttpg_author":{"display_name":"V\u00fcsal Rafiqo\u011flu","author_link":"https:\/\/arantv.az\/?author=2"},"rttpg_comment":0,"rttpg_category":"<a href=\"https:\/\/arantv.az\/?cat=4\" rel=\"category\">Siyas\u0259t<\/a>","rttpg_excerpt":"C\u0259nubi Qafqaz s\u00fclh, \u0259min-amanl\u0131q, \u0259m\u0259kda\u015fl\u0131q b\u00f6lg\u0259si olmal\u0131d\u0131r. Erm\u0259nistan\u0131n geni\u015fmiqyasl\u0131 v\u0259 s\u00fcr\u0259tli silahlanmas\u0131, \u00f6ld\u00fcr\u00fcc\u00fc silahlar\u0131n t\u0259dar\u00fck\u00fc bu s\u00fclh\u00fc, m\u00fcmk\u00fcn olan s\u00fclh\u00fc poza bil\u0259r. ARANTV.AZ \u00a0x\u0259b\u0259r verir ki, bu s\u00f6zl\u0259ri Prezident \u0130lham \u018fliyev D\u00fcnya Az\u0259rbaycanl\u0131lar\u0131n\u0131n H\u0259mr\u0259yliyi G\u00fcn\u00fc v\u0259 Yeni il m\u00fcnasib\u0259til\u0259 m\u00fcraci\u0259tind\u0259 deyib. Az\u0259rbaycan\u0131n bu m\u0259s\u0259l\u0259 il\u0259 ba\u011fl\u0131, sad\u0259c\u0259 olaraq, tama\u015fa\u00e7\u0131 rolunda olmayaca\u011f\u0131n\u0131 vur\u011fulayan d\u00f6vl\u0259timizin ba\u015f\u00e7\u0131s\u0131 bildirib&hellip;","_links":{"self":[{"href":"https:\/\/arantv.az\/index.php?rest_route=\/wp\/v2\/posts\/778567"}],"collection":[{"href":"https:\/\/arantv.az\/index.php?rest_route=\/wp\/v2\/posts"}],"about":[{"href":"https:\/\/arantv.az\/index.php?rest_route=\/wp\/v2\/types\/post"}],"author":[{"embeddable":true,"href":"https:\/\/arantv.az\/index.php?rest_route=\/wp\/v2\/users\/2"}],"replies":[{"embeddable":true,"href":"https:\/\/arantv.az\/index.php?rest_route=%2Fwp%2Fv2%2Fcomments&post=778567"}],"version-history":[{"count":1,"href":"https:\/\/arantv.az\/index.php?rest_route=\/wp\/v2\/posts\/778567\/revisions"}],"predecessor-version":[{"id":778569,"href":"https:\/\/arantv.az\/index.php?rest_route=\/wp\/v2\/posts\/778567\/revisions\/778569"}],"wp:featuredmedia":[{"embeddable":true,"href":"https:\/\/arantv.az\/index.php?rest_route=\/wp\/v2\/media\/778568"}],"wp:attachment":[{"href":"https:\/\/arantv.az\/index.php?rest_route=%2Fwp%2Fv2%2Fmedia&parent=778567"}],"wp:term":[{"taxonomy":"category","embeddable":true,"href":"https:\/\/arantv.az\/index.php?rest_route=%2Fwp%2Fv2%2Fcategories&post=778567"},{"taxonomy":"post_tag","embeddable":true,"href":"https:\/\/arantv.az\/index.php?rest_route=%2Fwp%2Fv2%2Ftags&post=778567"}],"curies":[{"name":"wp","href":"https:\/\/api.w.org\/{rel}","templated":true}]}}