{"id":778667,"date":"2025-01-02T09:52:29","date_gmt":"2025-01-02T05:52:29","guid":{"rendered":"https:\/\/arantv.az\/?p=778667"},"modified":"2025-01-02T09:52:29","modified_gmt":"2025-01-02T05:52:29","slug":"usaqlar-ucun-246-manat-quvv%c9%99y%c9%99-mindi","status":"publish","type":"post","link":"https:\/\/arantv.az\/?p=778667","title":{"rendered":"U\u015faqlar \u00fc\u00e7\u00fcn 246 manat &#8211; Q\u00fcvv\u0259y\u0259 mindi"},"content":{"rendered":"<p>Bu g\u00fcnd\u0259n Az\u0259rbaycanda ya\u015fay\u0131\u015f minimumu v\u0259 ehtiyac meyar\u0131n\u0131n h\u0259ddi art\u0131b.<\/p>\n<p>Bu bar\u0259d\u0259 Az\u0259rbaycan Prezidenti \u0130lham \u018fliyevin 2025-ci il \u00fc\u00e7\u00fcn t\u0259sdiql\u0259diyi ya\u015fay\u0131\u015f minimumu v\u0259 ehtiyac meyar\u0131n\u0131n h\u0259ddi haqq\u0131nda qanunda \u00f6z \u0259ksini tap\u0131b.<\/p>\n<p>2025-ci il \u00fc\u00e7\u00fcn ya\u015fay\u0131\u015f minimumu \u00f6lk\u0259 \u00fczr\u0259 285 manat, \u0259m\u0259k qabiliyy\u0259tli \u0259hali \u00fc\u00e7\u00fcn 305 manat, pensiya\u00e7\u0131lar \u00fc\u00e7\u00fcn 232 manat, u\u015faqlar \u00fc\u00e7\u00fcn 246 manat m\u0259bl\u0259\u011find\u0259 m\u00fc\u0259yy\u0259n olunub.<\/p>\n<p>\u00dcnvanl\u0131 d\u00f6vl\u0259t sosial yard\u0131m\u0131n\u0131n t\u0259yin edilm\u0259si m\u0259qs\u0259dil\u0259 2025-ci il \u00fc\u00e7\u00fcn ehtiyac meyar\u0131n\u0131n h\u0259ddi 285 manat m\u0259bl\u0259\u011find\u0259 t\u0259sdiq edilib.<\/p>\n<p>Xat\u0131rladaq ki, 2024-c\u00fc il \u00fc\u00e7\u00fcn ya\u015fay\u0131\u015f minimumu \u00f6lk\u0259 \u00fczr\u0259 270 manat, \u0259m\u0259k qabiliyy\u0259tli \u0259hali \u00fc\u00e7\u00fcn 287 manat, pensiya\u00e7\u0131lar \u00fc\u00e7\u00fcn 222 manat, u\u015faqlar \u00fc\u00e7\u00fcn 235 manat t\u0259\u015fkil edib.\/\/KONKRET.az<\/p>\n","protected":false},"excerpt":{"rendered":"<p>Bu g\u00fcnd\u0259n Az\u0259rbaycanda ya\u015fay\u0131\u015f minimumu v\u0259 ehtiyac meyar\u0131n\u0131n h\u0259ddi art\u0131b. Bu bar\u0259d\u0259 Az\u0259rbaycan Prezidenti \u0130lham \u018fliyevin 2025-ci il \u00fc\u00e7\u00fcn t\u0259sdiql\u0259diyi ya\u015fay\u0131\u015f minimumu v\u0259 ehtiyac meyar\u0131n\u0131n h\u0259ddi haqq\u0131nda qanunda \u00f6z \u0259ksini tap\u0131b. 2025-ci il \u00fc\u00e7\u00fcn ya\u015fay\u0131\u015f minimumu \u00f6lk\u0259 \u00fczr\u0259 285 manat, \u0259m\u0259k qabiliyy\u0259tli \u0259hali \u00fc\u00e7\u00fcn 305 manat, pensiya\u00e7\u0131lar \u00fc\u00e7\u00fcn 232 manat, u\u015faqlar \u00fc\u00e7\u00fcn 246 manat m\u0259bl\u0259\u011find\u0259 m\u00fc\u0259yy\u0259n olunub. \u00dcnvanl\u0131 d\u00f6vl\u0259t sosial yard\u0131m\u0131n\u0131n t\u0259yin edilm\u0259si m\u0259qs\u0259dil\u0259 2025-ci il \u00fc\u00e7\u00fcn ehtiyac meyar\u0131n\u0131n h\u0259ddi 285 manat m\u0259bl\u0259\u011find\u0259 t\u0259sdiq edilib. Xat\u0131rladaq ki, 2024-c\u00fc il \u00fc\u00e7\u00fcn ya\u015fay\u0131\u015f minimumu \u00f6lk\u0259 \u00fczr\u0259 270 manat, \u0259m\u0259k qabiliyy\u0259tli \u0259hali \u00fc\u00e7\u00fcn&hellip;<\/p>\n","protected":false},"author":2,"featured_media":778668,"comment_status":"closed","ping_status":"closed","sticky":false,"template":"","format":"standard","meta":{"om_disable_all_campaigns":false,"_monsterinsights_skip_tracking":false,"_monsterinsights_sitenote_active":false,"_monsterinsights_sitenote_note":"","_monsterinsights_sitenote_category":0},"categories":[1],"tags":[],"aioseo_notices":[],"gutentor_comment":0,"rttpg_featured_image_url":{"full":["https:\/\/arantv.az\/wp-content\/uploads\/2025\/01\/feb5ac1eebe1df9513a1e2fe5a2aeca0.png",768,403,false],"landscape":["https:\/\/arantv.az\/wp-content\/uploads\/2025\/01\/feb5ac1eebe1df9513a1e2fe5a2aeca0.png",768,403,false],"portraits":["https:\/\/arantv.az\/wp-content\/uploads\/2025\/01\/feb5ac1eebe1df9513a1e2fe5a2aeca0.png",768,403,false],"thumbnail":["https:\/\/arantv.az\/wp-content\/uploads\/2025\/01\/feb5ac1eebe1df9513a1e2fe5a2aeca0-500x280.png",500,280,true],"medium":["https:\/\/arantv.az\/wp-content\/uploads\/2025\/01\/feb5ac1eebe1df9513a1e2fe5a2aeca0-660x346.png",660,346,true],"large":["https:\/\/arantv.az\/wp-content\/uploads\/2025\/01\/feb5ac1eebe1df9513a1e2fe5a2aeca0.png",640,336,false],"1536x1536":["https:\/\/arantv.az\/wp-content\/uploads\/2025\/01\/feb5ac1eebe1df9513a1e2fe5a2aeca0.png",768,403,false],"2048x2048":["https:\/\/arantv.az\/wp-content\/uploads\/2025\/01\/feb5ac1eebe1df9513a1e2fe5a2aeca0.png",768,403,false],"post-thumbnail":["https:\/\/arantv.az\/wp-content\/uploads\/2025\/01\/feb5ac1eebe1df9513a1e2fe5a2aeca0-240x172.png",240,172,true],"advps-thumb-one":["https:\/\/arantv.az\/wp-content\/uploads\/2025\/01\/feb5ac1eebe1df9513a1e2fe5a2aeca0.png",768,403,false]},"rttpg_author":{"display_name":"V\u00fcsal Rafiqo\u011flu","author_link":"https:\/\/arantv.az\/?author=2"},"rttpg_comment":0,"rttpg_category":"<a href=\"https:\/\/arantv.az\/?cat=1\" rel=\"category\">C\u0259miyy\u0259t<\/a>","rttpg_excerpt":"Bu g\u00fcnd\u0259n Az\u0259rbaycanda ya\u015fay\u0131\u015f minimumu v\u0259 ehtiyac meyar\u0131n\u0131n h\u0259ddi art\u0131b. Bu bar\u0259d\u0259 Az\u0259rbaycan Prezidenti \u0130lham \u018fliyevin 2025-ci il \u00fc\u00e7\u00fcn t\u0259sdiql\u0259diyi ya\u015fay\u0131\u015f minimumu v\u0259 ehtiyac meyar\u0131n\u0131n h\u0259ddi haqq\u0131nda qanunda \u00f6z \u0259ksini tap\u0131b. 2025-ci il \u00fc\u00e7\u00fcn ya\u015fay\u0131\u015f minimumu \u00f6lk\u0259 \u00fczr\u0259 285 manat, \u0259m\u0259k qabiliyy\u0259tli \u0259hali \u00fc\u00e7\u00fcn 305 manat, pensiya\u00e7\u0131lar \u00fc\u00e7\u00fcn 232 manat, u\u015faqlar \u00fc\u00e7\u00fcn 246 manat m\u0259bl\u0259\u011find\u0259&hellip;","_links":{"self":[{"href":"https:\/\/arantv.az\/index.php?rest_route=\/wp\/v2\/posts\/778667"}],"collection":[{"href":"https:\/\/arantv.az\/index.php?rest_route=\/wp\/v2\/posts"}],"about":[{"href":"https:\/\/arantv.az\/index.php?rest_route=\/wp\/v2\/types\/post"}],"author":[{"embeddable":true,"href":"https:\/\/arantv.az\/index.php?rest_route=\/wp\/v2\/users\/2"}],"replies":[{"embeddable":true,"href":"https:\/\/arantv.az\/index.php?rest_route=%2Fwp%2Fv2%2Fcomments&post=778667"}],"version-history":[{"count":1,"href":"https:\/\/arantv.az\/index.php?rest_route=\/wp\/v2\/posts\/778667\/revisions"}],"predecessor-version":[{"id":778670,"href":"https:\/\/arantv.az\/index.php?rest_route=\/wp\/v2\/posts\/778667\/revisions\/778670"}],"wp:featuredmedia":[{"embeddable":true,"href":"https:\/\/arantv.az\/index.php?rest_route=\/wp\/v2\/media\/778668"}],"wp:attachment":[{"href":"https:\/\/arantv.az\/index.php?rest_route=%2Fwp%2Fv2%2Fmedia&parent=778667"}],"wp:term":[{"taxonomy":"category","embeddable":true,"href":"https:\/\/arantv.az\/index.php?rest_route=%2Fwp%2Fv2%2Fcategories&post=778667"},{"taxonomy":"post_tag","embeddable":true,"href":"https:\/\/arantv.az\/index.php?rest_route=%2Fwp%2Fv2%2Ftags&post=778667"}],"curies":[{"name":"wp","href":"https:\/\/api.w.org\/{rel}","templated":true}]}}