{"id":778674,"date":"2025-01-02T09:55:07","date_gmt":"2025-01-02T05:55:07","guid":{"rendered":"https:\/\/arantv.az\/?p=778674"},"modified":"2025-01-02T09:55:07","modified_gmt":"2025-01-02T05:55:07","slug":"milli-q%c9%99hr%c9%99man-polad-h%c9%99simovun-dogum-gunudur","status":"publish","type":"post","link":"https:\/\/arantv.az\/?p=778674","title":{"rendered":"Milli Q\u0259hr\u0259man Polad H\u0259\u015fimovun do\u011fum g\u00fcn\u00fcd\u00fcr"},"content":{"rendered":"<p><em><strong>Bu g\u00fcn Az\u0259rbaycan\u0131n Milli Q\u0259hr\u0259man\u0131, \u015f\u0259hid general-mayor Polad H\u0259\u015fimovun anadan olmas\u0131n\u0131n 50 ili tamam olur.<\/strong><\/em><\/p>\n<p><strong>ARANTV.AZ<\/strong> x\u0259b\u0259r verir ki, Polad H\u0259\u015fimov 2020-ci il iyulun 14-d\u0259 Tovuz d\u00f6y\u00fc\u015fl\u0259ri zaman\u0131 Erm\u0259nistan Silahl\u0131 Q\u00fcvv\u0259l\u0259rinin h\u00fccum c\u0259hdini d\u0259f ed\u0259rk\u0259n q\u0259hr\u0259mancas\u0131na \u015f\u0259hid olub. General-mayor \u00f6z v\u0259t\u0259nin\u0259 olan ba\u011fl\u0131l\u0131\u011f\u0131 v\u0259 \u015f\u00fcca\u0259ti il\u0259 xalq\u0131n q\u0259lbind\u0259 \u0259b\u0259di iz qoyub.<\/p>\n<p>\u015e\u0259hid general-mayor 2020-ci il iyulun 15-d\u0259 II F\u0259xri Xiyabanda, onunla birlikd\u0259 \u015f\u0259hid olan polkovnik \u0130lqar Mirz\u0259yevl\u0259 yana\u015f\u0131 d\u0259fn edilib. Onun d\u0259fni zaman\u0131 b\u00fct\u00fcn \u00f6lk\u0259 \u015f\u0259hidl\u0259rin q\u0259hr\u0259manl\u0131\u011f\u0131n\u0131 yad edib v\u0259 onlar\u0131n xatir\u0259sini uca tutub.<\/p>\n<p>Az\u0259rbaycan Respublikas\u0131n\u0131n Prezidenti \u0130lham \u018fliyev 2020-ci il dekabr\u0131n 9-da imzalad\u0131\u011f\u0131 s\u0259r\u0259ncamla Polad H\u0259\u015fimovu Az\u0259rbaycan\u0131n Milli Q\u0259hr\u0259man\u0131 ad\u0131na layiq g\u00f6r\u00fcb. Bu ad onun v\u0259t\u0259n qar\u015f\u0131s\u0131nda g\u00f6st\u0259rdiyi xidm\u0259tl\u0259rin \u0259n y\u00fcks\u0259k t\u0259qdiridir.<\/p>\n<p>Polad H\u0259\u015fimov t\u0259kc\u0259 Az\u0259rbaycan\u0131n h\u0259rb tarixin\u0259 deyil, h\u0259m d\u0259 xalq\u0131n yadda\u015f\u0131na \u0259sl q\u0259hr\u0259man kimi yaz\u0131l\u0131b. Onun ad\u0131 g\u0259l\u0259c\u0259k n\u0259sill\u0259r \u00fc\u00e7\u00fcn v\u0259t\u0259np\u0259rv\u0259rliyin v\u0259 \u015f\u00fcca\u0259tin simvolu olaraq qalacaq.<\/p>\n<p>&nbsp;<\/p>\n","protected":false},"excerpt":{"rendered":"<p>Bu g\u00fcn Az\u0259rbaycan\u0131n Milli Q\u0259hr\u0259man\u0131, \u015f\u0259hid general-mayor Polad H\u0259\u015fimovun anadan olmas\u0131n\u0131n 50 ili tamam olur. ARANTV.AZ x\u0259b\u0259r verir ki, Polad H\u0259\u015fimov 2020-ci il iyulun 14-d\u0259 Tovuz d\u00f6y\u00fc\u015fl\u0259ri zaman\u0131 Erm\u0259nistan Silahl\u0131 Q\u00fcvv\u0259l\u0259rinin h\u00fccum c\u0259hdini d\u0259f ed\u0259rk\u0259n q\u0259hr\u0259mancas\u0131na \u015f\u0259hid olub. General-mayor \u00f6z v\u0259t\u0259nin\u0259 olan ba\u011fl\u0131l\u0131\u011f\u0131 v\u0259 \u015f\u00fcca\u0259ti il\u0259 xalq\u0131n q\u0259lbind\u0259 \u0259b\u0259di iz qoyub. \u015e\u0259hid general-mayor 2020-ci il iyulun 15-d\u0259 II F\u0259xri Xiyabanda, onunla birlikd\u0259 \u015f\u0259hid olan polkovnik \u0130lqar Mirz\u0259yevl\u0259 yana\u015f\u0131 d\u0259fn edilib. Onun d\u0259fni zaman\u0131 b\u00fct\u00fcn \u00f6lk\u0259 \u015f\u0259hidl\u0259rin q\u0259hr\u0259manl\u0131\u011f\u0131n\u0131 yad edib v\u0259 onlar\u0131n xatir\u0259sini uca tutub. Az\u0259rbaycan Respublikas\u0131n\u0131n Prezidenti \u0130lham \u018fliyev 2020-ci&hellip;<\/p>\n","protected":false},"author":2,"featured_media":778675,"comment_status":"closed","ping_status":"closed","sticky":false,"template":"","format":"standard","meta":{"om_disable_all_campaigns":false,"_monsterinsights_skip_tracking":false,"_monsterinsights_sitenote_active":false,"_monsterinsights_sitenote_note":"","_monsterinsights_sitenote_category":0},"categories":[19],"tags":[],"aioseo_notices":[],"gutentor_comment":0,"rttpg_featured_image_url":{"full":["https:\/\/arantv.az\/wp-content\/uploads\/2025\/01\/7d7389a03658a3ed8cb48ffb2e92fbb6.jpg",870,500,false],"landscape":["https:\/\/arantv.az\/wp-content\/uploads\/2025\/01\/7d7389a03658a3ed8cb48ffb2e92fbb6.jpg",870,500,false],"portraits":["https:\/\/arantv.az\/wp-content\/uploads\/2025\/01\/7d7389a03658a3ed8cb48ffb2e92fbb6.jpg",870,500,false],"thumbnail":["https:\/\/arantv.az\/wp-content\/uploads\/2025\/01\/7d7389a03658a3ed8cb48ffb2e92fbb6-500x280.jpg",500,280,true],"medium":["https:\/\/arantv.az\/wp-content\/uploads\/2025\/01\/7d7389a03658a3ed8cb48ffb2e92fbb6-635x365.jpg",635,365,true],"large":["https:\/\/arantv.az\/wp-content\/uploads\/2025\/01\/7d7389a03658a3ed8cb48ffb2e92fbb6-840x483.jpg",640,368,true],"1536x1536":["https:\/\/arantv.az\/wp-content\/uploads\/2025\/01\/7d7389a03658a3ed8cb48ffb2e92fbb6.jpg",870,500,false],"2048x2048":["https:\/\/arantv.az\/wp-content\/uploads\/2025\/01\/7d7389a03658a3ed8cb48ffb2e92fbb6.jpg",870,500,false],"post-thumbnail":["https:\/\/arantv.az\/wp-content\/uploads\/2025\/01\/7d7389a03658a3ed8cb48ffb2e92fbb6-240x172.jpg",240,172,true],"advps-thumb-one":["https:\/\/arantv.az\/wp-content\/uploads\/2025\/01\/7d7389a03658a3ed8cb48ffb2e92fbb6.jpg",870,500,false]},"rttpg_author":{"display_name":"V\u00fcsal Rafiqo\u011flu","author_link":"https:\/\/arantv.az\/?author=2"},"rttpg_comment":0,"rttpg_category":"<a href=\"https:\/\/arantv.az\/?cat=19\" rel=\"category\">G\u00fcnd\u0259m<\/a>","rttpg_excerpt":"Bu g\u00fcn Az\u0259rbaycan\u0131n Milli Q\u0259hr\u0259man\u0131, \u015f\u0259hid general-mayor Polad H\u0259\u015fimovun anadan olmas\u0131n\u0131n 50 ili tamam olur. ARANTV.AZ x\u0259b\u0259r verir ki, Polad H\u0259\u015fimov 2020-ci il iyulun 14-d\u0259 Tovuz d\u00f6y\u00fc\u015fl\u0259ri zaman\u0131 Erm\u0259nistan Silahl\u0131 Q\u00fcvv\u0259l\u0259rinin h\u00fccum c\u0259hdini d\u0259f ed\u0259rk\u0259n q\u0259hr\u0259mancas\u0131na \u015f\u0259hid olub. General-mayor \u00f6z v\u0259t\u0259nin\u0259 olan ba\u011fl\u0131l\u0131\u011f\u0131 v\u0259 \u015f\u00fcca\u0259ti il\u0259 xalq\u0131n q\u0259lbind\u0259 \u0259b\u0259di iz qoyub. \u015e\u0259hid general-mayor 2020-ci il&hellip;","_links":{"self":[{"href":"https:\/\/arantv.az\/index.php?rest_route=\/wp\/v2\/posts\/778674"}],"collection":[{"href":"https:\/\/arantv.az\/index.php?rest_route=\/wp\/v2\/posts"}],"about":[{"href":"https:\/\/arantv.az\/index.php?rest_route=\/wp\/v2\/types\/post"}],"author":[{"embeddable":true,"href":"https:\/\/arantv.az\/index.php?rest_route=\/wp\/v2\/users\/2"}],"replies":[{"embeddable":true,"href":"https:\/\/arantv.az\/index.php?rest_route=%2Fwp%2Fv2%2Fcomments&post=778674"}],"version-history":[{"count":1,"href":"https:\/\/arantv.az\/index.php?rest_route=\/wp\/v2\/posts\/778674\/revisions"}],"predecessor-version":[{"id":778676,"href":"https:\/\/arantv.az\/index.php?rest_route=\/wp\/v2\/posts\/778674\/revisions\/778676"}],"wp:featuredmedia":[{"embeddable":true,"href":"https:\/\/arantv.az\/index.php?rest_route=\/wp\/v2\/media\/778675"}],"wp:attachment":[{"href":"https:\/\/arantv.az\/index.php?rest_route=%2Fwp%2Fv2%2Fmedia&parent=778674"}],"wp:term":[{"taxonomy":"category","embeddable":true,"href":"https:\/\/arantv.az\/index.php?rest_route=%2Fwp%2Fv2%2Fcategories&post=778674"},{"taxonomy":"post_tag","embeddable":true,"href":"https:\/\/arantv.az\/index.php?rest_route=%2Fwp%2Fv2%2Ftags&post=778674"}],"curies":[{"name":"wp","href":"https:\/\/api.w.org\/{rel}","templated":true}]}}