{"id":778684,"date":"2025-01-02T15:47:24","date_gmt":"2025-01-02T11:47:24","guid":{"rendered":"https:\/\/arantv.az\/?p=778684"},"modified":"2025-01-02T15:47:24","modified_gmt":"2025-01-02T11:47:24","slug":"prezident-ail%c9%99-uzvl%c9%99ri-il%c9%99-sahdag-turizm-kompleksind%c9%99-yenil%c9%99nib","status":"publish","type":"post","link":"https:\/\/arantv.az\/?p=778684","title":{"rendered":"Prezident ail\u0259 \u00fczvl\u0259ri il\u0259 \u015eahda\u011f Turizm Kompleksind\u0259 &#8211; YEN\u0130L\u018fN\u0130B"},"content":{"rendered":"<p><strong>Az\u0259rbaycan Prezidenti \u0130lham \u018fliyev, birinci xan\u0131m Mehriban \u018fliyeva v\u0259 ail\u0259 \u00fczvl\u0259ri yanvar\u0131n 2-d\u0259 \u015eahda\u011f Turizm Kompleksinin \u0259razisind\u0259 in\u015fa edil\u0259n \u201cLakeside\u201d hotelind\u0259 apar\u0131lm\u0131\u015f i\u015fl\u0259rl\u0259 tan\u0131\u015f olublar.<\/strong><\/p>\n<p><strong>ARANTV.AZ <\/strong>\u00a0x\u0259b\u0259r verir ki, \u201cArchico\u201d MMC-nin texniki direktoru Nazim \u015eirinov d\u00f6vl\u0259t ba\u015f\u00e7\u0131s\u0131na v\u0259 birinci xan\u0131ma burada g\u00f6r\u00fcl\u0259n v\u0259 n\u0259z\u0259rd\u0259 tutulan i\u015fl\u0259r bar\u0259d\u0259 m\u0259lumat verib.<\/p>\n<p>Bildirilib ki, hotelin interyeri Lah\u0131c\u0131n \u0259n m\u0259\u015fhur misg\u0259rlik ustalar\u0131n\u0131n \u0259l i\u015fl\u0259ri olan Lah\u0131c misg\u0259rlik s\u0259n\u0259tinin n\u00fcmun\u0259l\u0259ri il\u0259 b\u0259z\u0259dilib.<\/p>\n<p>Yeni hoteld\u0259 qonaqlar\u0131n istirah\u0259tinin h\u0259rt\u0259r\u0259fli, dol\u011fun v\u0259 m\u0259nal\u0131 t\u0259\u015fkili \u00fc\u00e7\u00fcn geni\u015f imkanlar yarad\u0131lacaq. Burada \u00fcmumilikd\u0259 122 n\u00f6mr\u0259 olacaq.<\/p>\n<p>Hoteld\u0259 idman, \u201cKids Care\u201d zonalar\u0131, i\u015fg\u00fczar t\u0259dbirl\u0259r \u00fc\u00e7\u00fcn m\u00fcasir konfrans zal\u0131 v\u0259 iclas ota\u011f\u0131, xiz\u0259k h\u0259v\u0259skarlar\u0131 \u00fc\u00e7\u00fcn xiz\u0259k m\u0259kt\u0259bi v\u0259 iki xiz\u0259k simulyatoru il\u0259 t\u0259chiz edilmi\u015f m\u0259rk\u0259z f\u0259aliyy\u0259t g\u00f6st\u0259r\u0259c\u0259k.<\/p>\n<p>Hotelin yerl\u0259\u015fdiyi \u0259raziy\u0259 xiz\u0259k s\u00fcr\u0259nl\u0259rin rahat yax\u0131nla\u015fmalar\u0131n\u0131 t\u0259min etm\u0259k \u00fc\u00e7\u00fcn burada ilk d\u0259f\u0259 \u201cMegaCord\u201d \u0259laq\u0259l\u0259ndirici lift f\u0259aliyy\u0259t g\u00f6st\u0259r\u0259c\u0259k. Bu lift hoteli \u00fcmumi kanat yollar\u0131 \u015f\u0259b\u0259k\u0259si il\u0259 birl\u0259\u015fdir\u0259c\u0259k.<\/p>\n<p>Qeyd ed\u0259k ki, yeni hotelin interyerind\u0259 milli ornamentl\u0259r\u0259 \u00fcst\u00fcnl\u00fck verilib. Taxtadan haz\u0131rlanan v\u0259 \u0259l i\u015fi olan Qaraba\u011f xal\u00e7as\u0131n\u0131n n\u00fcmun\u0259si d\u0259 hotelin interyerini b\u0259z\u0259y\u0259n elementl\u0259rd\u0259n biri olacaq.<\/p>\n<p>Hoteld\u0259 250 yerlik restoran qonaqlar\u0131n ixtiyar\u0131na veril\u0259c\u0259k.<\/p>\n<p>M\u0259lumat verilib ki, in\u015faat i\u015fl\u0259rinin ikinci fazas\u0131nda hotelin yax\u0131nl\u0131\u011f\u0131ndak\u0131 da\u011fl\u0131q \u0259razid\u0259 g\u0259zinti park\u0131n\u0131n tikintisi d\u0259 n\u0259z\u0259rd\u0259 tutulur.<\/p>\n<p>Sonra d\u00f6vl\u0259t ba\u015f\u00e7\u0131s\u0131, birinci xan\u0131m v\u0259 ail\u0259 \u00fczvl\u0259ri \u015eahda\u011f Turizm Kompleksinin \u0259razisind\u0259 in\u015fa edil\u0259n Xiz\u0259k Stadionu Kompleksinin \u201cXiz\u0259k klubu\u201d binas\u0131n\u0131n tikintisi il\u0259 tan\u0131\u015f olublar.<\/p>\n<p>Qeyd ed\u0259k ki, \u201cXiz\u0259k klubu\u201d binas\u0131nda kafe, brifinq, iclas v\u0259 konfrans zallar\u0131, m\u0259tbuat n\u00fcmay\u0259nd\u0259l\u0259ri \u00fc\u00e7\u00fcn otaq olacaq. Yaln\u0131z q\u0131\u015f m\u00f6vs\u00fcm\u00fcnd\u0259 deyil, b\u00fct\u00fcn ilboyu burada \u201cXiz\u0259k klubu\u201dnun \u00fczv\u00fc olanlara, o c\u00fcml\u0259d\u0259n u\u015faq v\u0259 yeniyetm\u0259l\u0259r \u00fc\u00e7\u00fcn xiz\u0259ks\u00fcrm\u0259 kurslar\u0131 t\u0259\u015fkil edil\u0259c\u0259k.<\/p>\n<p>Xiz\u0259k Stadionu Kompleksind\u0259 yarad\u0131lm\u0131\u015f yamac Beyn\u0259lxalq Xiz\u0259k v\u0259 Snoubord Federasiyas\u0131n\u0131n b\u00fct\u00fcn t\u0259l\u0259b v\u0259 standartlar\u0131na tam cavab verir. Burada idman\u0131n bu n\u00f6v\u00fc \u00fczr\u0259 m\u00fcxt\u0259lif beyn\u0259lxalq yar\u0131\u015flar\u0131n, o c\u00fcml\u0259d\u0259n d\u00fcnya v\u0259 Avropa \u00e7empionatlar\u0131n\u0131n ke\u00e7irilm\u0259si \u00fc\u00e7\u00fcn h\u0259rt\u0259r\u0259fli \u015f\u0259rait yarad\u0131lacaq. \u0130dman kompleksind\u0259 idman\u00e7\u0131lar\u0131n, m\u0259\u015fq\u00e7il\u0259rin v\u0259 azarke\u015fl\u0259rin rahatl\u0131\u011f\u0131 \u00fc\u00e7\u00fcn b\u00fct\u00fcn m\u0259qamlar n\u0259z\u0259r\u0259 al\u0131nacaq. Burada 500 n\u0259f\u0259rlik tribuna qura\u015fd\u0131r\u0131lacaq.<\/p>\n<p>Qeyd ed\u0259k ki, art\u0131q bir ne\u00e7\u0259 \u00f6lk\u0259 \u00f6z idman\u00e7\u0131lar\u0131n\u0131n \u015eahda\u011f Turizm Kompleksinin \u0259razisind\u0259 in\u015fa olunan Xiz\u0259k Stadionu Kompleksind\u0259 t\u0259lim-m\u0259\u015fq toplant\u0131lar\u0131 ke\u00e7irm\u0259l\u0259ri \u00fc\u00e7\u00fcn m\u00fcraci\u0259t edib.<\/p>\n<p><strong>***<\/strong><\/p>\n<p><strong>13.27<\/strong><\/p>\n<p><strong>Az\u0259rbaycan Prezidenti \u0130lham \u018fliyev, birinci xan\u0131m Mehriban \u018fliyeva v\u0259 ail\u0259 \u00fczvl\u0259ri yanvar\u0131n 2-d\u0259 \u015eahda\u011f Turizm Kompleksinin \u0259razisind\u0259 in\u015fa edil\u0259n \u201cLakeside\u201d hotelind\u0259 apar\u0131lm\u0131\u015f i\u015fl\u0259rl\u0259 v\u0259 Xiz\u0259k Stadionu Kompleksinin \u201cXiz\u0259k klubu\u201d binas\u0131n\u0131n tikintisi il\u0259 tan\u0131\u015f olublar.<\/strong><\/p>\n<p><strong>ARANTV.AZ <\/strong>\u00a0x\u0259b\u0259r verir ki, bu bar\u0259d\u0259 Prezidentin M\u0259tbuat Xidm\u0259ti m\u0259lumat yay\u0131b.<\/p>\n","protected":false},"excerpt":{"rendered":"<p>Az\u0259rbaycan Prezidenti \u0130lham \u018fliyev, birinci xan\u0131m Mehriban \u018fliyeva v\u0259 ail\u0259 \u00fczvl\u0259ri yanvar\u0131n 2-d\u0259 \u015eahda\u011f Turizm Kompleksinin \u0259razisind\u0259 in\u015fa edil\u0259n \u201cLakeside\u201d hotelind\u0259 apar\u0131lm\u0131\u015f i\u015fl\u0259rl\u0259 tan\u0131\u015f olublar. ARANTV.AZ \u00a0x\u0259b\u0259r verir ki, \u201cArchico\u201d MMC-nin texniki direktoru Nazim \u015eirinov d\u00f6vl\u0259t ba\u015f\u00e7\u0131s\u0131na v\u0259 birinci xan\u0131ma burada g\u00f6r\u00fcl\u0259n v\u0259 n\u0259z\u0259rd\u0259 tutulan i\u015fl\u0259r bar\u0259d\u0259 m\u0259lumat verib. Bildirilib ki, hotelin interyeri Lah\u0131c\u0131n \u0259n m\u0259\u015fhur misg\u0259rlik ustalar\u0131n\u0131n \u0259l i\u015fl\u0259ri olan Lah\u0131c misg\u0259rlik s\u0259n\u0259tinin n\u00fcmun\u0259l\u0259ri il\u0259 b\u0259z\u0259dilib. Yeni hoteld\u0259 qonaqlar\u0131n istirah\u0259tinin h\u0259rt\u0259r\u0259fli, dol\u011fun v\u0259 m\u0259nal\u0131 t\u0259\u015fkili \u00fc\u00e7\u00fcn geni\u015f imkanlar yarad\u0131lacaq. Burada \u00fcmumilikd\u0259 122 n\u00f6mr\u0259 olacaq. Hoteld\u0259 idman, \u201cKids Care\u201d zonalar\u0131,&hellip;<\/p>\n","protected":false},"author":2,"featured_media":778685,"comment_status":"closed","ping_status":"closed","sticky":false,"template":"","format":"standard","meta":{"om_disable_all_campaigns":false,"_monsterinsights_skip_tracking":false,"_monsterinsights_sitenote_active":false,"_monsterinsights_sitenote_note":"","_monsterinsights_sitenote_category":0},"categories":[4],"tags":[],"aioseo_notices":[],"gutentor_comment":0,"rttpg_featured_image_url":{"full":["https:\/\/arantv.az\/wp-content\/uploads\/2025\/01\/19287a8e0f99038174cb27119ff87e0f.jpg",870,500,false],"landscape":["https:\/\/arantv.az\/wp-content\/uploads\/2025\/01\/19287a8e0f99038174cb27119ff87e0f.jpg",870,500,false],"portraits":["https:\/\/arantv.az\/wp-content\/uploads\/2025\/01\/19287a8e0f99038174cb27119ff87e0f.jpg",870,500,false],"thumbnail":["https:\/\/arantv.az\/wp-content\/uploads\/2025\/01\/19287a8e0f99038174cb27119ff87e0f-500x280.jpg",500,280,true],"medium":["https:\/\/arantv.az\/wp-content\/uploads\/2025\/01\/19287a8e0f99038174cb27119ff87e0f-635x365.jpg",635,365,true],"large":["https:\/\/arantv.az\/wp-content\/uploads\/2025\/01\/19287a8e0f99038174cb27119ff87e0f-840x483.jpg",640,368,true],"1536x1536":["https:\/\/arantv.az\/wp-content\/uploads\/2025\/01\/19287a8e0f99038174cb27119ff87e0f.jpg",870,500,false],"2048x2048":["https:\/\/arantv.az\/wp-content\/uploads\/2025\/01\/19287a8e0f99038174cb27119ff87e0f.jpg",870,500,false],"post-thumbnail":["https:\/\/arantv.az\/wp-content\/uploads\/2025\/01\/19287a8e0f99038174cb27119ff87e0f-240x172.jpg",240,172,true],"advps-thumb-one":["https:\/\/arantv.az\/wp-content\/uploads\/2025\/01\/19287a8e0f99038174cb27119ff87e0f.jpg",870,500,false]},"rttpg_author":{"display_name":"V\u00fcsal Rafiqo\u011flu","author_link":"https:\/\/arantv.az\/?author=2"},"rttpg_comment":0,"rttpg_category":"<a href=\"https:\/\/arantv.az\/?cat=4\" rel=\"category\">Siyas\u0259t<\/a>","rttpg_excerpt":"Az\u0259rbaycan Prezidenti \u0130lham \u018fliyev, birinci xan\u0131m Mehriban \u018fliyeva v\u0259 ail\u0259 \u00fczvl\u0259ri yanvar\u0131n 2-d\u0259 \u015eahda\u011f Turizm Kompleksinin \u0259razisind\u0259 in\u015fa edil\u0259n \u201cLakeside\u201d hotelind\u0259 apar\u0131lm\u0131\u015f i\u015fl\u0259rl\u0259 tan\u0131\u015f olublar. ARANTV.AZ \u00a0x\u0259b\u0259r verir ki, \u201cArchico\u201d MMC-nin texniki direktoru Nazim \u015eirinov d\u00f6vl\u0259t ba\u015f\u00e7\u0131s\u0131na v\u0259 birinci xan\u0131ma burada g\u00f6r\u00fcl\u0259n v\u0259 n\u0259z\u0259rd\u0259 tutulan i\u015fl\u0259r bar\u0259d\u0259 m\u0259lumat verib. Bildirilib ki, hotelin interyeri Lah\u0131c\u0131n \u0259n&hellip;","_links":{"self":[{"href":"https:\/\/arantv.az\/index.php?rest_route=\/wp\/v2\/posts\/778684"}],"collection":[{"href":"https:\/\/arantv.az\/index.php?rest_route=\/wp\/v2\/posts"}],"about":[{"href":"https:\/\/arantv.az\/index.php?rest_route=\/wp\/v2\/types\/post"}],"author":[{"embeddable":true,"href":"https:\/\/arantv.az\/index.php?rest_route=\/wp\/v2\/users\/2"}],"replies":[{"embeddable":true,"href":"https:\/\/arantv.az\/index.php?rest_route=%2Fwp%2Fv2%2Fcomments&post=778684"}],"version-history":[{"count":1,"href":"https:\/\/arantv.az\/index.php?rest_route=\/wp\/v2\/posts\/778684\/revisions"}],"predecessor-version":[{"id":778686,"href":"https:\/\/arantv.az\/index.php?rest_route=\/wp\/v2\/posts\/778684\/revisions\/778686"}],"wp:featuredmedia":[{"embeddable":true,"href":"https:\/\/arantv.az\/index.php?rest_route=\/wp\/v2\/media\/778685"}],"wp:attachment":[{"href":"https:\/\/arantv.az\/index.php?rest_route=%2Fwp%2Fv2%2Fmedia&parent=778684"}],"wp:term":[{"taxonomy":"category","embeddable":true,"href":"https:\/\/arantv.az\/index.php?rest_route=%2Fwp%2Fv2%2Fcategories&post=778684"},{"taxonomy":"post_tag","embeddable":true,"href":"https:\/\/arantv.az\/index.php?rest_route=%2Fwp%2Fv2%2Ftags&post=778684"}],"curies":[{"name":"wp","href":"https:\/\/api.w.org\/{rel}","templated":true}]}}