{"id":778722,"date":"2025-01-02T16:00:37","date_gmt":"2025-01-02T12:00:37","guid":{"rendered":"https:\/\/arantv.az\/?p=778722"},"modified":"2025-01-02T16:00:37","modified_gmt":"2025-01-02T12:00:37","slug":"milli-q%c9%99hr%c9%99man-polad-h%c9%99simovun-xatir%c9%99si-yad-edilib","status":"publish","type":"post","link":"https:\/\/arantv.az\/?p=778722","title":{"rendered":"Milli Q\u0259hr\u0259man Polad H\u0259\u015fimovun xatir\u0259si yad edilib"},"content":{"rendered":"<div class=\"content lead font-weight-normal\">\n<p>Az\u0259rbaycan\u0131n Milli Q\u0259hr\u0259man\u0131 general-mayor Polad H\u0259\u015fimovun do\u011fum g\u00fcn\u00fc il\u0259 \u0259laq\u0259dar M\u00fcdafi\u0259 Nazirliyinin bir qrup zabit hey\u0259ti, V\u0259t\u0259n m\u00fcharib\u0259si i\u015ftirak\u00e7\u0131lar\u0131 v\u0259 Milli Q\u0259hr\u0259man\u0131n ail\u0259 \u00fczvl\u0259ri yanvar\u0131n 2-d\u0259 onun m\u0259zar\u0131n\u0131 ziyar\u0259t edibl\u0259r.<\/p>\n<p><strong>ARANTV.AZ\u00a0 x\u0259b\u0259r verir ki,<\/strong>\u00a0\u00a0bu bar\u0259d\u0259\u00a0 M\u00fcdafi\u0259 Nazirliyind\u0259n m\u0259lumat verilib.<\/p>\n<p>Bildirilib ki, 2 yanvar 1975-ci ild\u0259 Q\u0259b\u0259l\u0259 rayonunun V\u0259ndam k\u0259ndind\u0259 anadan olan Polad H\u0259\u015fimov Sumqay\u0131t \u015f\u0259h\u0259rind\u0259 orta t\u0259hsil al\u0131b. Sonra o, indiki Heyd\u0259r \u018fliyev ad\u0131na H\u0259rbi \u0130nstituta daxil olub v\u0259 bu x\u00fcsusi t\u0259yinatl\u0131 t\u0259hsil m\u00fc\u0259ssis\u0259sini m\u00fcv\u0259ff\u0259qiyy\u0259tl\u0259 bitirib.<\/p>\n<p>Polad H\u0259\u015fimov d\u00f6y\u00fc\u015f b\u00f6lg\u0259l\u0259rind\u0259 Az\u0259rbaycan\u0131n m\u00fcdafi\u0259si u\u011frunda ona h\u0259val\u0259 edil\u0259n \u0259mr v\u0259 tap\u015f\u0131r\u0131qlar\u0131 layiqinc\u0259 yerin\u0259 yetir\u0259r\u0259k &#8220;general-mayor&#8221; ali h\u0259rbi r\u00fctb\u0259sin\u0259d\u0259k y\u00fcks\u0259lib. 2016-c\u0131 ilin Aprel d\u00f6y\u00fc\u015fl\u0259rind\u0259 Az\u0259rbaycan\u0131n \u0259razi b\u00fct\u00f6vl\u00fcy\u00fcn\u00fcn qorunub saxlan\u0131lmas\u0131nda x\u00fcsusi xidm\u0259tl\u0259rin\u0259 v\u0259 Silahl\u0131 Q\u00fcvv\u0259l\u0259r qar\u015f\u0131s\u0131nda qoyulmu\u015f tap\u015f\u0131r\u0131qlar\u0131 yerin\u0259 yetir\u0259n zaman f\u0259rql\u0259ndiyin\u0259 g\u00f6r\u0259 Prezident \u0130lham \u018fliyevin 20 aprel 2016-c\u0131 il tarixli s\u0259r\u0259ncam\u0131na \u0259sas\u0259n Polad H\u0259\u015fimov 3-c\u00fc d\u0259r\u0259c\u0259li &#8220;V\u0259t\u0259n\u0259 xidm\u0259t\u0259 g\u00f6r\u0259&#8221; ordeni il\u0259 t\u0259ltif edilib. 2019-cu il iyunun 24-d\u0259 Polad H\u0259\u015fimova &#8220;general-mayor&#8221; ali h\u0259rbi r\u00fctb\u0259si verilib.<\/p>\n<p>General-mayor Polad H\u0259\u015fimov 14 iyul 2020-ci il tarixd\u0259 Tovuz rayonunun qar\u015f\u0131s\u0131nda yerl\u0259\u015f\u0259n d\u00fc\u015fm\u0259nin h\u00fccum c\u0259hdl\u0259rinin v\u0259 t\u0259xribatlar\u0131n\u0131n qar\u015f\u0131s\u0131n\u0131 alark\u0259n q\u0259hr\u0259mancas\u0131na \u015f\u0259hid olub. Prezidentin 9 dekabr 2020-ci il tarixli S\u0259r\u0259ncam\u0131 il\u0259 \u00f6l\u00fcm\u00fcnd\u0259n sonra general-mayor P.H\u0259\u015fimov &#8220;Az\u0259rbaycan\u0131n Milli Q\u0259hr\u0259man\u0131&#8221; f\u0259xri ad\u0131na layiq g\u00f6r\u00fcl\u00fcb. An\u0131m m\u0259rasimind\u0259 M\u00fcdafi\u0259 Nazirliyinin r\u0259hb\u0259rliyi ad\u0131ndan milli q\u0259hr\u0259man\u0131n m\u0259zar\u0131 \u00fcz\u0259rin\u0259 g\u00fcl d\u0259st\u0259l\u0259ri qoyulub, xatir\u0259si h\u00f6rm\u0259t v\u0259 ehtiramla an\u0131l\u0131b.<\/p>\n<div class=\"clearfix\"><\/div>\n<\/div>\n<div class=\"sharing my-2 row no-gutters d-print-none\"><\/div>\n<div class=\"d-none d-sm-block\"><\/div>\n","protected":false},"excerpt":{"rendered":"<p>Az\u0259rbaycan\u0131n Milli Q\u0259hr\u0259man\u0131 general-mayor Polad H\u0259\u015fimovun do\u011fum g\u00fcn\u00fc il\u0259 \u0259laq\u0259dar M\u00fcdafi\u0259 Nazirliyinin bir qrup zabit hey\u0259ti, V\u0259t\u0259n m\u00fcharib\u0259si i\u015ftirak\u00e7\u0131lar\u0131 v\u0259 Milli Q\u0259hr\u0259man\u0131n ail\u0259 \u00fczvl\u0259ri yanvar\u0131n 2-d\u0259 onun m\u0259zar\u0131n\u0131 ziyar\u0259t edibl\u0259r. ARANTV.AZ\u00a0 x\u0259b\u0259r verir ki,\u00a0\u00a0bu bar\u0259d\u0259\u00a0 M\u00fcdafi\u0259 Nazirliyind\u0259n m\u0259lumat verilib. Bildirilib ki, 2 yanvar 1975-ci ild\u0259 Q\u0259b\u0259l\u0259 rayonunun V\u0259ndam k\u0259ndind\u0259 anadan olan Polad H\u0259\u015fimov Sumqay\u0131t \u015f\u0259h\u0259rind\u0259 orta t\u0259hsil al\u0131b. Sonra o, indiki Heyd\u0259r \u018fliyev ad\u0131na H\u0259rbi \u0130nstituta daxil olub v\u0259 bu x\u00fcsusi t\u0259yinatl\u0131 t\u0259hsil m\u00fc\u0259ssis\u0259sini m\u00fcv\u0259ff\u0259qiyy\u0259tl\u0259 bitirib. Polad H\u0259\u015fimov d\u00f6y\u00fc\u015f b\u00f6lg\u0259l\u0259rind\u0259 Az\u0259rbaycan\u0131n m\u00fcdafi\u0259si u\u011frunda ona h\u0259val\u0259 edil\u0259n \u0259mr v\u0259 tap\u015f\u0131r\u0131qlar\u0131 layiqinc\u0259&hellip;<\/p>\n","protected":false},"author":2,"featured_media":778723,"comment_status":"closed","ping_status":"closed","sticky":false,"template":"","format":"standard","meta":{"om_disable_all_campaigns":false,"_monsterinsights_skip_tracking":false,"_monsterinsights_sitenote_active":false,"_monsterinsights_sitenote_note":"","_monsterinsights_sitenote_category":0},"categories":[10],"tags":[],"aioseo_notices":[],"gutentor_comment":0,"rttpg_featured_image_url":{"full":["https:\/\/arantv.az\/wp-content\/uploads\/2025\/01\/859bf141173580269255306638711024927.jpg",975,540,false],"landscape":["https:\/\/arantv.az\/wp-content\/uploads\/2025\/01\/859bf141173580269255306638711024927.jpg",975,540,false],"portraits":["https:\/\/arantv.az\/wp-content\/uploads\/2025\/01\/859bf141173580269255306638711024927.jpg",975,540,false],"thumbnail":["https:\/\/arantv.az\/wp-content\/uploads\/2025\/01\/859bf141173580269255306638711024927-500x280.jpg",500,280,true],"medium":["https:\/\/arantv.az\/wp-content\/uploads\/2025\/01\/859bf141173580269255306638711024927-660x365.jpg",660,365,true],"large":["https:\/\/arantv.az\/wp-content\/uploads\/2025\/01\/859bf141173580269255306638711024927-840x465.jpg",640,354,true],"1536x1536":["https:\/\/arantv.az\/wp-content\/uploads\/2025\/01\/859bf141173580269255306638711024927.jpg",975,540,false],"2048x2048":["https:\/\/arantv.az\/wp-content\/uploads\/2025\/01\/859bf141173580269255306638711024927.jpg",975,540,false],"post-thumbnail":["https:\/\/arantv.az\/wp-content\/uploads\/2025\/01\/859bf141173580269255306638711024927-240x172.jpg",240,172,true],"advps-thumb-one":["https:\/\/arantv.az\/wp-content\/uploads\/2025\/01\/859bf141173580269255306638711024927.jpg",975,540,false]},"rttpg_author":{"display_name":"V\u00fcsal Rafiqo\u011flu","author_link":"https:\/\/arantv.az\/?author=2"},"rttpg_comment":0,"rttpg_category":"<a href=\"https:\/\/arantv.az\/?cat=10\" rel=\"category\">C\u0259bh\u0259d\u0259n X\u0259b\u0259r<\/a>","rttpg_excerpt":"Az\u0259rbaycan\u0131n Milli Q\u0259hr\u0259man\u0131 general-mayor Polad H\u0259\u015fimovun do\u011fum g\u00fcn\u00fc il\u0259 \u0259laq\u0259dar M\u00fcdafi\u0259 Nazirliyinin bir qrup zabit hey\u0259ti, V\u0259t\u0259n m\u00fcharib\u0259si i\u015ftirak\u00e7\u0131lar\u0131 v\u0259 Milli Q\u0259hr\u0259man\u0131n ail\u0259 \u00fczvl\u0259ri yanvar\u0131n 2-d\u0259 onun m\u0259zar\u0131n\u0131 ziyar\u0259t edibl\u0259r. ARANTV.AZ\u00a0 x\u0259b\u0259r verir ki,\u00a0\u00a0bu bar\u0259d\u0259\u00a0 M\u00fcdafi\u0259 Nazirliyind\u0259n m\u0259lumat verilib. Bildirilib ki, 2 yanvar 1975-ci ild\u0259 Q\u0259b\u0259l\u0259 rayonunun V\u0259ndam k\u0259ndind\u0259 anadan olan Polad H\u0259\u015fimov Sumqay\u0131t \u015f\u0259h\u0259rind\u0259&hellip;","_links":{"self":[{"href":"https:\/\/arantv.az\/index.php?rest_route=\/wp\/v2\/posts\/778722"}],"collection":[{"href":"https:\/\/arantv.az\/index.php?rest_route=\/wp\/v2\/posts"}],"about":[{"href":"https:\/\/arantv.az\/index.php?rest_route=\/wp\/v2\/types\/post"}],"author":[{"embeddable":true,"href":"https:\/\/arantv.az\/index.php?rest_route=\/wp\/v2\/users\/2"}],"replies":[{"embeddable":true,"href":"https:\/\/arantv.az\/index.php?rest_route=%2Fwp%2Fv2%2Fcomments&post=778722"}],"version-history":[{"count":1,"href":"https:\/\/arantv.az\/index.php?rest_route=\/wp\/v2\/posts\/778722\/revisions"}],"predecessor-version":[{"id":778724,"href":"https:\/\/arantv.az\/index.php?rest_route=\/wp\/v2\/posts\/778722\/revisions\/778724"}],"wp:featuredmedia":[{"embeddable":true,"href":"https:\/\/arantv.az\/index.php?rest_route=\/wp\/v2\/media\/778723"}],"wp:attachment":[{"href":"https:\/\/arantv.az\/index.php?rest_route=%2Fwp%2Fv2%2Fmedia&parent=778722"}],"wp:term":[{"taxonomy":"category","embeddable":true,"href":"https:\/\/arantv.az\/index.php?rest_route=%2Fwp%2Fv2%2Fcategories&post=778722"},{"taxonomy":"post_tag","embeddable":true,"href":"https:\/\/arantv.az\/index.php?rest_route=%2Fwp%2Fv2%2Ftags&post=778722"}],"curies":[{"name":"wp","href":"https:\/\/api.w.org\/{rel}","templated":true}]}}