{"id":778728,"date":"2025-01-02T16:02:58","date_gmt":"2025-01-02T12:02:58","guid":{"rendered":"https:\/\/arantv.az\/?p=778728"},"modified":"2025-01-02T16:02:58","modified_gmt":"2025-01-02T12:02:58","slug":"leyla-%c9%99liyeva-sahdag-turizm-kompleksind%c9%99n-fotolar-paylasdi","status":"publish","type":"post","link":"https:\/\/arantv.az\/?p=778728","title":{"rendered":"Leyla \u018fliyeva \u015eahda\u011f Turizm Kompleksind\u0259n fotolar payla\u015fd\u0131"},"content":{"rendered":"<div class=\"content lead font-weight-normal\">\n<p>Az\u0259rbaycan Prezidenti \u0130lham \u018fliyev, birinci xan\u0131m Mehriban \u018fliyeva v\u0259 ail\u0259 \u00fczvl\u0259ri yanvar\u0131n 2-d\u0259 \u015eahda\u011f Turizm Kompleksinin \u0259razisind\u0259 in\u015fa edil\u0259n \u201cLakeside\u201d hotelind\u0259 apar\u0131lm\u0131\u015f i\u015fl\u0259rl\u0259 v\u0259 Xiz\u0259k Stadionu Kompleksinin \u201cXiz\u0259k klubu\u201d binas\u0131n\u0131n tikintisi il\u0259 tan\u0131\u015f olublar.<\/p>\n<p><strong>ARANTV.AZ\u00a0 x\u0259b\u0259r verir ki,<\/strong>\u00a0Heyd\u0259r \u018fliyev Fondunun vitse-prezidenti Leyla \u018fliyeva \u00f6z instaqram hesab\u0131nda\u00a0\u015eahda\u011f Turizm Kompleksind\u0259n fotolar payla\u015f\u0131b.<\/p>\n<div class=\"clearfix\"><\/div>\n<\/div>\n<div class=\"fotorama--hidden\"><\/div>\n<div id=\"galleryList\" class=\"fotorama fotorama1735819322442\" data-nav=\"thumbs\" data-width=\"100%\" data-thumbwidth=\"90\" data-thumbheight=\"60\" data-allowfullscreen=\"true\" data-autoplay=\"3000\" data-ratio=\"1.5\" data-keyboard=\"true\" data-fit=\"contain\">\n<div class=\"fotorama__wrap fotorama__wrap--css3 fotorama__wrap--slide fotorama__wrap--toggle-arrows fotorama__wrap--no-controls\">\n<div class=\"fotorama__stage\">\n<div class=\"fotorama__fullscreen-icon\" tabindex=\"0\" role=\"button\"><\/div>\n<div class=\"fotorama__stage__shaft\">\n<div class=\"fotorama__stage__frame fotorama__loaded fotorama__loaded--img\"><img class=\"fotorama__img\" src=\"https:\/\/ikisahil.az\/photo\/0x0_2\/upload\/gallery\/2025\/01\/02\/-63154d56173581215147714191810223468.jpg\" \/><\/div>\n<div class=\"fotorama__stage__frame fotorama__loaded fotorama__loaded--img fotorama__active\"><img class=\"fotorama__img\" src=\"https:\/\/ikisahil.az\/photo\/0x0_2\/upload\/gallery\/2025\/01\/02\/-d8c9d05e173581215155822148510808593.jpg\" \/><\/div>\n<\/div>\n<div class=\"fotorama__arr fotorama__arr--prev\" tabindex=\"0\" role=\"button\"><\/div>\n<div class=\"fotorama__arr fotorama__arr--next fotorama__arr--disabled\" tabindex=\"-1\" role=\"button\"><\/div>\n<div class=\"fotorama__video-close\"><\/div>\n<\/div>\n<div class=\"fotorama__nav-wrap\">\n<div class=\"fotorama__nav fotorama__nav--thumbs\">\n<div class=\"fotorama__nav__shaft\">\n<div class=\"fotorama__thumb-border\"><\/div>\n<div class=\"fotorama__nav__frame fotorama__nav__frame--thumb\" tabindex=\"0\" role=\"button\">\n<div class=\"fotorama__thumb fotorama__loaded fotorama__loaded--img\"><img class=\"fotorama__img\" src=\"https:\/\/ikisahil.az\/photo\/150x100_2\/upload\/gallery\/2025\/01\/02\/-4a300d3a173581215119131979010621185.jpg\" \/><\/div>\n<\/div>\n<div class=\"fotorama__nav__frame fotorama__nav__frame--thumb\" tabindex=\"0\" role=\"button\">\n<div class=\"fotorama__thumb fotorama__loaded fotorama__loaded--img\"><img class=\"fotorama__img\" src=\"https:\/\/ikisahil.az\/photo\/150x100_2\/upload\/gallery\/2025\/01\/02\/-0beb34df173581215113123633611038867.jpg\" \/><\/div>\n<\/div>\n<div class=\"fotorama__nav__frame fotorama__nav__frame--thumb\" tabindex=\"0\" role=\"button\">\n<div class=\"fotorama__thumb fotorama__loaded fotorama__loaded--img\"><img class=\"fotorama__img\" src=\"https:\/\/ikisahil.az\/photo\/150x100_2\/upload\/gallery\/2025\/01\/02\/-cfcce062173581215114834526710292276.jpg\" \/><\/div>\n<\/div>\n<div class=\"fotorama__nav__frame fotorama__nav__frame--thumb\" tabindex=\"0\" role=\"button\">\n<div class=\"fotorama__thumb fotorama__loaded fotorama__loaded--img\"><img class=\"fotorama__img\" src=\"https:\/\/ikisahil.az\/photo\/150x100_2\/upload\/gallery\/2025\/01\/02\/-e2ad76f2173581215131547029110604504.jpg\" \/><\/div>\n<\/div>\n<div class=\"fotorama__nav__frame fotorama__nav__frame--thumb\" tabindex=\"0\" role=\"button\">\n<div class=\"fotorama__thumb fotorama__loaded fotorama__loaded--img\"><img class=\"fotorama__img\" src=\"https:\/\/ikisahil.az\/photo\/150x100_2\/upload\/gallery\/2025\/01\/02\/-63154d56173581215147714191810223468.jpg\" \/><\/div>\n<\/div>\n<div class=\"fotorama__nav__frame fotorama__nav__frame--thumb fotorama__active\" tabindex=\"0\" role=\"button\">\n<div class=\"fotorama__thumb fotorama__loaded fotorama__loaded--img\"><img class=\"fotorama__img\" src=\"https:\/\/ikisahil.az\/photo\/150x100_2\/upload\/gallery\/2025\/01\/02\/-d8c9d05e173581215155822148510808593.jpg\" \/><\/div>\n<\/div>\n<\/div>\n<\/div>\n<\/div>\n<\/div>\n<\/div>\n<div class=\"sharing my-2 row no-gutters d-print-none\"><\/div>\n<div class=\"d-none d-sm-block\"><\/div>\n","protected":false},"excerpt":{"rendered":"<p>Az\u0259rbaycan Prezidenti \u0130lham \u018fliyev, birinci xan\u0131m Mehriban \u018fliyeva v\u0259 ail\u0259 \u00fczvl\u0259ri yanvar\u0131n 2-d\u0259 \u015eahda\u011f Turizm Kompleksinin \u0259razisind\u0259 in\u015fa edil\u0259n \u201cLakeside\u201d hotelind\u0259 apar\u0131lm\u0131\u015f i\u015fl\u0259rl\u0259 v\u0259 Xiz\u0259k Stadionu Kompleksinin \u201cXiz\u0259k klubu\u201d binas\u0131n\u0131n tikintisi il\u0259 tan\u0131\u015f olublar. ARANTV.AZ\u00a0 x\u0259b\u0259r verir ki,\u00a0Heyd\u0259r \u018fliyev Fondunun vitse-prezidenti Leyla \u018fliyeva \u00f6z instaqram hesab\u0131nda\u00a0\u015eahda\u011f Turizm Kompleksind\u0259n fotolar payla\u015f\u0131b.<\/p>\n","protected":false},"author":2,"featured_media":778729,"comment_status":"closed","ping_status":"closed","sticky":false,"template":"","format":"standard","meta":{"om_disable_all_campaigns":false,"_monsterinsights_skip_tracking":false,"_monsterinsights_sitenote_active":false,"_monsterinsights_sitenote_note":"","_monsterinsights_sitenote_category":0},"categories":[1],"tags":[],"aioseo_notices":[],"gutentor_comment":0,"rttpg_featured_image_url":{"full":["https:\/\/arantv.az\/wp-content\/uploads\/2025\/01\/5be278a917358121326705409721064474.jpg",975,540,false],"landscape":["https:\/\/arantv.az\/wp-content\/uploads\/2025\/01\/5be278a917358121326705409721064474.jpg",975,540,false],"portraits":["https:\/\/arantv.az\/wp-content\/uploads\/2025\/01\/5be278a917358121326705409721064474.jpg",975,540,false],"thumbnail":["https:\/\/arantv.az\/wp-content\/uploads\/2025\/01\/5be278a917358121326705409721064474-500x280.jpg",500,280,true],"medium":["https:\/\/arantv.az\/wp-content\/uploads\/2025\/01\/5be278a917358121326705409721064474-660x365.jpg",660,365,true],"large":["https:\/\/arantv.az\/wp-content\/uploads\/2025\/01\/5be278a917358121326705409721064474-840x465.jpg",640,354,true],"1536x1536":["https:\/\/arantv.az\/wp-content\/uploads\/2025\/01\/5be278a917358121326705409721064474.jpg",975,540,false],"2048x2048":["https:\/\/arantv.az\/wp-content\/uploads\/2025\/01\/5be278a917358121326705409721064474.jpg",975,540,false],"post-thumbnail":["https:\/\/arantv.az\/wp-content\/uploads\/2025\/01\/5be278a917358121326705409721064474-240x172.jpg",240,172,true],"advps-thumb-one":["https:\/\/arantv.az\/wp-content\/uploads\/2025\/01\/5be278a917358121326705409721064474.jpg",975,540,false]},"rttpg_author":{"display_name":"V\u00fcsal Rafiqo\u011flu","author_link":"https:\/\/arantv.az\/?author=2"},"rttpg_comment":0,"rttpg_category":"<a href=\"https:\/\/arantv.az\/?cat=1\" rel=\"category\">C\u0259miyy\u0259t<\/a>","rttpg_excerpt":"Az\u0259rbaycan Prezidenti \u0130lham \u018fliyev, birinci xan\u0131m Mehriban \u018fliyeva v\u0259 ail\u0259 \u00fczvl\u0259ri yanvar\u0131n 2-d\u0259 \u015eahda\u011f Turizm Kompleksinin \u0259razisind\u0259 in\u015fa edil\u0259n \u201cLakeside\u201d hotelind\u0259 apar\u0131lm\u0131\u015f i\u015fl\u0259rl\u0259 v\u0259 Xiz\u0259k Stadionu Kompleksinin \u201cXiz\u0259k klubu\u201d binas\u0131n\u0131n tikintisi il\u0259 tan\u0131\u015f olublar. ARANTV.AZ\u00a0 x\u0259b\u0259r verir ki,\u00a0Heyd\u0259r \u018fliyev Fondunun vitse-prezidenti Leyla \u018fliyeva \u00f6z instaqram hesab\u0131nda\u00a0\u015eahda\u011f Turizm Kompleksind\u0259n fotolar payla\u015f\u0131b.","_links":{"self":[{"href":"https:\/\/arantv.az\/index.php?rest_route=\/wp\/v2\/posts\/778728"}],"collection":[{"href":"https:\/\/arantv.az\/index.php?rest_route=\/wp\/v2\/posts"}],"about":[{"href":"https:\/\/arantv.az\/index.php?rest_route=\/wp\/v2\/types\/post"}],"author":[{"embeddable":true,"href":"https:\/\/arantv.az\/index.php?rest_route=\/wp\/v2\/users\/2"}],"replies":[{"embeddable":true,"href":"https:\/\/arantv.az\/index.php?rest_route=%2Fwp%2Fv2%2Fcomments&post=778728"}],"version-history":[{"count":1,"href":"https:\/\/arantv.az\/index.php?rest_route=\/wp\/v2\/posts\/778728\/revisions"}],"predecessor-version":[{"id":778730,"href":"https:\/\/arantv.az\/index.php?rest_route=\/wp\/v2\/posts\/778728\/revisions\/778730"}],"wp:featuredmedia":[{"embeddable":true,"href":"https:\/\/arantv.az\/index.php?rest_route=\/wp\/v2\/media\/778729"}],"wp:attachment":[{"href":"https:\/\/arantv.az\/index.php?rest_route=%2Fwp%2Fv2%2Fmedia&parent=778728"}],"wp:term":[{"taxonomy":"category","embeddable":true,"href":"https:\/\/arantv.az\/index.php?rest_route=%2Fwp%2Fv2%2Fcategories&post=778728"},{"taxonomy":"post_tag","embeddable":true,"href":"https:\/\/arantv.az\/index.php?rest_route=%2Fwp%2Fv2%2Ftags&post=778728"}],"curies":[{"name":"wp","href":"https:\/\/api.w.org\/{rel}","templated":true}]}}