{"id":778763,"date":"2025-01-02T20:28:25","date_gmt":"2025-01-02T16:28:25","guid":{"rendered":"https:\/\/arantv.az\/?p=778763"},"modified":"2025-01-02T20:28:25","modified_gmt":"2025-01-02T16:28:25","slug":"s%c9%99hidin-qardasi-dunyaya-g%c9%99ldi-foto-2","status":"publish","type":"post","link":"https:\/\/arantv.az\/?p=778763","title":{"rendered":"\u015e\u0259hidin qarda\u015f\u0131 d\u00fcnyaya g\u0259ldi &#8211; FOTO"},"content":{"rendered":"<p><strong>V\u0259t\u0259n m\u00fcharib\u0259si \u015f\u0259hidi Yusif \u018fl\u0259sg\u0259rovun qarda\u015f\u0131 d\u00fcnyaya g\u0259lib.<\/strong><\/p>\n<p>\u015e\u0259hidin anas\u0131 Sevinc Abdullayeva o\u011ful \u00f6vlad\u0131 d\u00fcnyaya g\u0259tirib.<\/p>\n<p>Qeyd ed\u0259k ki, 1996-c\u0131 il t\u0259v\u0259ll\u00fcdl\u00fc Yusif \u018fl\u0259sg\u0259rov 2020-ci il sentyabr\u0131n 27-d\u0259 ba\u015flayan V\u0259t\u0259n m\u00fcharib\u0259si zaman\u0131 F\u00fczuli, Xocav\u0259nd, C\u0259bray\u0131l v\u0259 Qubadl\u0131n\u0131n azadl\u0131\u011f\u0131 u\u011frunda ged\u0259n d\u00f6y\u00fc\u015fl\u0259rd\u0259 tank\u00e7\u0131 kimi i\u015ftirak edib. Oktyabr\u0131n 24-d\u0259 Qubadl\u0131 d\u00f6y\u00fc\u015fl\u0259ri zaman\u0131 a\u011f\u0131r yaralan\u0131b. M\u00fcalic\u0259si tam bitm\u0259d\u0259n yenid\u0259n d\u00f6y\u00fc\u015f b\u00f6lg\u0259sin\u0259 qay\u0131d\u0131b.<\/p>\n<p>Y. \u018fl\u0259sg\u0259rov noyabr\u0131n 7-d\u0259 Xocav\u0259nd rayonu istiqam\u0259tind\u0259 ged\u0259n d\u00f6y\u00fc\u015fl\u0259rd\u0259 \u015f\u0259hid olub. Tovuz rayonunun Yuxar\u0131 \u00d6ys\u00fczl\u00fc k\u0259ndind\u0259 torpa\u011fa tap\u015f\u0131r\u0131l\u0131b.<\/p>\n<p>O, \u00f6l\u00fcm\u00fcnd\u0259n sonra \u201cV\u0259t\u0259n u\u011frunda\u201d v\u0259 \u201c\u015eu\u015fan\u0131n azad olunmas\u0131na g\u00f6r\u0259\u201d medallar\u0131 il\u0259 t\u0259ltif edilib.<\/p>\n<p>Qafqazinfo.az<\/p>\n<div><img class=\"img-responsive\" title=\"\" src=\"https:\/\/qafqazinfo.az\/uploads\/1735825526\/472339853_1505329053463290_3523495229652774292_n.jpg\" alt=\"\" \/><\/div>\n","protected":false},"excerpt":{"rendered":"<p>V\u0259t\u0259n m\u00fcharib\u0259si \u015f\u0259hidi Yusif \u018fl\u0259sg\u0259rovun qarda\u015f\u0131 d\u00fcnyaya g\u0259lib. \u015e\u0259hidin anas\u0131 Sevinc Abdullayeva o\u011ful \u00f6vlad\u0131 d\u00fcnyaya g\u0259tirib. Qeyd ed\u0259k ki, 1996-c\u0131 il t\u0259v\u0259ll\u00fcdl\u00fc Yusif \u018fl\u0259sg\u0259rov 2020-ci il sentyabr\u0131n 27-d\u0259 ba\u015flayan V\u0259t\u0259n m\u00fcharib\u0259si zaman\u0131 F\u00fczuli, Xocav\u0259nd, C\u0259bray\u0131l v\u0259 Qubadl\u0131n\u0131n azadl\u0131\u011f\u0131 u\u011frunda ged\u0259n d\u00f6y\u00fc\u015fl\u0259rd\u0259 tank\u00e7\u0131 kimi i\u015ftirak edib. Oktyabr\u0131n 24-d\u0259 Qubadl\u0131 d\u00f6y\u00fc\u015fl\u0259ri zaman\u0131 a\u011f\u0131r yaralan\u0131b. M\u00fcalic\u0259si tam bitm\u0259d\u0259n yenid\u0259n d\u00f6y\u00fc\u015f b\u00f6lg\u0259sin\u0259 qay\u0131d\u0131b. Y. \u018fl\u0259sg\u0259rov noyabr\u0131n 7-d\u0259 Xocav\u0259nd rayonu istiqam\u0259tind\u0259 ged\u0259n d\u00f6y\u00fc\u015fl\u0259rd\u0259 \u015f\u0259hid olub. Tovuz rayonunun Yuxar\u0131 \u00d6ys\u00fczl\u00fc k\u0259ndind\u0259 torpa\u011fa tap\u015f\u0131r\u0131l\u0131b. O, \u00f6l\u00fcm\u00fcnd\u0259n sonra \u201cV\u0259t\u0259n u\u011frunda\u201d v\u0259 \u201c\u015eu\u015fan\u0131n azad olunmas\u0131na g\u00f6r\u0259\u201d medallar\u0131 il\u0259 t\u0259ltif&hellip;<\/p>\n","protected":false},"author":2,"featured_media":778764,"comment_status":"closed","ping_status":"closed","sticky":false,"template":"","format":"standard","meta":{"om_disable_all_campaigns":false,"_monsterinsights_skip_tracking":false,"_monsterinsights_sitenote_active":false,"_monsterinsights_sitenote_note":"","_monsterinsights_sitenote_category":0},"categories":[1],"tags":[],"aioseo_notices":[],"gutentor_comment":0,"rttpg_featured_image_url":{"full":["https:\/\/arantv.az\/wp-content\/uploads\/2025\/01\/7f507278ef6ec6d8870e63f3bd56045c.jpg",637,400,false],"landscape":["https:\/\/arantv.az\/wp-content\/uploads\/2025\/01\/7f507278ef6ec6d8870e63f3bd56045c.jpg",637,400,false],"portraits":["https:\/\/arantv.az\/wp-content\/uploads\/2025\/01\/7f507278ef6ec6d8870e63f3bd56045c.jpg",637,400,false],"thumbnail":["https:\/\/arantv.az\/wp-content\/uploads\/2025\/01\/7f507278ef6ec6d8870e63f3bd56045c-500x280.jpg",500,280,true],"medium":["https:\/\/arantv.az\/wp-content\/uploads\/2025\/01\/7f507278ef6ec6d8870e63f3bd56045c-581x365.jpg",581,365,true],"large":["https:\/\/arantv.az\/wp-content\/uploads\/2025\/01\/7f507278ef6ec6d8870e63f3bd56045c.jpg",637,400,false],"1536x1536":["https:\/\/arantv.az\/wp-content\/uploads\/2025\/01\/7f507278ef6ec6d8870e63f3bd56045c.jpg",637,400,false],"2048x2048":["https:\/\/arantv.az\/wp-content\/uploads\/2025\/01\/7f507278ef6ec6d8870e63f3bd56045c.jpg",637,400,false],"post-thumbnail":["https:\/\/arantv.az\/wp-content\/uploads\/2025\/01\/7f507278ef6ec6d8870e63f3bd56045c-240x172.jpg",240,172,true],"advps-thumb-one":["https:\/\/arantv.az\/wp-content\/uploads\/2025\/01\/7f507278ef6ec6d8870e63f3bd56045c.jpg",637,400,false]},"rttpg_author":{"display_name":"V\u00fcsal Rafiqo\u011flu","author_link":"https:\/\/arantv.az\/?author=2"},"rttpg_comment":0,"rttpg_category":"<a href=\"https:\/\/arantv.az\/?cat=1\" rel=\"category\">C\u0259miyy\u0259t<\/a>","rttpg_excerpt":"V\u0259t\u0259n m\u00fcharib\u0259si \u015f\u0259hidi Yusif \u018fl\u0259sg\u0259rovun qarda\u015f\u0131 d\u00fcnyaya g\u0259lib. \u015e\u0259hidin anas\u0131 Sevinc Abdullayeva o\u011ful \u00f6vlad\u0131 d\u00fcnyaya g\u0259tirib. Qeyd ed\u0259k ki, 1996-c\u0131 il t\u0259v\u0259ll\u00fcdl\u00fc Yusif \u018fl\u0259sg\u0259rov 2020-ci il sentyabr\u0131n 27-d\u0259 ba\u015flayan V\u0259t\u0259n m\u00fcharib\u0259si zaman\u0131 F\u00fczuli, Xocav\u0259nd, C\u0259bray\u0131l v\u0259 Qubadl\u0131n\u0131n azadl\u0131\u011f\u0131 u\u011frunda ged\u0259n d\u00f6y\u00fc\u015fl\u0259rd\u0259 tank\u00e7\u0131 kimi i\u015ftirak edib. Oktyabr\u0131n 24-d\u0259 Qubadl\u0131 d\u00f6y\u00fc\u015fl\u0259ri zaman\u0131 a\u011f\u0131r yaralan\u0131b. M\u00fcalic\u0259si tam bitm\u0259d\u0259n&hellip;","_links":{"self":[{"href":"https:\/\/arantv.az\/index.php?rest_route=\/wp\/v2\/posts\/778763"}],"collection":[{"href":"https:\/\/arantv.az\/index.php?rest_route=\/wp\/v2\/posts"}],"about":[{"href":"https:\/\/arantv.az\/index.php?rest_route=\/wp\/v2\/types\/post"}],"author":[{"embeddable":true,"href":"https:\/\/arantv.az\/index.php?rest_route=\/wp\/v2\/users\/2"}],"replies":[{"embeddable":true,"href":"https:\/\/arantv.az\/index.php?rest_route=%2Fwp%2Fv2%2Fcomments&post=778763"}],"version-history":[{"count":1,"href":"https:\/\/arantv.az\/index.php?rest_route=\/wp\/v2\/posts\/778763\/revisions"}],"predecessor-version":[{"id":778765,"href":"https:\/\/arantv.az\/index.php?rest_route=\/wp\/v2\/posts\/778763\/revisions\/778765"}],"wp:featuredmedia":[{"embeddable":true,"href":"https:\/\/arantv.az\/index.php?rest_route=\/wp\/v2\/media\/778764"}],"wp:attachment":[{"href":"https:\/\/arantv.az\/index.php?rest_route=%2Fwp%2Fv2%2Fmedia&parent=778763"}],"wp:term":[{"taxonomy":"category","embeddable":true,"href":"https:\/\/arantv.az\/index.php?rest_route=%2Fwp%2Fv2%2Fcategories&post=778763"},{"taxonomy":"post_tag","embeddable":true,"href":"https:\/\/arantv.az\/index.php?rest_route=%2Fwp%2Fv2%2Ftags&post=778763"}],"curies":[{"name":"wp","href":"https:\/\/api.w.org\/{rel}","templated":true}]}}