{"id":779049,"date":"2025-01-05T13:56:21","date_gmt":"2025-01-05T09:56:21","guid":{"rendered":"https:\/\/arantv.az\/?p=779049"},"modified":"2025-01-05T13:56:21","modified_gmt":"2025-01-05T09:56:21","slug":"prezident-az%c9%99rbaycanin-pravoslav-xristian-icmasini-t%c9%99brik-etdi-3","status":"publish","type":"post","link":"https:\/\/arantv.az\/?p=779049","title":{"rendered":"Prezident Az\u0259rbaycan\u0131n pravoslav xristian icmas\u0131n\u0131 t\u0259brik etdi"},"content":{"rendered":"<p><strong>Prezident \u0130lham \u018fliyev m\u00fcq\u0259dd\u0259s Milad bayram\u0131 m\u00fcnasib\u0259til\u0259 Az\u0259rbaycan\u0131n b\u00fct\u00fcn xristian icmas\u0131n\u0131 t\u0259brik edib.<\/strong><\/p>\n<p><strong>ARANTV.AZ <\/strong>\u00a0x\u0259b\u0259r verir ki, \u00f6lk\u0259mizin b\u00fct\u00fcn xristian icmas\u0131na cansa\u011fl\u0131\u011f\u0131 v\u0259 xo\u015fb\u0259xtlik arzulayan d\u00f6vl\u0259timizin ba\u015f\u00e7\u0131s\u0131 m\u0259ktubunda, h\u0259m\u00e7inin qeyd edib:<\/p>\n<p>\u201cAz\u0259rbaycanda \u0259srl\u0259rd\u0259n b\u0259ri xristian dininin m\u0259nsublar\u0131 dig\u0259r xalqlar\u0131n v\u0259 konfessiyalar\u0131n n\u00fcmay\u0259nd\u0259l\u0259ri il\u0259 birg\u0259 mehriban dostluq, s\u00fclh v\u0259 \u0259min-amanl\u0131q m\u00fchitind\u0259 ya\u015fay\u0131rlar. \u00d6lk\u0259mizd\u0259 etnik-m\u0259d\u0259ni m\u00fcxt\u0259lifliyin v\u0259 z\u0259ngin tolerantl\u0131q \u0259n\u0259n\u0259l\u0259rinin qorunub saxlan\u0131lmas\u0131, m\u0259d\u0259niyy\u0259tl\u0259raras\u0131 v\u0259 dinl\u0259raras\u0131 dialoqun inki\u015faf\u0131na qlobal miqyasda d\u0259st\u0259k g\u00f6st\u0259rilm\u0259si apard\u0131\u011f\u0131m\u0131z siyas\u0259tin ba\u015fl\u0131ca istiqam\u0259tl\u0259rind\u0259ndir.<\/p>\n<p>C\u0259miyy\u0259timizd\u0259 demokratik, h\u00fcquqi d\u00f6vl\u0259t\u00e7ilik prinsipl\u0259ri, m\u00fct\u0259r\u0259qqi d\u00f6vl\u0259t \u2013 din m\u00fcnasib\u0259tl\u0259ri b\u0259rq\u0259rar edilmi\u015fdir. N\u00fcmun\u0259vi m\u00fcltikulturalizm m\u0259kan\u0131 kimi tan\u0131nan Az\u0259rbaycanda dilind\u0259n, dinind\u0259n, etnik m\u0259nsubiyy\u0259tind\u0259n as\u0131l\u0131 olmayaraq, h\u0259r k\u0259s eyni h\u00fcquq v\u0259 azadl\u0131qlara malikdir. Xristian h\u0259mv\u0259t\u0259nl\u0259rimiz d\u0259 inanclar\u0131na uy\u011fun ayin v\u0259 m\u0259rasiml\u0259ri s\u0259rb\u0259st \u015f\u0259kild\u0259 h\u0259yata ke\u00e7irm\u0259kl\u0259 \u00f6z ad\u0259t-\u0259n\u0259n\u0259l\u0259rini layiqinc\u0259 ya\u015fad\u0131r, v\u0259t\u0259nda\u015fl\u0131q borcunu vicdanla yerin\u0259 yetir\u0259r\u0259k, Az\u0259rbaycan\u0131n ictimai-siyasi, sosial-m\u0259d\u0259ni h\u0259yat\u0131nda yax\u0131ndan i\u015ftirak edirl\u0259r\u201d.<\/p>\n<p>Yeniliyin, g\u0259l\u0259c\u0259y\u0259 inam\u0131n, insanlar aras\u0131nda xeyirxahl\u0131q v\u0259 \u015f\u0259fq\u0259t duy\u011fular\u0131n\u0131n r\u0259mzi olan Milad bayram\u0131n\u0131n h\u0259r il Az\u0259rbaycanda t\u0259nt\u0259n\u0259 il\u0259 qeyd edildiyini vur\u011fulayan Prezident \u0130lham \u018fliyev bildirib: \u201cQoy bu \u0259ziz bayram ail\u0259l\u0259riniz\u0259 sevinc v\u0259 s\u0259ad\u0259t, s\u00fcfr\u0259l\u0259riniz\u0259 bol ruzi-b\u0259r\u0259k\u0259t g\u0259tirsin\u201d.<\/p>\n","protected":false},"excerpt":{"rendered":"<p>Prezident \u0130lham \u018fliyev m\u00fcq\u0259dd\u0259s Milad bayram\u0131 m\u00fcnasib\u0259til\u0259 Az\u0259rbaycan\u0131n b\u00fct\u00fcn xristian icmas\u0131n\u0131 t\u0259brik edib. ARANTV.AZ \u00a0x\u0259b\u0259r verir ki, \u00f6lk\u0259mizin b\u00fct\u00fcn xristian icmas\u0131na cansa\u011fl\u0131\u011f\u0131 v\u0259 xo\u015fb\u0259xtlik arzulayan d\u00f6vl\u0259timizin ba\u015f\u00e7\u0131s\u0131 m\u0259ktubunda, h\u0259m\u00e7inin qeyd edib: \u201cAz\u0259rbaycanda \u0259srl\u0259rd\u0259n b\u0259ri xristian dininin m\u0259nsublar\u0131 dig\u0259r xalqlar\u0131n v\u0259 konfessiyalar\u0131n n\u00fcmay\u0259nd\u0259l\u0259ri il\u0259 birg\u0259 mehriban dostluq, s\u00fclh v\u0259 \u0259min-amanl\u0131q m\u00fchitind\u0259 ya\u015fay\u0131rlar. \u00d6lk\u0259mizd\u0259 etnik-m\u0259d\u0259ni m\u00fcxt\u0259lifliyin v\u0259 z\u0259ngin tolerantl\u0131q \u0259n\u0259n\u0259l\u0259rinin qorunub saxlan\u0131lmas\u0131, m\u0259d\u0259niyy\u0259tl\u0259raras\u0131 v\u0259 dinl\u0259raras\u0131 dialoqun inki\u015faf\u0131na qlobal miqyasda d\u0259st\u0259k g\u00f6st\u0259rilm\u0259si apard\u0131\u011f\u0131m\u0131z siyas\u0259tin ba\u015fl\u0131ca istiqam\u0259tl\u0259rind\u0259ndir. C\u0259miyy\u0259timizd\u0259 demokratik, h\u00fcquqi d\u00f6vl\u0259t\u00e7ilik prinsipl\u0259ri, m\u00fct\u0259r\u0259qqi d\u00f6vl\u0259t \u2013 din m\u00fcnasib\u0259tl\u0259ri b\u0259rq\u0259rar edilmi\u015fdir. N\u00fcmun\u0259vi m\u00fcltikulturalizm m\u0259kan\u0131 kimi tan\u0131nan&hellip;<\/p>\n","protected":false},"author":2,"featured_media":779050,"comment_status":"closed","ping_status":"closed","sticky":false,"template":"","format":"standard","meta":{"om_disable_all_campaigns":false,"_monsterinsights_skip_tracking":false,"_monsterinsights_sitenote_active":false,"_monsterinsights_sitenote_note":"","_monsterinsights_sitenote_category":0},"categories":[4],"tags":[],"aioseo_notices":[],"gutentor_comment":0,"rttpg_featured_image_url":{"full":["https:\/\/arantv.az\/wp-content\/uploads\/2025\/01\/35ce50d0dd9ff243fd418b08cc6dc70f.jpg",870,500,false],"landscape":["https:\/\/arantv.az\/wp-content\/uploads\/2025\/01\/35ce50d0dd9ff243fd418b08cc6dc70f.jpg",870,500,false],"portraits":["https:\/\/arantv.az\/wp-content\/uploads\/2025\/01\/35ce50d0dd9ff243fd418b08cc6dc70f.jpg",870,500,false],"thumbnail":["https:\/\/arantv.az\/wp-content\/uploads\/2025\/01\/35ce50d0dd9ff243fd418b08cc6dc70f-500x280.jpg",500,280,true],"medium":["https:\/\/arantv.az\/wp-content\/uploads\/2025\/01\/35ce50d0dd9ff243fd418b08cc6dc70f-635x365.jpg",635,365,true],"large":["https:\/\/arantv.az\/wp-content\/uploads\/2025\/01\/35ce50d0dd9ff243fd418b08cc6dc70f-840x483.jpg",640,368,true],"1536x1536":["https:\/\/arantv.az\/wp-content\/uploads\/2025\/01\/35ce50d0dd9ff243fd418b08cc6dc70f.jpg",870,500,false],"2048x2048":["https:\/\/arantv.az\/wp-content\/uploads\/2025\/01\/35ce50d0dd9ff243fd418b08cc6dc70f.jpg",870,500,false],"post-thumbnail":["https:\/\/arantv.az\/wp-content\/uploads\/2025\/01\/35ce50d0dd9ff243fd418b08cc6dc70f-240x172.jpg",240,172,true],"advps-thumb-one":["https:\/\/arantv.az\/wp-content\/uploads\/2025\/01\/35ce50d0dd9ff243fd418b08cc6dc70f.jpg",870,500,false]},"rttpg_author":{"display_name":"V\u00fcsal Rafiqo\u011flu","author_link":"https:\/\/arantv.az\/?author=2"},"rttpg_comment":0,"rttpg_category":"<a href=\"https:\/\/arantv.az\/?cat=4\" rel=\"category\">Siyas\u0259t<\/a>","rttpg_excerpt":"Prezident \u0130lham \u018fliyev m\u00fcq\u0259dd\u0259s Milad bayram\u0131 m\u00fcnasib\u0259til\u0259 Az\u0259rbaycan\u0131n b\u00fct\u00fcn xristian icmas\u0131n\u0131 t\u0259brik edib. ARANTV.AZ \u00a0x\u0259b\u0259r verir ki, \u00f6lk\u0259mizin b\u00fct\u00fcn xristian icmas\u0131na cansa\u011fl\u0131\u011f\u0131 v\u0259 xo\u015fb\u0259xtlik arzulayan d\u00f6vl\u0259timizin ba\u015f\u00e7\u0131s\u0131 m\u0259ktubunda, h\u0259m\u00e7inin qeyd edib: \u201cAz\u0259rbaycanda \u0259srl\u0259rd\u0259n b\u0259ri xristian dininin m\u0259nsublar\u0131 dig\u0259r xalqlar\u0131n v\u0259 konfessiyalar\u0131n n\u00fcmay\u0259nd\u0259l\u0259ri il\u0259 birg\u0259 mehriban dostluq, s\u00fclh v\u0259 \u0259min-amanl\u0131q m\u00fchitind\u0259 ya\u015fay\u0131rlar. \u00d6lk\u0259mizd\u0259 etnik-m\u0259d\u0259ni m\u00fcxt\u0259lifliyin v\u0259&hellip;","_links":{"self":[{"href":"https:\/\/arantv.az\/index.php?rest_route=\/wp\/v2\/posts\/779049"}],"collection":[{"href":"https:\/\/arantv.az\/index.php?rest_route=\/wp\/v2\/posts"}],"about":[{"href":"https:\/\/arantv.az\/index.php?rest_route=\/wp\/v2\/types\/post"}],"author":[{"embeddable":true,"href":"https:\/\/arantv.az\/index.php?rest_route=\/wp\/v2\/users\/2"}],"replies":[{"embeddable":true,"href":"https:\/\/arantv.az\/index.php?rest_route=%2Fwp%2Fv2%2Fcomments&post=779049"}],"version-history":[{"count":1,"href":"https:\/\/arantv.az\/index.php?rest_route=\/wp\/v2\/posts\/779049\/revisions"}],"predecessor-version":[{"id":779051,"href":"https:\/\/arantv.az\/index.php?rest_route=\/wp\/v2\/posts\/779049\/revisions\/779051"}],"wp:featuredmedia":[{"embeddable":true,"href":"https:\/\/arantv.az\/index.php?rest_route=\/wp\/v2\/media\/779050"}],"wp:attachment":[{"href":"https:\/\/arantv.az\/index.php?rest_route=%2Fwp%2Fv2%2Fmedia&parent=779049"}],"wp:term":[{"taxonomy":"category","embeddable":true,"href":"https:\/\/arantv.az\/index.php?rest_route=%2Fwp%2Fv2%2Fcategories&post=779049"},{"taxonomy":"post_tag","embeddable":true,"href":"https:\/\/arantv.az\/index.php?rest_route=%2Fwp%2Fv2%2Ftags&post=779049"}],"curies":[{"name":"wp","href":"https:\/\/api.w.org\/{rel}","templated":true}]}}