{"id":779178,"date":"2025-01-06T17:34:46","date_gmt":"2025-01-06T13:34:46","guid":{"rendered":"https:\/\/arantv.az\/?p=779178"},"modified":"2025-01-06T17:34:46","modified_gmt":"2025-01-06T13:34:46","slug":"naxcivanda-yuks%c9%99k-v%c9%99zif%c9%99y%c9%99-t%c9%99yinat-2","status":"publish","type":"post","link":"https:\/\/arantv.az\/?p=779178","title":{"rendered":"Nax\u00e7\u0131vanda y\u00fcks\u0259k v\u0259zif\u0259y\u0259 T\u018fY\u0130NAT"},"content":{"rendered":"<p>Nax\u00e7\u0131van Muxtar Respublikas\u0131 (MR) t\u0259hsil nazirin\u0259 yeni m\u00fcavin t\u0259yin olunub.<\/p>\n<p><strong>ARANTV.AZ <\/strong>\u00a0x\u0259b\u0259r verir ki, bununla ba\u011fl\u0131 Nax\u00e7\u0131van MR Ali M\u0259clisi s\u0259drinin birinci m\u00fcavini B\u0259xtiyar M\u0259mm\u0259dov s\u0259r\u0259ncam imzalay\u0131b.<\/p>\n<p>S\u0259r\u0259ncama \u0259sas\u0259n, \u018fli V\u0259li o\u011flu V\u0259liyev Nax\u00e7\u0131van Muxtar Respublikas\u0131 t\u0259hsil nazirinin m\u00fcavini t\u0259yin edilib.<\/p>\n<p><strong>Fotoda B\u0259xtiyar M\u0259mm\u0259dov<\/strong><\/p>\n<p><strong><img loading=\"lazy\" class=\"inner-photo\" src=\"https:\/\/images.oxu.az\/2025\/01\/06\/pnZ5RWOYYAAko5vIlzOew0vBobYcxaZvJW9wZ4dZ:640.jpg\" alt=\"\" width=\"640\" height=\"428\" \/><\/strong><\/p>\n","protected":false},"excerpt":{"rendered":"<p>Nax\u00e7\u0131van Muxtar Respublikas\u0131 (MR) t\u0259hsil nazirin\u0259 yeni m\u00fcavin t\u0259yin olunub. ARANTV.AZ \u00a0x\u0259b\u0259r verir ki, bununla ba\u011fl\u0131 Nax\u00e7\u0131van MR Ali M\u0259clisi s\u0259drinin birinci m\u00fcavini B\u0259xtiyar M\u0259mm\u0259dov s\u0259r\u0259ncam imzalay\u0131b. S\u0259r\u0259ncama \u0259sas\u0259n, \u018fli V\u0259li o\u011flu V\u0259liyev Nax\u00e7\u0131van Muxtar Respublikas\u0131 t\u0259hsil nazirinin m\u00fcavini t\u0259yin edilib. Fotoda B\u0259xtiyar M\u0259mm\u0259dov<\/p>\n","protected":false},"author":2,"featured_media":779179,"comment_status":"closed","ping_status":"closed","sticky":false,"template":"","format":"standard","meta":{"om_disable_all_campaigns":false,"_monsterinsights_skip_tracking":false,"_monsterinsights_sitenote_active":false,"_monsterinsights_sitenote_note":"","_monsterinsights_sitenote_category":0},"categories":[1],"tags":[],"aioseo_notices":[],"gutentor_comment":0,"rttpg_featured_image_url":{"full":["https:\/\/arantv.az\/wp-content\/uploads\/2025\/01\/315e8c9795153f9e31930cce6b8c794c.jpg",870,500,false],"landscape":["https:\/\/arantv.az\/wp-content\/uploads\/2025\/01\/315e8c9795153f9e31930cce6b8c794c.jpg",870,500,false],"portraits":["https:\/\/arantv.az\/wp-content\/uploads\/2025\/01\/315e8c9795153f9e31930cce6b8c794c.jpg",870,500,false],"thumbnail":["https:\/\/arantv.az\/wp-content\/uploads\/2025\/01\/315e8c9795153f9e31930cce6b8c794c-500x280.jpg",500,280,true],"medium":["https:\/\/arantv.az\/wp-content\/uploads\/2025\/01\/315e8c9795153f9e31930cce6b8c794c-635x365.jpg",635,365,true],"large":["https:\/\/arantv.az\/wp-content\/uploads\/2025\/01\/315e8c9795153f9e31930cce6b8c794c-840x483.jpg",640,368,true],"1536x1536":["https:\/\/arantv.az\/wp-content\/uploads\/2025\/01\/315e8c9795153f9e31930cce6b8c794c.jpg",870,500,false],"2048x2048":["https:\/\/arantv.az\/wp-content\/uploads\/2025\/01\/315e8c9795153f9e31930cce6b8c794c.jpg",870,500,false],"post-thumbnail":["https:\/\/arantv.az\/wp-content\/uploads\/2025\/01\/315e8c9795153f9e31930cce6b8c794c-240x172.jpg",240,172,true],"advps-thumb-one":["https:\/\/arantv.az\/wp-content\/uploads\/2025\/01\/315e8c9795153f9e31930cce6b8c794c.jpg",870,500,false]},"rttpg_author":{"display_name":"V\u00fcsal Rafiqo\u011flu","author_link":"https:\/\/arantv.az\/?author=2"},"rttpg_comment":0,"rttpg_category":"<a href=\"https:\/\/arantv.az\/?cat=1\" rel=\"category\">C\u0259miyy\u0259t<\/a>","rttpg_excerpt":"Nax\u00e7\u0131van Muxtar Respublikas\u0131 (MR) t\u0259hsil nazirin\u0259 yeni m\u00fcavin t\u0259yin olunub. ARANTV.AZ \u00a0x\u0259b\u0259r verir ki, bununla ba\u011fl\u0131 Nax\u00e7\u0131van MR Ali M\u0259clisi s\u0259drinin birinci m\u00fcavini B\u0259xtiyar M\u0259mm\u0259dov s\u0259r\u0259ncam imzalay\u0131b. S\u0259r\u0259ncama \u0259sas\u0259n, \u018fli V\u0259li o\u011flu V\u0259liyev Nax\u00e7\u0131van Muxtar Respublikas\u0131 t\u0259hsil nazirinin m\u00fcavini t\u0259yin edilib. Fotoda B\u0259xtiyar M\u0259mm\u0259dov","_links":{"self":[{"href":"https:\/\/arantv.az\/index.php?rest_route=\/wp\/v2\/posts\/779178"}],"collection":[{"href":"https:\/\/arantv.az\/index.php?rest_route=\/wp\/v2\/posts"}],"about":[{"href":"https:\/\/arantv.az\/index.php?rest_route=\/wp\/v2\/types\/post"}],"author":[{"embeddable":true,"href":"https:\/\/arantv.az\/index.php?rest_route=\/wp\/v2\/users\/2"}],"replies":[{"embeddable":true,"href":"https:\/\/arantv.az\/index.php?rest_route=%2Fwp%2Fv2%2Fcomments&post=779178"}],"version-history":[{"count":1,"href":"https:\/\/arantv.az\/index.php?rest_route=\/wp\/v2\/posts\/779178\/revisions"}],"predecessor-version":[{"id":779180,"href":"https:\/\/arantv.az\/index.php?rest_route=\/wp\/v2\/posts\/779178\/revisions\/779180"}],"wp:featuredmedia":[{"embeddable":true,"href":"https:\/\/arantv.az\/index.php?rest_route=\/wp\/v2\/media\/779179"}],"wp:attachment":[{"href":"https:\/\/arantv.az\/index.php?rest_route=%2Fwp%2Fv2%2Fmedia&parent=779178"}],"wp:term":[{"taxonomy":"category","embeddable":true,"href":"https:\/\/arantv.az\/index.php?rest_route=%2Fwp%2Fv2%2Fcategories&post=779178"},{"taxonomy":"post_tag","embeddable":true,"href":"https:\/\/arantv.az\/index.php?rest_route=%2Fwp%2Fv2%2Ftags&post=779178"}],"curies":[{"name":"wp","href":"https:\/\/api.w.org\/{rel}","templated":true}]}}