{"id":779198,"date":"2025-01-06T17:40:21","date_gmt":"2025-01-06T13:40:21","guid":{"rendered":"https:\/\/arantv.az\/?p=779198"},"modified":"2025-01-06T17:40:21","modified_gmt":"2025-01-06T13:40:21","slug":"surucu-il%c9%99-s%c9%99rnisin-arasinda-insident-isd%c9%99n-cixarildi-video","status":"publish","type":"post","link":"https:\/\/arantv.az\/?p=779198","title":{"rendered":"S\u00fcr\u00fcc\u00fc il\u0259 s\u0259rni\u015fin aras\u0131nda insident- \u0130\u015fd\u0259n \u00e7\u0131xar\u0131ld\u0131 &#8211; V\u0130DEO"},"content":{"rendered":"<p>\u201c<strong>BakuBus\u201d MMC-nin t\u0259rkibind\u0259 olan 149 n\u00f6mr\u0259li avtobusun s\u00fcr\u00fcc\u00fcs\u00fc s\u0259rni\u015finl\u0259ri t\u0259qhir edib.\u00a0<\/strong><\/p>\n<p>\u201cQafqazinfo\u201d x\u0259b\u0259r verir ki, bu bar\u0259d\u0259 g\u00f6r\u00fcnt\u00fcl\u0259r sosial \u015f\u0259b\u0259k\u0259l\u0259rd\u0259 yay\u0131l\u0131b.<\/p>\n<p>Bel\u0259 ki, s\u00fcr\u00fcc\u00fc il\u0259 s\u0259rni\u015finl\u0259r aras\u0131nda m\u00fcbahis\u0259 yaran\u0131b. Videodan da b\u0259lli olur ki, s\u00fcr\u00fcc\u00fc v\u0259t\u0259nda\u015flar\u0131n \u00fcnvan\u0131na t\u0259hqiramiz ifad\u0259l\u0259r i\u015fl\u0259dib.<\/p>\n<p><em>S\u00f6z\u00fcged\u0259n g\u00f6r\u00fcnt\u00fcl\u0259ri t\u0259qdim edirik:<\/em><\/p>\n<p><iframe loading=\"lazy\" src=\"https:\/\/qafqazinfo.bax.tv\/embed\/204208.html?utm_source=playerden&amp;utm_medium=paylasim&amp;utm_campaign=hadise-ve-olaylar\" width=\"700\" height=\"420\" frameborder=\"0\" allowfullscreen=\"allowfullscreen\" data-mce-fragment=\"1\"><\/iframe><\/p>\n<p><strong>M\u0259s\u0259l\u0259 il\u0259 ba\u011fl\u0131\u00a0<\/strong>\u201c<strong>BakuBus\u201d MMC-y\u0259 sor\u011fu g\u00f6nd\u0259rdik.\u00a0\u015eirk\u0259td\u0259n sor\u011fumuza cavab olaraq bildirildi ki, \u00f6t\u0259n g\u00fcn, saat 21:30 rad\u0259l\u0259rind\u0259, \u201cBakuBus\u201d MMC-nin istismar\u0131nda olan 149 n\u00f6mr\u0259li m\u00fcnt\u0259z\u0259m mar\u015frut x\u0259ttind\u0259 s\u00fcr\u00fcc\u00fc il\u0259 s\u0259rni\u015fin aras\u0131nda insident ba\u015f verib:\u00a0<\/strong>\u201cHadis\u0259 il\u0259 ba\u011fl\u0131 apar\u0131lm\u0131\u015f ara\u015fd\u0131rma zaman\u0131 videom\u00fc\u015fahid\u0259 g\u00f6r\u00fcnt\u00fcl\u0259rind\u0259n m\u00fc\u0259yy\u0259n olunub ki, s\u00fcr\u00fcc\u00fc R\u0259c\u0259bov X\u0259yal\u0259t Azad o\u011flu t\u0259r\u0259find\u0259n qaydalar kobud \u015f\u0259kild\u0259 pozulub.<\/p>\n<p>Bu s\u0259b\u0259bd\u0259n, \u0259m\u0259k qanunvericiliyin\u0259 uy\u011fun olaraq s\u00fcr\u00fcc\u00fcn\u00fcn i\u015fd\u0259n azad edilm\u0259si bar\u0259d\u0259 q\u0259rar q\u0259bul edilib. Ba\u015f vermi\u015f hadis\u0259y\u0259 g\u00f6r\u0259 s\u0259rni\u015finl\u0259rd\u0259n \u00fczr ist\u0259yir v\u0259 bu kimi hallar\u0131n t\u0259krarlanmamas\u0131 \u00fc\u00e7\u00fcn b\u00fct\u00fcn z\u0259ruri add\u0131mlar\u0131n at\u0131laca\u011f\u0131na sizi \u0259min etm\u0259k ist\u0259rdik\u201d.<\/p>\n","protected":false},"excerpt":{"rendered":"<p>\u201cBakuBus\u201d MMC-nin t\u0259rkibind\u0259 olan 149 n\u00f6mr\u0259li avtobusun s\u00fcr\u00fcc\u00fcs\u00fc s\u0259rni\u015finl\u0259ri t\u0259qhir edib.\u00a0 \u201cQafqazinfo\u201d x\u0259b\u0259r verir ki, bu bar\u0259d\u0259 g\u00f6r\u00fcnt\u00fcl\u0259r sosial \u015f\u0259b\u0259k\u0259l\u0259rd\u0259 yay\u0131l\u0131b. Bel\u0259 ki, s\u00fcr\u00fcc\u00fc il\u0259 s\u0259rni\u015finl\u0259r aras\u0131nda m\u00fcbahis\u0259 yaran\u0131b. Videodan da b\u0259lli olur ki, s\u00fcr\u00fcc\u00fc v\u0259t\u0259nda\u015flar\u0131n \u00fcnvan\u0131na t\u0259hqiramiz ifad\u0259l\u0259r i\u015fl\u0259dib. S\u00f6z\u00fcged\u0259n g\u00f6r\u00fcnt\u00fcl\u0259ri t\u0259qdim edirik: M\u0259s\u0259l\u0259 il\u0259 ba\u011fl\u0131\u00a0\u201cBakuBus\u201d MMC-y\u0259 sor\u011fu g\u00f6nd\u0259rdik.\u00a0\u015eirk\u0259td\u0259n sor\u011fumuza cavab olaraq bildirildi ki, \u00f6t\u0259n g\u00fcn, saat 21:30 rad\u0259l\u0259rind\u0259, \u201cBakuBus\u201d MMC-nin istismar\u0131nda olan 149 n\u00f6mr\u0259li m\u00fcnt\u0259z\u0259m mar\u015frut x\u0259ttind\u0259 s\u00fcr\u00fcc\u00fc il\u0259 s\u0259rni\u015fin aras\u0131nda insident ba\u015f verib:\u00a0\u201cHadis\u0259 il\u0259 ba\u011fl\u0131 apar\u0131lm\u0131\u015f ara\u015fd\u0131rma zaman\u0131 videom\u00fc\u015fahid\u0259 g\u00f6r\u00fcnt\u00fcl\u0259rind\u0259n m\u00fc\u0259yy\u0259n olunub ki, s\u00fcr\u00fcc\u00fc R\u0259c\u0259bov X\u0259yal\u0259t Azad&hellip;<\/p>\n","protected":false},"author":2,"featured_media":779199,"comment_status":"closed","ping_status":"closed","sticky":false,"template":"","format":"standard","meta":{"om_disable_all_campaigns":false,"_monsterinsights_skip_tracking":false,"_monsterinsights_sitenote_active":false,"_monsterinsights_sitenote_note":"","_monsterinsights_sitenote_category":0},"categories":[1],"tags":[],"aioseo_notices":[],"gutentor_comment":0,"rttpg_featured_image_url":{"full":["https:\/\/arantv.az\/wp-content\/uploads\/2025\/01\/a541fce73c91a561a08c1b271605fc82.png",637,400,false],"landscape":["https:\/\/arantv.az\/wp-content\/uploads\/2025\/01\/a541fce73c91a561a08c1b271605fc82.png",637,400,false],"portraits":["https:\/\/arantv.az\/wp-content\/uploads\/2025\/01\/a541fce73c91a561a08c1b271605fc82.png",637,400,false],"thumbnail":["https:\/\/arantv.az\/wp-content\/uploads\/2025\/01\/a541fce73c91a561a08c1b271605fc82-500x280.png",500,280,true],"medium":["https:\/\/arantv.az\/wp-content\/uploads\/2025\/01\/a541fce73c91a561a08c1b271605fc82-581x365.png",581,365,true],"large":["https:\/\/arantv.az\/wp-content\/uploads\/2025\/01\/a541fce73c91a561a08c1b271605fc82.png",637,400,false],"1536x1536":["https:\/\/arantv.az\/wp-content\/uploads\/2025\/01\/a541fce73c91a561a08c1b271605fc82.png",637,400,false],"2048x2048":["https:\/\/arantv.az\/wp-content\/uploads\/2025\/01\/a541fce73c91a561a08c1b271605fc82.png",637,400,false],"post-thumbnail":["https:\/\/arantv.az\/wp-content\/uploads\/2025\/01\/a541fce73c91a561a08c1b271605fc82-240x172.png",240,172,true],"advps-thumb-one":["https:\/\/arantv.az\/wp-content\/uploads\/2025\/01\/a541fce73c91a561a08c1b271605fc82.png",637,400,false]},"rttpg_author":{"display_name":"V\u00fcsal Rafiqo\u011flu","author_link":"https:\/\/arantv.az\/?author=2"},"rttpg_comment":0,"rttpg_category":"<a href=\"https:\/\/arantv.az\/?cat=1\" rel=\"category\">C\u0259miyy\u0259t<\/a>","rttpg_excerpt":"\u201cBakuBus\u201d MMC-nin t\u0259rkibind\u0259 olan 149 n\u00f6mr\u0259li avtobusun s\u00fcr\u00fcc\u00fcs\u00fc s\u0259rni\u015finl\u0259ri t\u0259qhir edib.\u00a0 \u201cQafqazinfo\u201d x\u0259b\u0259r verir ki, bu bar\u0259d\u0259 g\u00f6r\u00fcnt\u00fcl\u0259r sosial \u015f\u0259b\u0259k\u0259l\u0259rd\u0259 yay\u0131l\u0131b. Bel\u0259 ki, s\u00fcr\u00fcc\u00fc il\u0259 s\u0259rni\u015finl\u0259r aras\u0131nda m\u00fcbahis\u0259 yaran\u0131b. Videodan da b\u0259lli olur ki, s\u00fcr\u00fcc\u00fc v\u0259t\u0259nda\u015flar\u0131n \u00fcnvan\u0131na t\u0259hqiramiz ifad\u0259l\u0259r i\u015fl\u0259dib. S\u00f6z\u00fcged\u0259n g\u00f6r\u00fcnt\u00fcl\u0259ri t\u0259qdim edirik: M\u0259s\u0259l\u0259 il\u0259 ba\u011fl\u0131\u00a0\u201cBakuBus\u201d MMC-y\u0259 sor\u011fu g\u00f6nd\u0259rdik.\u00a0\u015eirk\u0259td\u0259n sor\u011fumuza cavab olaraq bildirildi ki,&hellip;","_links":{"self":[{"href":"https:\/\/arantv.az\/index.php?rest_route=\/wp\/v2\/posts\/779198"}],"collection":[{"href":"https:\/\/arantv.az\/index.php?rest_route=\/wp\/v2\/posts"}],"about":[{"href":"https:\/\/arantv.az\/index.php?rest_route=\/wp\/v2\/types\/post"}],"author":[{"embeddable":true,"href":"https:\/\/arantv.az\/index.php?rest_route=\/wp\/v2\/users\/2"}],"replies":[{"embeddable":true,"href":"https:\/\/arantv.az\/index.php?rest_route=%2Fwp%2Fv2%2Fcomments&post=779198"}],"version-history":[{"count":1,"href":"https:\/\/arantv.az\/index.php?rest_route=\/wp\/v2\/posts\/779198\/revisions"}],"predecessor-version":[{"id":779200,"href":"https:\/\/arantv.az\/index.php?rest_route=\/wp\/v2\/posts\/779198\/revisions\/779200"}],"wp:featuredmedia":[{"embeddable":true,"href":"https:\/\/arantv.az\/index.php?rest_route=\/wp\/v2\/media\/779199"}],"wp:attachment":[{"href":"https:\/\/arantv.az\/index.php?rest_route=%2Fwp%2Fv2%2Fmedia&parent=779198"}],"wp:term":[{"taxonomy":"category","embeddable":true,"href":"https:\/\/arantv.az\/index.php?rest_route=%2Fwp%2Fv2%2Fcategories&post=779198"},{"taxonomy":"post_tag","embeddable":true,"href":"https:\/\/arantv.az\/index.php?rest_route=%2Fwp%2Fv2%2Ftags&post=779198"}],"curies":[{"name":"wp","href":"https:\/\/api.w.org\/{rel}","templated":true}]}}