{"id":779207,"date":"2025-01-06T17:43:02","date_gmt":"2025-01-06T13:43:02","guid":{"rendered":"https:\/\/arantv.az\/?p=779207"},"modified":"2025-01-06T17:43:02","modified_gmt":"2025-01-06T13:43:02","slug":"cox-guman-pilotlar-bilirdil%c9%99r-ki-sag-cixa-bilm%c9%99y%c9%99c%c9%99kl%c9%99r","status":"publish","type":"post","link":"https:\/\/arantv.az\/?p=779207","title":{"rendered":"\u201c\u00c7ox g\u00fcman, pilotlar bilirdil\u0259r ki, sa\u011f \u00e7\u0131xa bilm\u0259y\u0259c\u0259kl\u0259r\u201d"},"content":{"rendered":"<p>\u201cEkipaj \u00fczvl\u0259rinin q\u0259hr\u0259manl\u0131\u011f\u0131 haqq\u0131nda m\u0259n vida m\u0259rasimi zaman\u0131 bildirmi\u015fdim. Bir daha dem\u0259k ist\u0259yir\u0259m, bu, do\u011frudan da b\u00f6y\u00fck f\u0259dakarl\u0131qd\u0131r. M\u0259n bildirdim, \u00e7ox g\u00fcman, pilotlar bilirdil\u0259r ki, bu q\u0259zadan sa\u011f \u00e7\u0131xa bilm\u0259y\u0259c\u0259kl\u0259r\u201d.<\/p>\n<p><strong>ARANTV.AZ <\/strong>\u00a0x\u0259b\u0259r verir ki, bunu Prezident \u0130lham \u018fliyev \u201cAz\u0259rbaycan Hava Yollar\u0131\u201d Qapal\u0131 S\u0259hmdar C\u0259miyy\u0259tin\u0259 m\u0259xsus Bak\u0131\u2013Qrozn\u0131 reysini yerin\u0259 yetir\u0259rk\u0259n q\u0259zaya u\u011fram\u0131\u015f \u201cEmbraer 190\u201d tipli s\u0259rni\u015fin t\u0259yyar\u0259sinin h\u0259lak olan ekipaj hey\u0259tinin ail\u0259 \u00fczvl\u0259ri v\u0259 q\u0259za zaman\u0131 sa\u011f qalan t\u0259yyar\u0259 b\u0259l\u0259d\u00e7il\u0259ri il\u0259 g\u00f6r\u00fc\u015fd\u0259 deyib.<\/p>\n<p>\u200b\u201cOnlar t\u0259cr\u00fcb\u0259li pilotlar idi, idar\u0259olunmaz v\u0259ziyy\u0259td\u0259 olan t\u0259yyar\u0259ni m\u0259hz \u00f6z pe\u015f\u0259karl\u0131qlar\u0131 n\u0259tic\u0259sind\u0259 bir yolla m\u0259kana yeti\u015fdir\u0259 bilmi\u015fdil\u0259r v\u0259 q\u0259za eni\u015fi olsa da, t\u0259yyar\u0259ni endir\u0259 bilmi\u015fdil\u0259r. Ekipaj\u0131n dig\u0259r \u00fczvl\u0259ri &#8211; b\u0259l\u0259d\u00e7il\u0259r d\u0259 soyuqqanl\u0131l\u0131q g\u00f6st\u0259rmi\u015fl\u0259r. T\u0259yyar\u0259d\u0259 xaosun yaranmamas\u0131 \u00fc\u00e7\u00fcn b\u00f6y\u00fck c\u0259sar\u0259t g\u00f6st\u0259rmi\u015fl\u0259r. Onlar da g\u00f6r\u00fcrd\u00fcl\u0259r, bilirdil\u0259r ki, onlar\u0131 n\u0259l\u0259r g\u00f6zl\u0259yir. Y\u0259qin, he\u00e7 \u00fcmid etmirdil\u0259r ki, bu v\u0259ziyy\u0259td\u0259n sa\u011f-salamat \u00e7\u0131xa bil\u0259rl\u0259r. Bel\u0259 v\u0259ziyy\u0259td\u0259 \u00f6z\u00fcn\u00fc t\u0259mkinl\u0259, soyuqqanl\u0131l\u0131qla, c\u0259sar\u0259tl\u0259 aparmaq, \u0259lb\u0259tt\u0259 ki, bir daha onlar\u0131n y\u00fcks\u0259k keyfiyy\u0259tl\u0259rini g\u00f6st\u0259rir. X\u00fcsusil\u0259 n\u0259z\u0259r\u0259 alsaq ki, b\u0259l\u0259d\u00e7il\u0259rin ikisi qad\u0131n idi\u201d, &#8211; dey\u0259 d\u00f6vl\u0259t ba\u015f\u00e7\u0131s\u0131 qeyd edib.<\/p>\n","protected":false},"excerpt":{"rendered":"<p>\u201cEkipaj \u00fczvl\u0259rinin q\u0259hr\u0259manl\u0131\u011f\u0131 haqq\u0131nda m\u0259n vida m\u0259rasimi zaman\u0131 bildirmi\u015fdim. Bir daha dem\u0259k ist\u0259yir\u0259m, bu, do\u011frudan da b\u00f6y\u00fck f\u0259dakarl\u0131qd\u0131r. M\u0259n bildirdim, \u00e7ox g\u00fcman, pilotlar bilirdil\u0259r ki, bu q\u0259zadan sa\u011f \u00e7\u0131xa bilm\u0259y\u0259c\u0259kl\u0259r\u201d. ARANTV.AZ \u00a0x\u0259b\u0259r verir ki, bunu Prezident \u0130lham \u018fliyev \u201cAz\u0259rbaycan Hava Yollar\u0131\u201d Qapal\u0131 S\u0259hmdar C\u0259miyy\u0259tin\u0259 m\u0259xsus Bak\u0131\u2013Qrozn\u0131 reysini yerin\u0259 yetir\u0259rk\u0259n q\u0259zaya u\u011fram\u0131\u015f \u201cEmbraer 190\u201d tipli s\u0259rni\u015fin t\u0259yyar\u0259sinin h\u0259lak olan ekipaj hey\u0259tinin ail\u0259 \u00fczvl\u0259ri v\u0259 q\u0259za zaman\u0131 sa\u011f qalan t\u0259yyar\u0259 b\u0259l\u0259d\u00e7il\u0259ri il\u0259 g\u00f6r\u00fc\u015fd\u0259 deyib. \u200b\u201cOnlar t\u0259cr\u00fcb\u0259li pilotlar idi, idar\u0259olunmaz v\u0259ziyy\u0259td\u0259 olan t\u0259yyar\u0259ni m\u0259hz \u00f6z pe\u015f\u0259karl\u0131qlar\u0131 n\u0259tic\u0259sind\u0259 bir yolla m\u0259kana yeti\u015fdir\u0259 bilmi\u015fdil\u0259r v\u0259&hellip;<\/p>\n","protected":false},"author":2,"featured_media":779208,"comment_status":"closed","ping_status":"closed","sticky":false,"template":"","format":"standard","meta":{"om_disable_all_campaigns":false,"_monsterinsights_skip_tracking":false,"_monsterinsights_sitenote_active":false,"_monsterinsights_sitenote_note":"","_monsterinsights_sitenote_category":0},"categories":[4],"tags":[],"aioseo_notices":[],"gutentor_comment":0,"rttpg_featured_image_url":{"full":["https:\/\/arantv.az\/wp-content\/uploads\/2025\/01\/dcbda2963a589381a73df8da75378c5f.jpg",637,400,false],"landscape":["https:\/\/arantv.az\/wp-content\/uploads\/2025\/01\/dcbda2963a589381a73df8da75378c5f.jpg",637,400,false],"portraits":["https:\/\/arantv.az\/wp-content\/uploads\/2025\/01\/dcbda2963a589381a73df8da75378c5f.jpg",637,400,false],"thumbnail":["https:\/\/arantv.az\/wp-content\/uploads\/2025\/01\/dcbda2963a589381a73df8da75378c5f-500x280.jpg",500,280,true],"medium":["https:\/\/arantv.az\/wp-content\/uploads\/2025\/01\/dcbda2963a589381a73df8da75378c5f-581x365.jpg",581,365,true],"large":["https:\/\/arantv.az\/wp-content\/uploads\/2025\/01\/dcbda2963a589381a73df8da75378c5f.jpg",637,400,false],"1536x1536":["https:\/\/arantv.az\/wp-content\/uploads\/2025\/01\/dcbda2963a589381a73df8da75378c5f.jpg",637,400,false],"2048x2048":["https:\/\/arantv.az\/wp-content\/uploads\/2025\/01\/dcbda2963a589381a73df8da75378c5f.jpg",637,400,false],"post-thumbnail":["https:\/\/arantv.az\/wp-content\/uploads\/2025\/01\/dcbda2963a589381a73df8da75378c5f-240x172.jpg",240,172,true],"advps-thumb-one":["https:\/\/arantv.az\/wp-content\/uploads\/2025\/01\/dcbda2963a589381a73df8da75378c5f.jpg",637,400,false]},"rttpg_author":{"display_name":"V\u00fcsal Rafiqo\u011flu","author_link":"https:\/\/arantv.az\/?author=2"},"rttpg_comment":0,"rttpg_category":"<a href=\"https:\/\/arantv.az\/?cat=4\" rel=\"category\">Siyas\u0259t<\/a>","rttpg_excerpt":"\u201cEkipaj \u00fczvl\u0259rinin q\u0259hr\u0259manl\u0131\u011f\u0131 haqq\u0131nda m\u0259n vida m\u0259rasimi zaman\u0131 bildirmi\u015fdim. Bir daha dem\u0259k ist\u0259yir\u0259m, bu, do\u011frudan da b\u00f6y\u00fck f\u0259dakarl\u0131qd\u0131r. M\u0259n bildirdim, \u00e7ox g\u00fcman, pilotlar bilirdil\u0259r ki, bu q\u0259zadan sa\u011f \u00e7\u0131xa bilm\u0259y\u0259c\u0259kl\u0259r\u201d. ARANTV.AZ \u00a0x\u0259b\u0259r verir ki, bunu Prezident \u0130lham \u018fliyev \u201cAz\u0259rbaycan Hava Yollar\u0131\u201d Qapal\u0131 S\u0259hmdar C\u0259miyy\u0259tin\u0259 m\u0259xsus Bak\u0131\u2013Qrozn\u0131 reysini yerin\u0259 yetir\u0259rk\u0259n q\u0259zaya u\u011fram\u0131\u015f \u201cEmbraer 190\u201d tipli s\u0259rni\u015fin&hellip;","_links":{"self":[{"href":"https:\/\/arantv.az\/index.php?rest_route=\/wp\/v2\/posts\/779207"}],"collection":[{"href":"https:\/\/arantv.az\/index.php?rest_route=\/wp\/v2\/posts"}],"about":[{"href":"https:\/\/arantv.az\/index.php?rest_route=\/wp\/v2\/types\/post"}],"author":[{"embeddable":true,"href":"https:\/\/arantv.az\/index.php?rest_route=\/wp\/v2\/users\/2"}],"replies":[{"embeddable":true,"href":"https:\/\/arantv.az\/index.php?rest_route=%2Fwp%2Fv2%2Fcomments&post=779207"}],"version-history":[{"count":2,"href":"https:\/\/arantv.az\/index.php?rest_route=\/wp\/v2\/posts\/779207\/revisions"}],"predecessor-version":[{"id":779210,"href":"https:\/\/arantv.az\/index.php?rest_route=\/wp\/v2\/posts\/779207\/revisions\/779210"}],"wp:featuredmedia":[{"embeddable":true,"href":"https:\/\/arantv.az\/index.php?rest_route=\/wp\/v2\/media\/779208"}],"wp:attachment":[{"href":"https:\/\/arantv.az\/index.php?rest_route=%2Fwp%2Fv2%2Fmedia&parent=779207"}],"wp:term":[{"taxonomy":"category","embeddable":true,"href":"https:\/\/arantv.az\/index.php?rest_route=%2Fwp%2Fv2%2Fcategories&post=779207"},{"taxonomy":"post_tag","embeddable":true,"href":"https:\/\/arantv.az\/index.php?rest_route=%2Fwp%2Fv2%2Ftags&post=779207"}],"curies":[{"name":"wp","href":"https:\/\/api.w.org\/{rel}","templated":true}]}}