{"id":779222,"date":"2025-01-06T17:45:46","date_gmt":"2025-01-06T13:45:46","guid":{"rendered":"https:\/\/arantv.az\/?p=779222"},"modified":"2025-01-06T17:45:46","modified_gmt":"2025-01-06T13:45:46","slug":"prezidentd%c9%99n-son-d%c9%99qiq%c9%99-aciqlamasi-bunun-gunahi-rusiya-federasiyasi-numay%c9%99nd%c9%99l%c9%99rinin-uz%c9%99rind%c9%99dir","status":"publish","type":"post","link":"https:\/\/arantv.az\/?p=779222","title":{"rendered":"Prezidentd\u0259n SON D\u018fQ\u0130Q\u018f A\u00c7IQLAMASI: &#8220;Bunun g\u00fcnah\u0131 Rusiya Federasiyas\u0131 n\u00fcmay\u0259nd\u0259l\u0259rinin \u00fcz\u0259rind\u0259dir&#8221;"},"content":{"rendered":"<p><strong>Az\u0259rbaycan v\u0259t\u0259nda\u015flar\u0131n\u0131n bu q\u0259zada h\u0259lak olmas\u0131n\u0131n g\u00fcnah\u0131 Rusiya Federasiyas\u0131 n\u00fcmay\u0259nd\u0259l\u0259rinin \u00fcz\u0259rind\u0259dir.<\/strong><\/p>\n<p><strong>Musavat.com-un<\/strong>\u00a0m\u0259lumat\u0131na g\u00f6r\u0259, bunu \u201cAz\u0259rbaycan Hava Yollar\u0131\u201d Qapal\u0131 S\u0259hmdar C\u0259miyy\u0259tin\u0259 m\u0259xsus Bak\u0131\u2013Qrozn\u0131 reysini yerin\u0259 yetir\u0259rk\u0259n q\u0259zaya u\u011fram\u0131\u015f \u201cEmbraer 190\u201d tipli s\u0259rni\u015fin t\u0259yyar\u0259sinin h\u0259lak olan ekipaj hey\u0259tinin ail\u0259 \u00fczvl\u0259ri v\u0259 q\u0259za zaman\u0131 sa\u011f qalan t\u0259yyar\u0259 b\u0259l\u0259d\u00e7il\u0259ri il\u0259 g\u00f6r\u00fc\u015f\u00fcnd\u0259 Az\u0259rbaycan Prezidenti \u0130lham \u018fliyev deyib.<\/p>\n<p>&#8220;Cinay\u0259t i\u015finin b\u00fct\u00fcn materiallar\u0131n\u0131 a\u00e7\u0131qlamaq ist\u0259mir\u0259m, onun ilkin t\u0259hqiqat\u0131 v\u0259 n\u0259tic\u0259l\u0259ri m\u0259n\u0259 m\u0259ruz\u0259 edilib. Amma \u0259minlikl\u0259 dey\u0259 bil\u0259r\u0259m ki, Az\u0259rbaycan v\u0259t\u0259nda\u015flar\u0131n\u0131n bu q\u0259zada h\u0259lak olmas\u0131n\u0131n g\u00fcnah\u0131 Rusiya Federasiyas\u0131 n\u00fcmay\u0259nd\u0259l\u0259rinin \u00fcz\u0259rind\u0259dir. Biz \u0259dal\u0259t t\u0259l\u0259b edirik, g\u00fcnahkarlar\u0131n c\u0259zaland\u0131r\u0131lmas\u0131n\u0131 t\u0259l\u0259b edirik, tam \u015f\u0259ffafl\u0131q v\u0259 insani davran\u0131\u015f t\u0259l\u0259b edirik&#8221;, &#8211; \u0130lham \u018fliyev vur\u011fulay\u0131b.<\/p>\n","protected":false},"excerpt":{"rendered":"<p>Az\u0259rbaycan v\u0259t\u0259nda\u015flar\u0131n\u0131n bu q\u0259zada h\u0259lak olmas\u0131n\u0131n g\u00fcnah\u0131 Rusiya Federasiyas\u0131 n\u00fcmay\u0259nd\u0259l\u0259rinin \u00fcz\u0259rind\u0259dir. Musavat.com-un\u00a0m\u0259lumat\u0131na g\u00f6r\u0259, bunu \u201cAz\u0259rbaycan Hava Yollar\u0131\u201d Qapal\u0131 S\u0259hmdar C\u0259miyy\u0259tin\u0259 m\u0259xsus Bak\u0131\u2013Qrozn\u0131 reysini yerin\u0259 yetir\u0259rk\u0259n q\u0259zaya u\u011fram\u0131\u015f \u201cEmbraer 190\u201d tipli s\u0259rni\u015fin t\u0259yyar\u0259sinin h\u0259lak olan ekipaj hey\u0259tinin ail\u0259 \u00fczvl\u0259ri v\u0259 q\u0259za zaman\u0131 sa\u011f qalan t\u0259yyar\u0259 b\u0259l\u0259d\u00e7il\u0259ri il\u0259 g\u00f6r\u00fc\u015f\u00fcnd\u0259 Az\u0259rbaycan Prezidenti \u0130lham \u018fliyev deyib. &#8220;Cinay\u0259t i\u015finin b\u00fct\u00fcn materiallar\u0131n\u0131 a\u00e7\u0131qlamaq ist\u0259mir\u0259m, onun ilkin t\u0259hqiqat\u0131 v\u0259 n\u0259tic\u0259l\u0259ri m\u0259n\u0259 m\u0259ruz\u0259 edilib. Amma \u0259minlikl\u0259 dey\u0259 bil\u0259r\u0259m ki, Az\u0259rbaycan v\u0259t\u0259nda\u015flar\u0131n\u0131n bu q\u0259zada h\u0259lak olmas\u0131n\u0131n g\u00fcnah\u0131 Rusiya Federasiyas\u0131 n\u00fcmay\u0259nd\u0259l\u0259rinin \u00fcz\u0259rind\u0259dir. Biz \u0259dal\u0259t t\u0259l\u0259b edirik, g\u00fcnahkarlar\u0131n c\u0259zaland\u0131r\u0131lmas\u0131n\u0131 t\u0259l\u0259b edirik,&hellip;<\/p>\n","protected":false},"author":2,"featured_media":779223,"comment_status":"closed","ping_status":"closed","sticky":false,"template":"","format":"standard","meta":{"om_disable_all_campaigns":false,"_monsterinsights_skip_tracking":false,"_monsterinsights_sitenote_active":false,"_monsterinsights_sitenote_note":"","_monsterinsights_sitenote_category":0},"categories":[19],"tags":[],"aioseo_notices":[],"gutentor_comment":0,"rttpg_featured_image_url":{"full":["https:\/\/arantv.az\/wp-content\/uploads\/2025\/01\/1bd14d7371719cd9fdde11cf275453c6.jpg",850,500,false],"landscape":["https:\/\/arantv.az\/wp-content\/uploads\/2025\/01\/1bd14d7371719cd9fdde11cf275453c6.jpg",850,500,false],"portraits":["https:\/\/arantv.az\/wp-content\/uploads\/2025\/01\/1bd14d7371719cd9fdde11cf275453c6.jpg",850,500,false],"thumbnail":["https:\/\/arantv.az\/wp-content\/uploads\/2025\/01\/1bd14d7371719cd9fdde11cf275453c6-500x280.jpg",500,280,true],"medium":["https:\/\/arantv.az\/wp-content\/uploads\/2025\/01\/1bd14d7371719cd9fdde11cf275453c6-621x365.jpg",621,365,true],"large":["https:\/\/arantv.az\/wp-content\/uploads\/2025\/01\/1bd14d7371719cd9fdde11cf275453c6-840x494.jpg",640,376,true],"1536x1536":["https:\/\/arantv.az\/wp-content\/uploads\/2025\/01\/1bd14d7371719cd9fdde11cf275453c6.jpg",850,500,false],"2048x2048":["https:\/\/arantv.az\/wp-content\/uploads\/2025\/01\/1bd14d7371719cd9fdde11cf275453c6.jpg",850,500,false],"post-thumbnail":["https:\/\/arantv.az\/wp-content\/uploads\/2025\/01\/1bd14d7371719cd9fdde11cf275453c6-240x172.jpg",240,172,true],"advps-thumb-one":["https:\/\/arantv.az\/wp-content\/uploads\/2025\/01\/1bd14d7371719cd9fdde11cf275453c6.jpg",850,500,false]},"rttpg_author":{"display_name":"V\u00fcsal Rafiqo\u011flu","author_link":"https:\/\/arantv.az\/?author=2"},"rttpg_comment":0,"rttpg_category":"<a href=\"https:\/\/arantv.az\/?cat=19\" rel=\"category\">G\u00fcnd\u0259m<\/a>","rttpg_excerpt":"Az\u0259rbaycan v\u0259t\u0259nda\u015flar\u0131n\u0131n bu q\u0259zada h\u0259lak olmas\u0131n\u0131n g\u00fcnah\u0131 Rusiya Federasiyas\u0131 n\u00fcmay\u0259nd\u0259l\u0259rinin \u00fcz\u0259rind\u0259dir. Musavat.com-un\u00a0m\u0259lumat\u0131na g\u00f6r\u0259, bunu \u201cAz\u0259rbaycan Hava Yollar\u0131\u201d Qapal\u0131 S\u0259hmdar C\u0259miyy\u0259tin\u0259 m\u0259xsus Bak\u0131\u2013Qrozn\u0131 reysini yerin\u0259 yetir\u0259rk\u0259n q\u0259zaya u\u011fram\u0131\u015f \u201cEmbraer 190\u201d tipli s\u0259rni\u015fin t\u0259yyar\u0259sinin h\u0259lak olan ekipaj hey\u0259tinin ail\u0259 \u00fczvl\u0259ri v\u0259 q\u0259za zaman\u0131 sa\u011f qalan t\u0259yyar\u0259 b\u0259l\u0259d\u00e7il\u0259ri il\u0259 g\u00f6r\u00fc\u015f\u00fcnd\u0259 Az\u0259rbaycan Prezidenti \u0130lham \u018fliyev deyib. &#8220;Cinay\u0259t i\u015finin b\u00fct\u00fcn&hellip;","_links":{"self":[{"href":"https:\/\/arantv.az\/index.php?rest_route=\/wp\/v2\/posts\/779222"}],"collection":[{"href":"https:\/\/arantv.az\/index.php?rest_route=\/wp\/v2\/posts"}],"about":[{"href":"https:\/\/arantv.az\/index.php?rest_route=\/wp\/v2\/types\/post"}],"author":[{"embeddable":true,"href":"https:\/\/arantv.az\/index.php?rest_route=\/wp\/v2\/users\/2"}],"replies":[{"embeddable":true,"href":"https:\/\/arantv.az\/index.php?rest_route=%2Fwp%2Fv2%2Fcomments&post=779222"}],"version-history":[{"count":1,"href":"https:\/\/arantv.az\/index.php?rest_route=\/wp\/v2\/posts\/779222\/revisions"}],"predecessor-version":[{"id":779224,"href":"https:\/\/arantv.az\/index.php?rest_route=\/wp\/v2\/posts\/779222\/revisions\/779224"}],"wp:featuredmedia":[{"embeddable":true,"href":"https:\/\/arantv.az\/index.php?rest_route=\/wp\/v2\/media\/779223"}],"wp:attachment":[{"href":"https:\/\/arantv.az\/index.php?rest_route=%2Fwp%2Fv2%2Fmedia&parent=779222"}],"wp:term":[{"taxonomy":"category","embeddable":true,"href":"https:\/\/arantv.az\/index.php?rest_route=%2Fwp%2Fv2%2Fcategories&post=779222"},{"taxonomy":"post_tag","embeddable":true,"href":"https:\/\/arantv.az\/index.php?rest_route=%2Fwp%2Fv2%2Ftags&post=779222"}],"curies":[{"name":"wp","href":"https:\/\/api.w.org\/{rel}","templated":true}]}}