{"id":779275,"date":"2025-01-06T19:36:57","date_gmt":"2025-01-06T15:36:57","guid":{"rendered":"https:\/\/arantv.az\/?p=779275"},"modified":"2025-01-06T19:36:57","modified_gmt":"2025-01-06T15:36:57","slug":"bakidan-moskvaya-aciq-mesaj-%c9%99liyevin-t%c9%99l%c9%99bini-putin-yerin%c9%99-yetirm%c9%99s%c9%99","status":"publish","type":"post","link":"https:\/\/arantv.az\/?p=779275","title":{"rendered":"Bak\u0131dan Moskvaya A\u00c7IQ MESAJ: \u018fliyevin t\u0259l\u0259bini Putin yerin\u0259 yetirm\u0259s\u0259\u2026"},"content":{"rendered":"<p>\u201cD\u00f6vl\u0259t ba\u015f\u00e7\u0131s\u0131 \u0130lham \u018fliyev art\u0131q ikinci d\u0259f\u0259dir ki, Az\u0259rbaycan\u0131n s\u0259rni\u015fin t\u0259yyar\u0259sinin vurulmas\u0131yla ba\u011fl\u0131 Rusiyan\u0131n g\u00fcnahkar oldu\u011funu v\u0259 bu d\u00f6vl\u0259tin \u00fcz\u0259rin\u0259 d\u00fc\u015f\u0259ni etm\u0259diyini bildirib. Kremld\u0259n s\u0259s \u00e7\u0131xm\u0131r. G\u00f6r\u00fcn\u00fcr, r\u0259smi Moskvan\u0131n t\u0259yyar\u0259 q\u0259zas\u0131nda \u00f6l\u0259nl\u0259rin ail\u0259l\u0259rin\u0259 kompensasiya \u00f6d\u0259m\u0259k v\u0259 cinay\u0259tkarlar\u0131 c\u0259zaland\u0131rmaq fikri yoxdur\u201d.<\/p>\n<p><strong>Bu bar\u0259d\u0259 politoloq Elxan \u015eahino\u011flu bildirib.<\/strong><\/p>\n<p>O qeyd edib ki, g\u00f6zl\u0259nil\u0259nl\u0259rin \u0259ksin\u0259 olaraq, son g\u00fcnl\u0259r Kreml n\u0259zar\u0259t etdiyi informasiya \u015f\u0259b\u0259kl\u0259rini Az\u0259rbaycan \u0259leyhin\u0259 t\u0259bli\u011fata y\u00f6n\u0259ldib.<\/p>\n<p><img loading=\"lazy\" class=\"alignnone  wp-image-767085\" style=\"box-sizing: inherit; border: 0px none; vertical-align: middle; max-width: 100%; height: auto; margin: 5px 0px 1.25em; padding: 0px; font: inherit;\" title=\"Bak\u0131dan Moskvaya A\u00c7IQ MESAJ: &lt;span style=color:red&gt;\u018fliyevin t\u0259l\u0259bini Putin yerin\u0259 yetirm\u0259s\u0259... 2\" src=\"https:\/\/cdn.medianews.az\/2025\/01\/1736149938_52a3863520c84d429512befaaefc4272-375x226.jpg\" sizes=\"(max-width: 1726px) 100vw, 1726px\" srcset=\"\/\/cdn.medianews.az\/2025\/01\/1736149938_52a3863520c84d429512befaaefc4272-375x226.jpg 375w, \/\/cdn.medianews.az\/2025\/01\/1736149938_52a3863520c84d429512befaaefc4272-1024x618.jpg 1024w, \/\/cdn.medianews.az\/2025\/01\/1736149938_52a3863520c84d429512befaaefc4272-125x75.jpg 125w, \/\/cdn.medianews.az\/2025\/01\/1736149938_52a3863520c84d429512befaaefc4272-768x464.jpg 768w, \/\/cdn.medianews.az\/2025\/01\/1736149938_52a3863520c84d429512befaaefc4272-1536x927.jpg 1536w\" alt=\"Bak\u0131dan Moskvaya A\u00c7IQ MESAJ: &lt;span style=color:red&gt;\u018fliyevin t\u0259l\u0259bini Putin yerin\u0259 yetirm\u0259s\u0259...\" width=\"1726\" height=\"1040\" data-pin-no-hover=\"true\" \/><\/p>\n<p>Politoloqun q\u0259na\u0259tinc\u0259, Rusiyan\u0131n t\u0259yyar\u0259mizi vurmas\u0131ndan d\u0259rhal sonra \u0130randak\u0131 m\u00fchafiz\u0259kar dair\u0259l\u0259rin d\u0259 Az\u0259rbaycan \u0259leyhin\u0259 t\u0259bli\u011fata ba\u015flamalar\u0131 t\u0259sad\u00fcfi deyil: \u201cDey\u0259s\u0259n, Moskva-Tehran c\u00fctl\u00fcy\u00fc Suriyada m\u0259\u011flubiyy\u0259tin \u0259v\u0259zini T\u00fcrkiy\u0259 v\u0259 Az\u0259rbaycandan \u00e7\u0131xma\u011fa \u00e7al\u0131\u015f\u0131rlar. \u0130ran Prezidenti M\u0259sud Peze\u015fkian\u0131n bu ay Moskvaya s\u0259f\u0259rini v\u0259 rusiyal\u0131 h\u0259mkar\u0131 Vladimir Putinl\u0259 imzalayaca\u011f\u0131 strateji \u0259m\u0259kda\u015fl\u0131q haqq\u0131nda sazi\u015fi diqq\u0259tl\u0259 analiz etm\u0259li olaca\u011f\u0131q. Bu iki d\u00f6vl\u0259ti yaln\u0131z Q\u0259rb \u0259leyhin\u0259 ortaq siyas\u0259t birl\u0259\u015fdirmir, Rusiya v\u0259 \u0130ran \u0259traflar\u0131ndak\u0131 d\u00f6vl\u0259tl\u0259rin m\u00fcst\u0259qil siyas\u0259tl\u0259rin\u0259 qar\u015f\u0131 da birg\u0259 m\u00fcbariz\u0259 t\u0259dbirl\u0259rini g\u00fccl\u0259ndir\u0259c\u0259kl\u0259r\u201d.<\/p>\n<p><img loading=\"lazy\" class=\"alignnone  wp-image-766909\" style=\"box-sizing: inherit; border: 0px none; vertical-align: middle; max-width: 100%; height: auto; margin: 5px 0px 1.25em; padding: 0px; font: inherit;\" title=\"Bak\u0131dan Moskvaya A\u00c7IQ MESAJ: &lt;span style=color:red&gt;\u018fliyevin t\u0259l\u0259bini Putin yerin\u0259 yetirm\u0259s\u0259... 3\" src=\"https:\/\/cdn.medianews.az\/2025\/01\/uz-qeza-teyyare-375x208.jpg\" sizes=\"(max-width: 1664px) 100vw, 1664px\" srcset=\"\/\/cdn.medianews.az\/2025\/01\/uz-qeza-teyyare-375x208.jpg 375w, \/\/cdn.medianews.az\/2025\/01\/uz-qeza-teyyare-1024x569.jpg 1024w, \/\/cdn.medianews.az\/2025\/01\/uz-qeza-teyyare-125x69.jpg 125w, \/\/cdn.medianews.az\/2025\/01\/uz-qeza-teyyare-768x427.jpg 768w, \/\/cdn.medianews.az\/2025\/01\/uz-qeza-teyyare-1536x853.jpg 1536w, \/\/cdn.medianews.az\/2025\/01\/uz-qeza-teyyare.jpg 1800w\" alt=\"Bak\u0131dan Moskvaya A\u00c7IQ MESAJ: &lt;span style=color:red&gt;\u018fliyevin t\u0259l\u0259bini Putin yerin\u0259 yetirm\u0259s\u0259...\" width=\"1664\" height=\"923\" data-pin-no-hover=\"true\" \/><\/p>\n<p>E.\u015eahino\u011flu deyib ki, Vladimir Putin \u0130lham \u018fliyevin \u201ckompensasiya \u00f6d\u0259yin v\u0259 cinay\u0259tkarlar\u0131 c\u0259zaland\u0131r\u0131n\u201d t\u0259l\u0259bini yerin\u0259 yetirm\u0259y\u0259c\u0259ks\u0259, il \u0259rzind\u0259 iki \u00f6lk\u0259 aras\u0131nda m\u00fcnasib\u0259tl\u0259rin g\u0259rginl\u0259\u015fm\u0259sin\u0259 haz\u0131r olmal\u0131y\u0131q: \u201c\u0130ran\u0131n m\u00fchafiz\u0259kar dair\u0259l\u0259ri d\u0259 bizd\u0259n \u0259l \u00e7\u0259k\u0259n deyill\u0259r. Bel\u0259 v\u0259ziyy\u0259td\u0259 T\u00fcrkiy\u0259 il\u0259 koordinasiyan\u0131 g\u00fccl\u0259ndirm\u0259y\u0259 ehtiyac yaranacaq\u201d.\/Medianews.az\/<\/p>\n","protected":false},"excerpt":{"rendered":"<p>\u201cD\u00f6vl\u0259t ba\u015f\u00e7\u0131s\u0131 \u0130lham \u018fliyev art\u0131q ikinci d\u0259f\u0259dir ki, Az\u0259rbaycan\u0131n s\u0259rni\u015fin t\u0259yyar\u0259sinin vurulmas\u0131yla ba\u011fl\u0131 Rusiyan\u0131n g\u00fcnahkar oldu\u011funu v\u0259 bu d\u00f6vl\u0259tin \u00fcz\u0259rin\u0259 d\u00fc\u015f\u0259ni etm\u0259diyini bildirib. Kremld\u0259n s\u0259s \u00e7\u0131xm\u0131r. G\u00f6r\u00fcn\u00fcr, r\u0259smi Moskvan\u0131n t\u0259yyar\u0259 q\u0259zas\u0131nda \u00f6l\u0259nl\u0259rin ail\u0259l\u0259rin\u0259 kompensasiya \u00f6d\u0259m\u0259k v\u0259 cinay\u0259tkarlar\u0131 c\u0259zaland\u0131rmaq fikri yoxdur\u201d. Bu bar\u0259d\u0259 politoloq Elxan \u015eahino\u011flu bildirib. O qeyd edib ki, g\u00f6zl\u0259nil\u0259nl\u0259rin \u0259ksin\u0259 olaraq, son g\u00fcnl\u0259r Kreml n\u0259zar\u0259t etdiyi informasiya \u015f\u0259b\u0259kl\u0259rini Az\u0259rbaycan \u0259leyhin\u0259 t\u0259bli\u011fata y\u00f6n\u0259ldib. Politoloqun q\u0259na\u0259tinc\u0259, Rusiyan\u0131n t\u0259yyar\u0259mizi vurmas\u0131ndan d\u0259rhal sonra \u0130randak\u0131 m\u00fchafiz\u0259kar dair\u0259l\u0259rin d\u0259 Az\u0259rbaycan \u0259leyhin\u0259 t\u0259bli\u011fata ba\u015flamalar\u0131 t\u0259sad\u00fcfi deyil: \u201cDey\u0259s\u0259n, Moskva-Tehran c\u00fctl\u00fcy\u00fc Suriyada m\u0259\u011flubiyy\u0259tin \u0259v\u0259zini T\u00fcrkiy\u0259 v\u0259 Az\u0259rbaycandan&hellip;<\/p>\n","protected":false},"author":2,"featured_media":779276,"comment_status":"closed","ping_status":"closed","sticky":false,"template":"","format":"standard","meta":{"om_disable_all_campaigns":false,"_monsterinsights_skip_tracking":false,"_monsterinsights_sitenote_active":false,"_monsterinsights_sitenote_note":"","_monsterinsights_sitenote_category":0},"categories":[19],"tags":[],"aioseo_notices":[],"gutentor_comment":0,"rttpg_featured_image_url":{"full":["https:\/\/arantv.az\/wp-content\/uploads\/2025\/01\/6031122f9b305a397618dfb69e079a37.jpg",870,500,false],"landscape":["https:\/\/arantv.az\/wp-content\/uploads\/2025\/01\/6031122f9b305a397618dfb69e079a37.jpg",870,500,false],"portraits":["https:\/\/arantv.az\/wp-content\/uploads\/2025\/01\/6031122f9b305a397618dfb69e079a37.jpg",870,500,false],"thumbnail":["https:\/\/arantv.az\/wp-content\/uploads\/2025\/01\/6031122f9b305a397618dfb69e079a37-500x280.jpg",500,280,true],"medium":["https:\/\/arantv.az\/wp-content\/uploads\/2025\/01\/6031122f9b305a397618dfb69e079a37-635x365.jpg",635,365,true],"large":["https:\/\/arantv.az\/wp-content\/uploads\/2025\/01\/6031122f9b305a397618dfb69e079a37-840x483.jpg",640,368,true],"1536x1536":["https:\/\/arantv.az\/wp-content\/uploads\/2025\/01\/6031122f9b305a397618dfb69e079a37.jpg",870,500,false],"2048x2048":["https:\/\/arantv.az\/wp-content\/uploads\/2025\/01\/6031122f9b305a397618dfb69e079a37.jpg",870,500,false],"post-thumbnail":["https:\/\/arantv.az\/wp-content\/uploads\/2025\/01\/6031122f9b305a397618dfb69e079a37-240x172.jpg",240,172,true],"advps-thumb-one":["https:\/\/arantv.az\/wp-content\/uploads\/2025\/01\/6031122f9b305a397618dfb69e079a37.jpg",870,500,false]},"rttpg_author":{"display_name":"V\u00fcsal Rafiqo\u011flu","author_link":"https:\/\/arantv.az\/?author=2"},"rttpg_comment":0,"rttpg_category":"<a href=\"https:\/\/arantv.az\/?cat=19\" rel=\"category\">G\u00fcnd\u0259m<\/a>","rttpg_excerpt":"\u201cD\u00f6vl\u0259t ba\u015f\u00e7\u0131s\u0131 \u0130lham \u018fliyev art\u0131q ikinci d\u0259f\u0259dir ki, Az\u0259rbaycan\u0131n s\u0259rni\u015fin t\u0259yyar\u0259sinin vurulmas\u0131yla ba\u011fl\u0131 Rusiyan\u0131n g\u00fcnahkar oldu\u011funu v\u0259 bu d\u00f6vl\u0259tin \u00fcz\u0259rin\u0259 d\u00fc\u015f\u0259ni etm\u0259diyini bildirib. Kremld\u0259n s\u0259s \u00e7\u0131xm\u0131r. G\u00f6r\u00fcn\u00fcr, r\u0259smi Moskvan\u0131n t\u0259yyar\u0259 q\u0259zas\u0131nda \u00f6l\u0259nl\u0259rin ail\u0259l\u0259rin\u0259 kompensasiya \u00f6d\u0259m\u0259k v\u0259 cinay\u0259tkarlar\u0131 c\u0259zaland\u0131rmaq fikri yoxdur\u201d. Bu bar\u0259d\u0259 politoloq Elxan \u015eahino\u011flu bildirib. O qeyd edib ki, g\u00f6zl\u0259nil\u0259nl\u0259rin \u0259ksin\u0259 olaraq, son g\u00fcnl\u0259r&hellip;","_links":{"self":[{"href":"https:\/\/arantv.az\/index.php?rest_route=\/wp\/v2\/posts\/779275"}],"collection":[{"href":"https:\/\/arantv.az\/index.php?rest_route=\/wp\/v2\/posts"}],"about":[{"href":"https:\/\/arantv.az\/index.php?rest_route=\/wp\/v2\/types\/post"}],"author":[{"embeddable":true,"href":"https:\/\/arantv.az\/index.php?rest_route=\/wp\/v2\/users\/2"}],"replies":[{"embeddable":true,"href":"https:\/\/arantv.az\/index.php?rest_route=%2Fwp%2Fv2%2Fcomments&post=779275"}],"version-history":[{"count":1,"href":"https:\/\/arantv.az\/index.php?rest_route=\/wp\/v2\/posts\/779275\/revisions"}],"predecessor-version":[{"id":779277,"href":"https:\/\/arantv.az\/index.php?rest_route=\/wp\/v2\/posts\/779275\/revisions\/779277"}],"wp:featuredmedia":[{"embeddable":true,"href":"https:\/\/arantv.az\/index.php?rest_route=\/wp\/v2\/media\/779276"}],"wp:attachment":[{"href":"https:\/\/arantv.az\/index.php?rest_route=%2Fwp%2Fv2%2Fmedia&parent=779275"}],"wp:term":[{"taxonomy":"category","embeddable":true,"href":"https:\/\/arantv.az\/index.php?rest_route=%2Fwp%2Fv2%2Fcategories&post=779275"},{"taxonomy":"post_tag","embeddable":true,"href":"https:\/\/arantv.az\/index.php?rest_route=%2Fwp%2Fv2%2Ftags&post=779275"}],"curies":[{"name":"wp","href":"https:\/\/api.w.org\/{rel}","templated":true}]}}