{"id":779278,"date":"2025-01-06T19:37:56","date_gmt":"2025-01-06T15:37:56","guid":{"rendered":"https:\/\/arantv.az\/?p=779278"},"modified":"2025-01-06T19:37:56","modified_gmt":"2025-01-06T15:37:56","slug":"astroloqdan-az%c9%99rbaycan-v%c9%99-dunya-ucun-sok-2025-ci-il-proqnozlari","status":"publish","type":"post","link":"https:\/\/arantv.az\/?p=779278","title":{"rendered":"Astroloqdan Az\u0259rbaycan v\u0259 d\u00fcnya \u00fc\u00e7\u00fcn \u015eOK 2025-ci il PROQNOZLARI"},"content":{"rendered":"<p>Tan\u0131nm\u0131\u015f astroloq S\u0259buhi R\u0259himli 2025-ci il \u00fc\u00e7\u00fcn 25 ictimai-siyasi proqnozlar\u0131n\u0131 a\u00e7\u0131qlay\u0131b.<\/p>\n<p><strong>ARANTV.AZ <\/strong>\u00a0bildirir ki, astroloq proqnozlar\u0131n\u0131n 11-ni Az\u0259rbaycan, dig\u0259rl\u0259rini is\u0259 d\u00fcnya \u00fc\u00e7\u00fcn n\u0259z\u0259rd\u0259 tutub.<\/p>\n<p>H\u0259min proqnozlar\u0131 t\u0259qdim edirik:<\/p>\n<p>1. \u0130lk 3 ayda devalvasiya olmasa ilin qalan vaxtlar\u0131nda bu ba\u015f verm\u0259y\u0259c\u0259k.<\/p>\n<p>2. Fevraldan etibar\u0259n \u00f6lk\u0259mizd\u0259 siyasi aktivlik ba\u015flayacaq.<\/p>\n<p>3. Az\u0259rbaycanla Rusiya aras\u0131ndak\u0131 g\u0259rginlik aradan qalxacaq.<\/p>\n<p>4. Erm\u0259nistan-Az\u0259rbaycan aras\u0131nda m\u00fcharib\u0259 olmayacaq<\/p>\n<p>5. Z\u0259ng\u0259zur d\u0259hlizi a\u00e7\u0131lmayacaq.<\/p>\n<p>6. S\u00fclh m\u00fcqavil\u0259si ilin 1-ci yar\u0131s\u0131 imzalanmayacaq.<\/p>\n<p>7. Mart-iyun aral\u0131\u011f\u0131 Az\u0259rbaycan hakimiyy\u0259ti \u00fc\u00e7\u00fcn \u00e7\u0259tin bir d\u00f6n\u0259m olacaq.<\/p>\n<p>8. M\u0259murlar\u0131m\u0131z aras\u0131nda s\u0259rv\u0259t v\u0259 inhisar\u00e7\u0131l\u0131q u\u011frunda b\u00f6y\u00fck r\u0259qab\u0259t, \u00f6l\u00fcm-dirim sava\u015f\u0131 ya\u015fanacaq.<\/p>\n<p>9. H\u0259bsd\u0259 olan media n\u00fcmay\u0259nd\u0259l\u0259rinin \u0259ks\u0259riyy\u0259ti azadl\u0131\u011fa burax\u0131lacaq.<\/p>\n<p>10. \u00d6lk\u0259mizd\u0259 bahala\u015fma qa\u00e7\u0131lmaz olacaq.<\/p>\n<p>11. Az\u0259rbaycanla \u0130ran aras\u0131nda h\u0259rbi qar\u015f\u0131durma olmayacaq.<\/p>\n<p>12. D\u00fcnya son 8 ilin \u0259n b\u00f6y\u00fck iqtisadi krizisini ya\u015fayacaq.<\/p>\n<p>13. \u0130lin ilk yar\u0131s\u0131 \u0130randa tarixi olaylar ya\u015fanacaq, lakin n\u00fcv\u0259 obyektl\u0259ri vurulmayacaq.<\/p>\n<p>14. Fevral\u0131n 18-n\u0259 q\u0259d\u0259r al\u0131nmasa, G\u00fcrc\u00fcstanda hakimiyy\u0259t d\u0259yi\u015fm\u0259y\u0259c\u0259k.<\/p>\n<p>15. Nikol Pa\u015finyan da hakimiyy\u0259td\u0259 qalacaq.<\/p>\n<p>16. \u0130rana qar\u015f\u0131 h\u0259r hans\u0131 m\u00fcharib\u0259 apar\u0131lmayacaq.<\/p>\n<p>17. \u00c7in\u0259 qar\u015f\u0131 h\u0259r hans\u0131 h\u0259rbi m\u00fcdaxil\u0259 yoxdur.<\/p>\n<p>18. T\u00fcrkiy\u0259 v\u0259 \u0130srail aras\u0131ndak\u0131 g\u0259rginlik h\u0259rbi m\u00fcst\u0259viy\u0259 ke\u00e7m\u0259y\u0259c\u0259k.<\/p>\n<p>19. T\u00fcrkm\u0259nistanda daxili g\u0259rginlik yaranacaq.<\/p>\n<p>20. Rusiya-Ukrayna m\u00fcharib\u0259si ilin ikinci yar\u0131s\u0131na ke\u00e7m\u0259y\u0259c\u0259k.<\/p>\n<p>21. Zelenski hakimiyy\u0259td\u0259 qalacaq.<\/p>\n<p>22. \u0130lin ilk r\u00fcb\u00fc Putin \u00fc\u00e7\u00fcn \u00e7ox \u00e7\u0259tin ke\u00e7\u0259c\u0259k<\/p>\n<p>23. 20-d\u0259n \u00e7ox \u00f6lk\u0259d\u0259 hakimiyy\u0259tl\u0259r d\u0259yi\u015f\u0259c\u0259k.<\/p>\n<p>24. Suriyada m\u00fcharib\u0259 olmayacaq.<\/p>\n<p>25. 2025-d\u0259 b\u00f6y\u00fck insan itkisin\u0259 s\u0259b\u0259b ola bil\u0259c\u0259k t\u0259bii f\u0259lak\u0259tl\u0259r minimuma en\u0259c\u0259k&#8221;.<\/p>\n","protected":false},"excerpt":{"rendered":"<p>Tan\u0131nm\u0131\u015f astroloq S\u0259buhi R\u0259himli 2025-ci il \u00fc\u00e7\u00fcn 25 ictimai-siyasi proqnozlar\u0131n\u0131 a\u00e7\u0131qlay\u0131b. ARANTV.AZ \u00a0bildirir ki, astroloq proqnozlar\u0131n\u0131n 11-ni Az\u0259rbaycan, dig\u0259rl\u0259rini is\u0259 d\u00fcnya \u00fc\u00e7\u00fcn n\u0259z\u0259rd\u0259 tutub. H\u0259min proqnozlar\u0131 t\u0259qdim edirik: 1. \u0130lk 3 ayda devalvasiya olmasa ilin qalan vaxtlar\u0131nda bu ba\u015f verm\u0259y\u0259c\u0259k. 2. Fevraldan etibar\u0259n \u00f6lk\u0259mizd\u0259 siyasi aktivlik ba\u015flayacaq. 3. Az\u0259rbaycanla Rusiya aras\u0131ndak\u0131 g\u0259rginlik aradan qalxacaq. 4. Erm\u0259nistan-Az\u0259rbaycan aras\u0131nda m\u00fcharib\u0259 olmayacaq 5. Z\u0259ng\u0259zur d\u0259hlizi a\u00e7\u0131lmayacaq. 6. S\u00fclh m\u00fcqavil\u0259si ilin 1-ci yar\u0131s\u0131 imzalanmayacaq. 7. Mart-iyun aral\u0131\u011f\u0131 Az\u0259rbaycan hakimiyy\u0259ti \u00fc\u00e7\u00fcn \u00e7\u0259tin bir d\u00f6n\u0259m olacaq. 8. M\u0259murlar\u0131m\u0131z aras\u0131nda s\u0259rv\u0259t v\u0259 inhisar\u00e7\u0131l\u0131q u\u011frunda b\u00f6y\u00fck r\u0259qab\u0259t, \u00f6l\u00fcm-dirim&hellip;<\/p>\n","protected":false},"author":2,"featured_media":779279,"comment_status":"closed","ping_status":"closed","sticky":false,"template":"","format":"standard","meta":{"om_disable_all_campaigns":false,"_monsterinsights_skip_tracking":false,"_monsterinsights_sitenote_active":false,"_monsterinsights_sitenote_note":"","_monsterinsights_sitenote_category":0},"categories":[19],"tags":[],"aioseo_notices":[],"gutentor_comment":0,"rttpg_featured_image_url":{"full":["https:\/\/arantv.az\/wp-content\/uploads\/2025\/01\/478552d7ee4dfeb16a57d594bc600af7.jpg",818,413,false],"landscape":["https:\/\/arantv.az\/wp-content\/uploads\/2025\/01\/478552d7ee4dfeb16a57d594bc600af7.jpg",818,413,false],"portraits":["https:\/\/arantv.az\/wp-content\/uploads\/2025\/01\/478552d7ee4dfeb16a57d594bc600af7.jpg",818,413,false],"thumbnail":["https:\/\/arantv.az\/wp-content\/uploads\/2025\/01\/478552d7ee4dfeb16a57d594bc600af7-500x280.jpg",500,280,true],"medium":["https:\/\/arantv.az\/wp-content\/uploads\/2025\/01\/478552d7ee4dfeb16a57d594bc600af7-660x333.jpg",660,333,true],"large":["https:\/\/arantv.az\/wp-content\/uploads\/2025\/01\/478552d7ee4dfeb16a57d594bc600af7.jpg",640,323,false],"1536x1536":["https:\/\/arantv.az\/wp-content\/uploads\/2025\/01\/478552d7ee4dfeb16a57d594bc600af7.jpg",818,413,false],"2048x2048":["https:\/\/arantv.az\/wp-content\/uploads\/2025\/01\/478552d7ee4dfeb16a57d594bc600af7.jpg",818,413,false],"post-thumbnail":["https:\/\/arantv.az\/wp-content\/uploads\/2025\/01\/478552d7ee4dfeb16a57d594bc600af7-240x172.jpg",240,172,true],"advps-thumb-one":["https:\/\/arantv.az\/wp-content\/uploads\/2025\/01\/478552d7ee4dfeb16a57d594bc600af7.jpg",818,413,false]},"rttpg_author":{"display_name":"V\u00fcsal Rafiqo\u011flu","author_link":"https:\/\/arantv.az\/?author=2"},"rttpg_comment":0,"rttpg_category":"<a href=\"https:\/\/arantv.az\/?cat=19\" rel=\"category\">G\u00fcnd\u0259m<\/a>","rttpg_excerpt":"Tan\u0131nm\u0131\u015f astroloq S\u0259buhi R\u0259himli 2025-ci il \u00fc\u00e7\u00fcn 25 ictimai-siyasi proqnozlar\u0131n\u0131 a\u00e7\u0131qlay\u0131b. ARANTV.AZ \u00a0bildirir ki, astroloq proqnozlar\u0131n\u0131n 11-ni Az\u0259rbaycan, dig\u0259rl\u0259rini is\u0259 d\u00fcnya \u00fc\u00e7\u00fcn n\u0259z\u0259rd\u0259 tutub. H\u0259min proqnozlar\u0131 t\u0259qdim edirik: 1. \u0130lk 3 ayda devalvasiya olmasa ilin qalan vaxtlar\u0131nda bu ba\u015f verm\u0259y\u0259c\u0259k. 2. Fevraldan etibar\u0259n \u00f6lk\u0259mizd\u0259 siyasi aktivlik ba\u015flayacaq. 3. Az\u0259rbaycanla Rusiya aras\u0131ndak\u0131 g\u0259rginlik aradan qalxacaq. 4.&hellip;","_links":{"self":[{"href":"https:\/\/arantv.az\/index.php?rest_route=\/wp\/v2\/posts\/779278"}],"collection":[{"href":"https:\/\/arantv.az\/index.php?rest_route=\/wp\/v2\/posts"}],"about":[{"href":"https:\/\/arantv.az\/index.php?rest_route=\/wp\/v2\/types\/post"}],"author":[{"embeddable":true,"href":"https:\/\/arantv.az\/index.php?rest_route=\/wp\/v2\/users\/2"}],"replies":[{"embeddable":true,"href":"https:\/\/arantv.az\/index.php?rest_route=%2Fwp%2Fv2%2Fcomments&post=779278"}],"version-history":[{"count":1,"href":"https:\/\/arantv.az\/index.php?rest_route=\/wp\/v2\/posts\/779278\/revisions"}],"predecessor-version":[{"id":779280,"href":"https:\/\/arantv.az\/index.php?rest_route=\/wp\/v2\/posts\/779278\/revisions\/779280"}],"wp:featuredmedia":[{"embeddable":true,"href":"https:\/\/arantv.az\/index.php?rest_route=\/wp\/v2\/media\/779279"}],"wp:attachment":[{"href":"https:\/\/arantv.az\/index.php?rest_route=%2Fwp%2Fv2%2Fmedia&parent=779278"}],"wp:term":[{"taxonomy":"category","embeddable":true,"href":"https:\/\/arantv.az\/index.php?rest_route=%2Fwp%2Fv2%2Fcategories&post=779278"},{"taxonomy":"post_tag","embeddable":true,"href":"https:\/\/arantv.az\/index.php?rest_route=%2Fwp%2Fv2%2Ftags&post=779278"}],"curies":[{"name":"wp","href":"https:\/\/api.w.org\/{rel}","templated":true}]}}