{"id":779281,"date":"2025-01-06T19:39:17","date_gmt":"2025-01-06T15:39:17","guid":{"rendered":"https:\/\/arantv.az\/?p=779281"},"modified":"2025-01-06T19:39:17","modified_gmt":"2025-01-06T15:39:17","slug":"az%c9%99rbaycan-xin-d%c9%99n-makrona-sill%c9%99-kimi-cavab","status":"publish","type":"post","link":"https:\/\/arantv.az\/?p=779281","title":{"rendered":"Az\u0259rbaycan X\u0130N-d\u0259n Makrona \u015e\u0130LL\u018f K\u0130M\u0130 CAVAB"},"content":{"rendered":"<p><strong>Fransa Prezidentinin Az\u0259rbaycana qar\u015f\u0131 s\u0259sl\u0259ndirdiyi n\u00f6vb\u0259ti \u0259sass\u0131z iddialar\u0131 v\u0259 real faktlar\u0131 t\u0259hrif ed\u0259n t\u0259xribat dolu a\u00e7\u0131qlamalar\u0131 q\u0259buledilm\u0259zdir.<\/strong><\/p>\n<p><strong>ARANTV.AZ <\/strong>\u00a0x\u0259b\u0259r verir ki, bu Az\u0259rbaycan\u0131n Xarici \u0130\u015fl\u0259r Nazirliyinin M\u0259tbuat katibi Ayxan Hac\u0131zad\u0259nin Fransa Prezidentinin s\u0259firl\u0259r konfrans\u0131nda Az\u0259rbaycan \u0259leyhin\u0259 s\u0259sl\u0259ndirdiyi iddialar\u0131 bar\u0259d\u0259 median\u0131n sual\u0131na cavab\u0131nda \u0259ksini tap\u0131b.<\/p>\n<p>&#8220;Maraql\u0131d\u0131r ki, \u00f6z\u00fcn\u00fc beyn\u0259lxalq h\u00fcququn m\u00fcdafi\u0259\u00e7isi kimi t\u0259qdim ed\u0259n Fransa he\u00e7 zaman Az\u0259rbaycana m\u00fcnasib\u0259td\u0259 beyn\u0259lxalq h\u00fcququn norma v\u0259 prinsipl\u0259rinin kobud \u015f\u0259kild\u0259 pozulmas\u0131n\u0131, Erm\u0259nistan\u0131n Az\u0259rbaycana qar\u015f\u0131 h\u0259yata ke\u00e7irdiyi etnik t\u0259mizl\u0259m\u0259 siyas\u0259tini, k\u00fctl\u0259vi q\u0131r\u011f\u0131nlar\u0131 v\u0259 insanl\u0131q \u0259leyhin\u0259 cinay\u0259tl\u0259ri he\u00e7 zaman t\u0259nqid etm\u0259yib.<\/p>\n<p>Fransa t\u0259r\u0259fin\u0259 bir daha xat\u0131rlatmaq ist\u0259rdik ki, Az\u0259rbaycan\u0131n \u00f6z suveren \u0259razil\u0259rind\u0259 beyn\u0259lxalq h\u00fcququn norma v\u0259 prinsipl\u0259rin\u0259 uy\u011fun \u015f\u0259kild\u0259 h\u0259yata ke\u00e7irdiyi haqq-\u0259dal\u0259t m\u00fcharib\u0259si yaln\u0131z Erm\u0259nistan i\u015f\u011fal\u0131na son qoymaq m\u0259qs\u0259dil\u0259 apar\u0131l\u0131b.<\/p>\n<p>B\u00f6lg\u0259d\u0259 s\u00fclh \u00fc\u00e7\u00fcn real \u015f\u0259rait yarand\u0131\u011f\u0131 bir d\u00f6n\u0259md\u0259, Az\u0259rbaycan\u0131n \u00f6z \u0259razil\u0259ri \u00fcz\u0259rind\u0259 suverenliyini sual alt\u0131na qoyan, Erm\u0259nistan\u0131 revan\u015fizm\u0259 haz\u0131rlayan, bu \u00f6lk\u0259nin geni\u015f \u015f\u0259kild\u0259 silahlanmas\u0131n\u0131 h\u0259yata ke\u00e7ir\u0259n Fransan\u0131n bu kimi t\u0259hrik\u00e7i a\u00e7\u0131qlamalar\u0131 q\u0259tiyy\u0259tl\u0259 pisl\u0259yirik.<\/p>\n<p>Fransan\u0131n m\u0259krli neo-kolonial siyas\u0259tinin t\u0259zah\u00fcr\u00fc olan d\u0259niza\u015f\u0131r\u0131 \u0259razil\u0259rind\u0259 apard\u0131\u011f\u0131 u\u011fursuz f\u0259aliyy\u0259tin s\u0259b\u0259bl\u0259rinin Az\u0259rbaycan \u00fcz\u0259rin\u0259 y\u00f6nl\u0259ndirilm\u0259si is\u0259 Fransan\u0131n yanl\u0131\u015f siyas\u0259tind\u0259n x\u0259b\u0259r verir. Dig\u0259r \u00f6lk\u0259l\u0259ri t\u0259qsirl\u0259ndirm\u0259k \u0259v\u0259zin\u0259, Fransan\u0131n s\u0259ri\u015ft\u0259siz xarici siyas\u0259tind\u0259n d\u0259rs \u00e7\u0131xarmas\u0131 daha faydal\u0131 olard\u0131.<\/p>\n<p>Fransadan s\u00fclh\u0259 xidm\u0259t etm\u0259y\u0259n v\u0259 regionda sabitliyi pozan add\u0131mlar\u0131na son qoyma\u011f\u0131 t\u0259l\u0259b edirik&#8221;, &#8211; o vur\u011fulay\u0131b.<\/p>\n<p>Qeyd ed\u0259k ki, 6 yanvar 2025-ci il tarixind\u0259 Fransa Prezidenti Emmanuel Makron s\u0259firl\u0259r konfrans\u0131nda \u00e7\u0131x\u0131\u015f\u0131 zaman\u0131 bildirib ki, \u201cErm\u0259nistana m\u00fcnasib\u0259td\u0259 Rusiya m\u00fctt\u0259fiqlik \u0259laq\u0259l\u0259rin\u0259 d\u0259yi\u015fiklik ed\u0259r\u0259k, Az\u0259rbaycan\u0131n f\u0259aliyy\u0259tini d\u0259st\u0259kl\u0259yib\u201d. O h\u0259m\u00e7inin qeyd edib ki, \u201cFransan\u0131n \u00f6z\u00fc son aylarda bir \u00e7ox d\u0259niza\u015f\u0131r\u0131 \u0259razil\u0259rind\u0259, x\u00fcsusil\u0259 d\u0259 yeni Kaledoniyada Az\u0259rbaycan t\u0259r\u0259find\u0259n q\u0259buledilm\u0259z m\u00fcdaxil\u0259l\u0259rl\u0259 h\u00fccumlara m\u0259ruz qal\u0131b. Bizim beyn\u0259lxalq h\u00fcququ v\u0259 Erm\u0259nistan\u0131 m\u00fcdafi\u0259 etdiyimizi anlamayan Az\u0259rbaycan bununla m\u0259s\u0259l\u0259ni h\u0259ll etdiyini d\u00fc\u015f\u00fcn\u00fcr\u201d.<\/p>\n","protected":false},"excerpt":{"rendered":"<p>Fransa Prezidentinin Az\u0259rbaycana qar\u015f\u0131 s\u0259sl\u0259ndirdiyi n\u00f6vb\u0259ti \u0259sass\u0131z iddialar\u0131 v\u0259 real faktlar\u0131 t\u0259hrif ed\u0259n t\u0259xribat dolu a\u00e7\u0131qlamalar\u0131 q\u0259buledilm\u0259zdir. ARANTV.AZ \u00a0x\u0259b\u0259r verir ki, bu Az\u0259rbaycan\u0131n Xarici \u0130\u015fl\u0259r Nazirliyinin M\u0259tbuat katibi Ayxan Hac\u0131zad\u0259nin Fransa Prezidentinin s\u0259firl\u0259r konfrans\u0131nda Az\u0259rbaycan \u0259leyhin\u0259 s\u0259sl\u0259ndirdiyi iddialar\u0131 bar\u0259d\u0259 median\u0131n sual\u0131na cavab\u0131nda \u0259ksini tap\u0131b. &#8220;Maraql\u0131d\u0131r ki, \u00f6z\u00fcn\u00fc beyn\u0259lxalq h\u00fcququn m\u00fcdafi\u0259\u00e7isi kimi t\u0259qdim ed\u0259n Fransa he\u00e7 zaman Az\u0259rbaycana m\u00fcnasib\u0259td\u0259 beyn\u0259lxalq h\u00fcququn norma v\u0259 prinsipl\u0259rinin kobud \u015f\u0259kild\u0259 pozulmas\u0131n\u0131, Erm\u0259nistan\u0131n Az\u0259rbaycana qar\u015f\u0131 h\u0259yata ke\u00e7irdiyi etnik t\u0259mizl\u0259m\u0259 siyas\u0259tini, k\u00fctl\u0259vi q\u0131r\u011f\u0131nlar\u0131 v\u0259 insanl\u0131q \u0259leyhin\u0259 cinay\u0259tl\u0259ri he\u00e7 zaman t\u0259nqid etm\u0259yib. Fransa t\u0259r\u0259fin\u0259 bir daha xat\u0131rlatmaq ist\u0259rdik&hellip;<\/p>\n","protected":false},"author":2,"featured_media":779282,"comment_status":"closed","ping_status":"closed","sticky":false,"template":"","format":"standard","meta":{"om_disable_all_campaigns":false,"_monsterinsights_skip_tracking":false,"_monsterinsights_sitenote_active":false,"_monsterinsights_sitenote_note":"","_monsterinsights_sitenote_category":0},"categories":[4],"tags":[],"aioseo_notices":[],"gutentor_comment":0,"rttpg_featured_image_url":{"full":["https:\/\/arantv.az\/wp-content\/uploads\/2025\/01\/c927fafeebbaa1a2964756619801d742.jpg",870,500,false],"landscape":["https:\/\/arantv.az\/wp-content\/uploads\/2025\/01\/c927fafeebbaa1a2964756619801d742.jpg",870,500,false],"portraits":["https:\/\/arantv.az\/wp-content\/uploads\/2025\/01\/c927fafeebbaa1a2964756619801d742.jpg",870,500,false],"thumbnail":["https:\/\/arantv.az\/wp-content\/uploads\/2025\/01\/c927fafeebbaa1a2964756619801d742-500x280.jpg",500,280,true],"medium":["https:\/\/arantv.az\/wp-content\/uploads\/2025\/01\/c927fafeebbaa1a2964756619801d742-635x365.jpg",635,365,true],"large":["https:\/\/arantv.az\/wp-content\/uploads\/2025\/01\/c927fafeebbaa1a2964756619801d742-840x483.jpg",640,368,true],"1536x1536":["https:\/\/arantv.az\/wp-content\/uploads\/2025\/01\/c927fafeebbaa1a2964756619801d742.jpg",870,500,false],"2048x2048":["https:\/\/arantv.az\/wp-content\/uploads\/2025\/01\/c927fafeebbaa1a2964756619801d742.jpg",870,500,false],"post-thumbnail":["https:\/\/arantv.az\/wp-content\/uploads\/2025\/01\/c927fafeebbaa1a2964756619801d742-240x172.jpg",240,172,true],"advps-thumb-one":["https:\/\/arantv.az\/wp-content\/uploads\/2025\/01\/c927fafeebbaa1a2964756619801d742.jpg",870,500,false]},"rttpg_author":{"display_name":"V\u00fcsal Rafiqo\u011flu","author_link":"https:\/\/arantv.az\/?author=2"},"rttpg_comment":0,"rttpg_category":"<a href=\"https:\/\/arantv.az\/?cat=4\" rel=\"category\">Siyas\u0259t<\/a>","rttpg_excerpt":"Fransa Prezidentinin Az\u0259rbaycana qar\u015f\u0131 s\u0259sl\u0259ndirdiyi n\u00f6vb\u0259ti \u0259sass\u0131z iddialar\u0131 v\u0259 real faktlar\u0131 t\u0259hrif ed\u0259n t\u0259xribat dolu a\u00e7\u0131qlamalar\u0131 q\u0259buledilm\u0259zdir. ARANTV.AZ \u00a0x\u0259b\u0259r verir ki, bu Az\u0259rbaycan\u0131n Xarici \u0130\u015fl\u0259r Nazirliyinin M\u0259tbuat katibi Ayxan Hac\u0131zad\u0259nin Fransa Prezidentinin s\u0259firl\u0259r konfrans\u0131nda Az\u0259rbaycan \u0259leyhin\u0259 s\u0259sl\u0259ndirdiyi iddialar\u0131 bar\u0259d\u0259 median\u0131n sual\u0131na cavab\u0131nda \u0259ksini tap\u0131b. &#8220;Maraql\u0131d\u0131r ki, \u00f6z\u00fcn\u00fc beyn\u0259lxalq h\u00fcququn m\u00fcdafi\u0259\u00e7isi kimi t\u0259qdim ed\u0259n Fransa he\u00e7&hellip;","_links":{"self":[{"href":"https:\/\/arantv.az\/index.php?rest_route=\/wp\/v2\/posts\/779281"}],"collection":[{"href":"https:\/\/arantv.az\/index.php?rest_route=\/wp\/v2\/posts"}],"about":[{"href":"https:\/\/arantv.az\/index.php?rest_route=\/wp\/v2\/types\/post"}],"author":[{"embeddable":true,"href":"https:\/\/arantv.az\/index.php?rest_route=\/wp\/v2\/users\/2"}],"replies":[{"embeddable":true,"href":"https:\/\/arantv.az\/index.php?rest_route=%2Fwp%2Fv2%2Fcomments&post=779281"}],"version-history":[{"count":1,"href":"https:\/\/arantv.az\/index.php?rest_route=\/wp\/v2\/posts\/779281\/revisions"}],"predecessor-version":[{"id":779283,"href":"https:\/\/arantv.az\/index.php?rest_route=\/wp\/v2\/posts\/779281\/revisions\/779283"}],"wp:featuredmedia":[{"embeddable":true,"href":"https:\/\/arantv.az\/index.php?rest_route=\/wp\/v2\/media\/779282"}],"wp:attachment":[{"href":"https:\/\/arantv.az\/index.php?rest_route=%2Fwp%2Fv2%2Fmedia&parent=779281"}],"wp:term":[{"taxonomy":"category","embeddable":true,"href":"https:\/\/arantv.az\/index.php?rest_route=%2Fwp%2Fv2%2Fcategories&post=779281"},{"taxonomy":"post_tag","embeddable":true,"href":"https:\/\/arantv.az\/index.php?rest_route=%2Fwp%2Fv2%2Ftags&post=779281"}],"curies":[{"name":"wp","href":"https:\/\/api.w.org\/{rel}","templated":true}]}}