{"id":779532,"date":"2025-01-07T21:57:19","date_gmt":"2025-01-07T17:57:19","guid":{"rendered":"https:\/\/arantv.az\/?p=779532"},"modified":"2025-01-07T21:57:19","modified_gmt":"2025-01-07T17:57:19","slug":"az%c9%99rbaycan-prezidenti-ilham-%c9%99liyevin-yerli-televiziya-kanallarina-musahib%c9%99si-canli-yayim","status":"publish","type":"post","link":"https:\/\/arantv.az\/?p=779532","title":{"rendered":"Az\u0259rbaycan Prezidenti \u0130lham \u018fliyevin yerli televiziya kanallar\u0131na m\u00fcsahib\u0259si &#8211; CANLI YAYIM"},"content":{"rendered":"<p>Az\u0259rbaycan Respublikas\u0131n\u0131n Prezidenti \u0130lham \u018fliyev 7 yanvar tarixind\u0259 yerli televiziya kanallar\u0131na geni\u015f m\u00fcsahib\u0259 verib.<\/p>\n<p><strong>ARANTV.AZ <\/strong>\u00a0x\u0259b\u0259r verir ki, bu bar\u0259d\u0259 Prezidentin M\u0259tbuat Xidm\u0259ti m\u0259lumat yay\u0131b.<\/p>\n<p>M\u00fcsahib\u0259 zaman\u0131 d\u00f6vl\u0259t ba\u015f\u00e7\u0131s\u0131 \u00f6lk\u0259d\u0259ki cari siyasi, iqtisadi v\u0259 sosial m\u0259s\u0259l\u0259l\u0259r, el\u0259c\u0259 d\u0259 beyn\u0259lxalq arenada Az\u0259rbaycan\u0131n m\u00f6vqeyi il\u0259 ba\u011fl\u0131 bir s\u0131ra m\u00fch\u00fcm m\u0259qamlara toxunub.<\/p>\n<p>\u00d6lk\u0259 ba\u015f\u00e7\u0131s\u0131n\u0131n s\u00f6z\u00fcged\u0259n m\u00fcsahib\u0259sini canl\u0131 olaraq t\u0259qdim edirik.<\/p>\n<p><strong>Musavat.com<\/strong><\/p>\n<p><strong><iframe src=\"https:\/\/www.facebook.com\/plugins\/video.php?height=314&amp;href=https%3A%2F%2Fwww.facebook.com%2Faztvresmi%2Fvideos%2F611439491567834%2F&amp;show_text=false&amp;width=560&amp;t=0\" frameborder=\"0\" scrolling=\"no\" allowfullscreen=\"allowfullscreen\" data-mce-fragment=\"1\"><\/iframe><\/strong><\/p>\n<div><img class=\"img-responsive\" title=\"\" src=\"https:\/\/qafqazinfo.az\/uploads\/1736259075\/p1.jpg\" alt=\"\" \/><br \/>\n<img class=\"img-responsive\" title=\"\" src=\"https:\/\/qafqazinfo.az\/uploads\/1736259075\/p2.jpg\" alt=\"\" \/><br \/>\n<img class=\"img-responsive\" title=\"\" src=\"https:\/\/qafqazinfo.az\/uploads\/1736259095\/p6.jpg\" alt=\"\" \/><br \/>\n<img class=\"img-responsive\" title=\"\" src=\"https:\/\/qafqazinfo.az\/uploads\/1736259095\/p4.jpg\" alt=\"\" \/><br \/>\n<img class=\"img-responsive\" title=\"\" src=\"https:\/\/qafqazinfo.az\/uploads\/1736259112\/p8.jpg\" alt=\"\" \/><br \/>\n<img class=\"img-responsive\" title=\"\" src=\"https:\/\/qafqazinfo.az\/uploads\/1736259112\/p12.jpg\" alt=\"\" \/><br \/>\n<img class=\"img-responsive\" title=\"\" src=\"https:\/\/qafqazinfo.az\/uploads\/1736259112\/p11.jpg\" alt=\"\" \/><br \/>\n<img class=\"img-responsive\" title=\"\" src=\"https:\/\/qafqazinfo.az\/uploads\/1736259112\/p10.jpg\" alt=\"\" \/><br \/>\n<img class=\"img-responsive\" title=\"\" src=\"https:\/\/qafqazinfo.az\/uploads\/1736259112\/p9.jpg\" alt=\"\" \/><\/div>\n","protected":false},"excerpt":{"rendered":"<p>Az\u0259rbaycan Respublikas\u0131n\u0131n Prezidenti \u0130lham \u018fliyev 7 yanvar tarixind\u0259 yerli televiziya kanallar\u0131na geni\u015f m\u00fcsahib\u0259 verib. ARANTV.AZ \u00a0x\u0259b\u0259r verir ki, bu bar\u0259d\u0259 Prezidentin M\u0259tbuat Xidm\u0259ti m\u0259lumat yay\u0131b. M\u00fcsahib\u0259 zaman\u0131 d\u00f6vl\u0259t ba\u015f\u00e7\u0131s\u0131 \u00f6lk\u0259d\u0259ki cari siyasi, iqtisadi v\u0259 sosial m\u0259s\u0259l\u0259l\u0259r, el\u0259c\u0259 d\u0259 beyn\u0259lxalq arenada Az\u0259rbaycan\u0131n m\u00f6vqeyi il\u0259 ba\u011fl\u0131 bir s\u0131ra m\u00fch\u00fcm m\u0259qamlara toxunub. \u00d6lk\u0259 ba\u015f\u00e7\u0131s\u0131n\u0131n s\u00f6z\u00fcged\u0259n m\u00fcsahib\u0259sini canl\u0131 olaraq t\u0259qdim edirik. Musavat.com<\/p>\n","protected":false},"author":2,"featured_media":779533,"comment_status":"closed","ping_status":"closed","sticky":false,"template":"","format":"standard","meta":{"om_disable_all_campaigns":false,"_monsterinsights_skip_tracking":false,"_monsterinsights_sitenote_active":false,"_monsterinsights_sitenote_note":"","_monsterinsights_sitenote_category":0},"categories":[4],"tags":[],"aioseo_notices":[],"gutentor_comment":0,"rttpg_featured_image_url":{"full":["https:\/\/arantv.az\/wp-content\/uploads\/2025\/01\/63a0f42977037531662daffad5acc616-1.jpg",850,500,false],"landscape":["https:\/\/arantv.az\/wp-content\/uploads\/2025\/01\/63a0f42977037531662daffad5acc616-1.jpg",850,500,false],"portraits":["https:\/\/arantv.az\/wp-content\/uploads\/2025\/01\/63a0f42977037531662daffad5acc616-1.jpg",850,500,false],"thumbnail":["https:\/\/arantv.az\/wp-content\/uploads\/2025\/01\/63a0f42977037531662daffad5acc616-1-500x280.jpg",500,280,true],"medium":["https:\/\/arantv.az\/wp-content\/uploads\/2025\/01\/63a0f42977037531662daffad5acc616-1-621x365.jpg",621,365,true],"large":["https:\/\/arantv.az\/wp-content\/uploads\/2025\/01\/63a0f42977037531662daffad5acc616-1-840x494.jpg",640,376,true],"1536x1536":["https:\/\/arantv.az\/wp-content\/uploads\/2025\/01\/63a0f42977037531662daffad5acc616-1.jpg",850,500,false],"2048x2048":["https:\/\/arantv.az\/wp-content\/uploads\/2025\/01\/63a0f42977037531662daffad5acc616-1.jpg",850,500,false],"post-thumbnail":["https:\/\/arantv.az\/wp-content\/uploads\/2025\/01\/63a0f42977037531662daffad5acc616-1-240x172.jpg",240,172,true],"advps-thumb-one":["https:\/\/arantv.az\/wp-content\/uploads\/2025\/01\/63a0f42977037531662daffad5acc616-1.jpg",850,500,false]},"rttpg_author":{"display_name":"V\u00fcsal Rafiqo\u011flu","author_link":"https:\/\/arantv.az\/?author=2"},"rttpg_comment":0,"rttpg_category":"<a href=\"https:\/\/arantv.az\/?cat=4\" rel=\"category\">Siyas\u0259t<\/a>","rttpg_excerpt":"Az\u0259rbaycan Respublikas\u0131n\u0131n Prezidenti \u0130lham \u018fliyev 7 yanvar tarixind\u0259 yerli televiziya kanallar\u0131na geni\u015f m\u00fcsahib\u0259 verib. ARANTV.AZ \u00a0x\u0259b\u0259r verir ki, bu bar\u0259d\u0259 Prezidentin M\u0259tbuat Xidm\u0259ti m\u0259lumat yay\u0131b. M\u00fcsahib\u0259 zaman\u0131 d\u00f6vl\u0259t ba\u015f\u00e7\u0131s\u0131 \u00f6lk\u0259d\u0259ki cari siyasi, iqtisadi v\u0259 sosial m\u0259s\u0259l\u0259l\u0259r, el\u0259c\u0259 d\u0259 beyn\u0259lxalq arenada Az\u0259rbaycan\u0131n m\u00f6vqeyi il\u0259 ba\u011fl\u0131 bir s\u0131ra m\u00fch\u00fcm m\u0259qamlara toxunub. \u00d6lk\u0259 ba\u015f\u00e7\u0131s\u0131n\u0131n s\u00f6z\u00fcged\u0259n m\u00fcsahib\u0259sini canl\u0131 olaraq&hellip;","_links":{"self":[{"href":"https:\/\/arantv.az\/index.php?rest_route=\/wp\/v2\/posts\/779532"}],"collection":[{"href":"https:\/\/arantv.az\/index.php?rest_route=\/wp\/v2\/posts"}],"about":[{"href":"https:\/\/arantv.az\/index.php?rest_route=\/wp\/v2\/types\/post"}],"author":[{"embeddable":true,"href":"https:\/\/arantv.az\/index.php?rest_route=\/wp\/v2\/users\/2"}],"replies":[{"embeddable":true,"href":"https:\/\/arantv.az\/index.php?rest_route=%2Fwp%2Fv2%2Fcomments&post=779532"}],"version-history":[{"count":2,"href":"https:\/\/arantv.az\/index.php?rest_route=\/wp\/v2\/posts\/779532\/revisions"}],"predecessor-version":[{"id":779535,"href":"https:\/\/arantv.az\/index.php?rest_route=\/wp\/v2\/posts\/779532\/revisions\/779535"}],"wp:featuredmedia":[{"embeddable":true,"href":"https:\/\/arantv.az\/index.php?rest_route=\/wp\/v2\/media\/779533"}],"wp:attachment":[{"href":"https:\/\/arantv.az\/index.php?rest_route=%2Fwp%2Fv2%2Fmedia&parent=779532"}],"wp:term":[{"taxonomy":"category","embeddable":true,"href":"https:\/\/arantv.az\/index.php?rest_route=%2Fwp%2Fv2%2Fcategories&post=779532"},{"taxonomy":"post_tag","embeddable":true,"href":"https:\/\/arantv.az\/index.php?rest_route=%2Fwp%2Fv2%2Ftags&post=779532"}],"curies":[{"name":"wp","href":"https:\/\/api.w.org\/{rel}","templated":true}]}}