{"id":779536,"date":"2025-01-07T21:58:40","date_gmt":"2025-01-07T17:58:40","guid":{"rendered":"https:\/\/arantv.az\/?p=779536"},"modified":"2025-01-07T21:58:40","modified_gmt":"2025-01-07T17:58:40","slug":"amin-m%c9%99mm%c9%99dov-karasev-xarici-dovl%c9%99t-bascisini-t%c9%99hqir-ed%c9%99-bilibs%c9%99-sabah-o-rusiya-r%c9%99hb%c9%99rin%c9%99-d%c9%99-qarsi-bunu-ed%c9%99c%c9%99k","status":"publish","type":"post","link":"https:\/\/arantv.az\/?p=779536","title":{"rendered":"Amin M\u0259mm\u0259dov: Karasev xarici d\u00f6vl\u0259t ba\u015f\u00e7\u0131s\u0131n\u0131 t\u0259hqir ed\u0259 bilibs\u0259, sabah o, Rusiya r\u0259hb\u0259rin\u0259 d\u0259 qar\u015f\u0131 bunu ed\u0259c\u0259k"},"content":{"rendered":"<p>\u018fg\u0259r Vladimir Karasev he\u00e7 bir n\u0259tic\u0259 il\u0259 \u00fczl\u0259\u015fm\u0259d\u0259n xarici d\u00f6vl\u0259t ba\u015f\u00e7\u0131s\u0131n\u0131 t\u0259hqir ed\u0259 bilirs\u0259, onun Rusiya r\u0259hb\u0259rliyin\u0259 d\u0259 qar\u015f\u0131 bel\u0259 \u00fcnsiyy\u0259t t\u0259rzind\u0259n istifad\u0259 ed\u0259c\u0259yi g\u00fcn\u00fcn uzaqda olmad\u0131\u011f\u0131n\u0131 ehtimal etm\u0259k olar.<\/p>\n<p>\u201cReport\u201d x\u0259b\u0259r verir ki, bunu Az\u0259rbaycan\u0131n Ekologiya v\u0259 T\u0259bii S\u0259rv\u0259tl\u0259r Nazirliyi yan\u0131nda \u0130ctimai \u015euran\u0131n s\u0259dri Amin M\u0259mm\u0259dov Rusiya Federasiyas\u0131n\u0131n \u0130ctimai Palatas\u0131n\u0131n Koordinasiya \u015euras\u0131n\u0131n \u00fczv\u00fc, politoloq Vladimir Karasevin s\u00f6zl\u0259rin\u0259 m\u00fcnasib\u0259t bildir\u0259rk\u0259n deyib.<\/p>\n<p>&#8220;Bu, \u0130lham \u018fliyevin AZAL-a m\u0259xsus s\u0259rni\u015fin t\u0259yyar\u0259sinin Qrozn\u0131 s\u0259mas\u0131nda q\u0259zaya u\u011framas\u0131nda Rusiyan\u0131n \u0259li oldu\u011funu b\u0259yan etm\u0259sind\u0259n sonra ba\u015f verib. \u018fg\u0259r Rusiya Federasiyas\u0131n\u0131n \u0130ctimai Palatas\u0131 bu \u00e7\u0131x\u0131\u015f\u0131 \u00f6z etik normalar\u0131na uy\u011fun hesab edirs\u0259, onun haz\u0131rda hans\u0131 s\u0259viyy\u0259d\u0259 oldu\u011fu ayd\u0131nd\u0131r&#8221;, &#8211; A.M\u0259mm\u0259dov qeyd edib.<\/p>\n<p>O bildirib ki, t\u0259\u0259ss\u00fcf ki, m\u00fcasir Rusiyada ictimai \u015f\u0259xsl\u0259rin v\u0259 y\u00fcks\u0259k sosial statuslu insanlar\u0131n kobud v\u0259 t\u0259hqiramiz ritorikadan istifad\u0259 etm\u0259si getdikc\u0259 geni\u015f yay\u0131l\u0131r.<\/p>\n<p>Onun s\u00f6zl\u0259rin\u0259 g\u00f6r\u0259, \u0259vv\u0259ll\u0259r Rusiyan\u0131n ictimai xadiml\u0259ri y\u00fcks\u0259k m\u0259d\u0259niyy\u0259t v\u0259 \u0259xlaqi prinsipl\u0259r n\u00f6qteyi-n\u0259z\u0259rind\u0259n \u00f6rn\u0259k olub, lakin t\u0259\u0259ss\u00fcf ki, bu g\u00fcn bu keyfiyy\u0259tl\u0259r itirilir. AZAL t\u0259yyar\u0259si haqq\u0131nda is\u0259 Vladimir Karasev kimi m\u0259d\u0259ni d\u0259y\u0259rl\u0259rd\u0259n uzaq olan insan m\u00fchakim\u0259 y\u00fcr\u00fcd\u00fcr\u201d, &#8211; A.M\u0259mm\u0259dov sonda bildirib.<\/p>\n<p>Qeyd ed\u0259k ki, Rusiya Federasiyas\u0131n\u0131n \u0130ctimai Palatas\u0131n\u0131n Koordinasiya \u015euras\u0131n\u0131n \u00fczv\u00fc, politoloq Vladimir Karasev Az\u0259rbaycan Prezidenti \u0130lham \u018fliyevin \u00fcnvan\u0131na t\u0259hqiramiz ifad\u0259l\u0259r i\u015fl\u0259dib.<\/p>\n","protected":false},"excerpt":{"rendered":"<p>\u018fg\u0259r Vladimir Karasev he\u00e7 bir n\u0259tic\u0259 il\u0259 \u00fczl\u0259\u015fm\u0259d\u0259n xarici d\u00f6vl\u0259t ba\u015f\u00e7\u0131s\u0131n\u0131 t\u0259hqir ed\u0259 bilirs\u0259, onun Rusiya r\u0259hb\u0259rliyin\u0259 d\u0259 qar\u015f\u0131 bel\u0259 \u00fcnsiyy\u0259t t\u0259rzind\u0259n istifad\u0259 ed\u0259c\u0259yi g\u00fcn\u00fcn uzaqda olmad\u0131\u011f\u0131n\u0131 ehtimal etm\u0259k olar. \u201cReport\u201d x\u0259b\u0259r verir ki, bunu Az\u0259rbaycan\u0131n Ekologiya v\u0259 T\u0259bii S\u0259rv\u0259tl\u0259r Nazirliyi yan\u0131nda \u0130ctimai \u015euran\u0131n s\u0259dri Amin M\u0259mm\u0259dov Rusiya Federasiyas\u0131n\u0131n \u0130ctimai Palatas\u0131n\u0131n Koordinasiya \u015euras\u0131n\u0131n \u00fczv\u00fc, politoloq Vladimir Karasevin s\u00f6zl\u0259rin\u0259 m\u00fcnasib\u0259t bildir\u0259rk\u0259n deyib. &#8220;Bu, \u0130lham \u018fliyevin AZAL-a m\u0259xsus s\u0259rni\u015fin t\u0259yyar\u0259sinin Qrozn\u0131 s\u0259mas\u0131nda q\u0259zaya u\u011framas\u0131nda Rusiyan\u0131n \u0259li oldu\u011funu b\u0259yan etm\u0259sind\u0259n sonra ba\u015f verib. \u018fg\u0259r Rusiya Federasiyas\u0131n\u0131n \u0130ctimai Palatas\u0131 bu \u00e7\u0131x\u0131\u015f\u0131 \u00f6z etik normalar\u0131na&hellip;<\/p>\n","protected":false},"author":2,"featured_media":779537,"comment_status":"closed","ping_status":"closed","sticky":false,"template":"","format":"standard","meta":{"om_disable_all_campaigns":false,"_monsterinsights_skip_tracking":false,"_monsterinsights_sitenote_active":false,"_monsterinsights_sitenote_note":"","_monsterinsights_sitenote_category":0},"categories":[1],"tags":[],"aioseo_notices":[],"gutentor_comment":0,"rttpg_featured_image_url":{"full":["https:\/\/arantv.az\/wp-content\/uploads\/2025\/01\/e59dd8421c08305f087c20f58a4b94cf.jpg",850,500,false],"landscape":["https:\/\/arantv.az\/wp-content\/uploads\/2025\/01\/e59dd8421c08305f087c20f58a4b94cf.jpg",850,500,false],"portraits":["https:\/\/arantv.az\/wp-content\/uploads\/2025\/01\/e59dd8421c08305f087c20f58a4b94cf.jpg",850,500,false],"thumbnail":["https:\/\/arantv.az\/wp-content\/uploads\/2025\/01\/e59dd8421c08305f087c20f58a4b94cf-500x280.jpg",500,280,true],"medium":["https:\/\/arantv.az\/wp-content\/uploads\/2025\/01\/e59dd8421c08305f087c20f58a4b94cf-621x365.jpg",621,365,true],"large":["https:\/\/arantv.az\/wp-content\/uploads\/2025\/01\/e59dd8421c08305f087c20f58a4b94cf-840x494.jpg",640,376,true],"1536x1536":["https:\/\/arantv.az\/wp-content\/uploads\/2025\/01\/e59dd8421c08305f087c20f58a4b94cf.jpg",850,500,false],"2048x2048":["https:\/\/arantv.az\/wp-content\/uploads\/2025\/01\/e59dd8421c08305f087c20f58a4b94cf.jpg",850,500,false],"post-thumbnail":["https:\/\/arantv.az\/wp-content\/uploads\/2025\/01\/e59dd8421c08305f087c20f58a4b94cf-240x172.jpg",240,172,true],"advps-thumb-one":["https:\/\/arantv.az\/wp-content\/uploads\/2025\/01\/e59dd8421c08305f087c20f58a4b94cf.jpg",850,500,false]},"rttpg_author":{"display_name":"V\u00fcsal Rafiqo\u011flu","author_link":"https:\/\/arantv.az\/?author=2"},"rttpg_comment":0,"rttpg_category":"<a href=\"https:\/\/arantv.az\/?cat=1\" rel=\"category\">C\u0259miyy\u0259t<\/a>","rttpg_excerpt":"\u018fg\u0259r Vladimir Karasev he\u00e7 bir n\u0259tic\u0259 il\u0259 \u00fczl\u0259\u015fm\u0259d\u0259n xarici d\u00f6vl\u0259t ba\u015f\u00e7\u0131s\u0131n\u0131 t\u0259hqir ed\u0259 bilirs\u0259, onun Rusiya r\u0259hb\u0259rliyin\u0259 d\u0259 qar\u015f\u0131 bel\u0259 \u00fcnsiyy\u0259t t\u0259rzind\u0259n istifad\u0259 ed\u0259c\u0259yi g\u00fcn\u00fcn uzaqda olmad\u0131\u011f\u0131n\u0131 ehtimal etm\u0259k olar. \u201cReport\u201d x\u0259b\u0259r verir ki, bunu Az\u0259rbaycan\u0131n Ekologiya v\u0259 T\u0259bii S\u0259rv\u0259tl\u0259r Nazirliyi yan\u0131nda \u0130ctimai \u015euran\u0131n s\u0259dri Amin M\u0259mm\u0259dov Rusiya Federasiyas\u0131n\u0131n \u0130ctimai Palatas\u0131n\u0131n Koordinasiya \u015euras\u0131n\u0131n \u00fczv\u00fc, politoloq&hellip;","_links":{"self":[{"href":"https:\/\/arantv.az\/index.php?rest_route=\/wp\/v2\/posts\/779536"}],"collection":[{"href":"https:\/\/arantv.az\/index.php?rest_route=\/wp\/v2\/posts"}],"about":[{"href":"https:\/\/arantv.az\/index.php?rest_route=\/wp\/v2\/types\/post"}],"author":[{"embeddable":true,"href":"https:\/\/arantv.az\/index.php?rest_route=\/wp\/v2\/users\/2"}],"replies":[{"embeddable":true,"href":"https:\/\/arantv.az\/index.php?rest_route=%2Fwp%2Fv2%2Fcomments&post=779536"}],"version-history":[{"count":2,"href":"https:\/\/arantv.az\/index.php?rest_route=\/wp\/v2\/posts\/779536\/revisions"}],"predecessor-version":[{"id":779539,"href":"https:\/\/arantv.az\/index.php?rest_route=\/wp\/v2\/posts\/779536\/revisions\/779539"}],"wp:featuredmedia":[{"embeddable":true,"href":"https:\/\/arantv.az\/index.php?rest_route=\/wp\/v2\/media\/779537"}],"wp:attachment":[{"href":"https:\/\/arantv.az\/index.php?rest_route=%2Fwp%2Fv2%2Fmedia&parent=779536"}],"wp:term":[{"taxonomy":"category","embeddable":true,"href":"https:\/\/arantv.az\/index.php?rest_route=%2Fwp%2Fv2%2Fcategories&post=779536"},{"taxonomy":"post_tag","embeddable":true,"href":"https:\/\/arantv.az\/index.php?rest_route=%2Fwp%2Fv2%2Ftags&post=779536"}],"curies":[{"name":"wp","href":"https:\/\/api.w.org\/{rel}","templated":true}]}}