{"id":779548,"date":"2025-01-08T07:52:31","date_gmt":"2025-01-08T03:52:31","guid":{"rendered":"https:\/\/arantv.az\/?p=779548"},"modified":"2025-01-08T07:52:31","modified_gmt":"2025-01-08T03:52:31","slug":"aygun-b%c9%99yl%c9%99r-ovladini-ozu-ucun-dunyaya-g%c9%99tirdi","status":"publish","type":"post","link":"https:\/\/arantv.az\/?p=779548","title":{"rendered":"&#8220;Ayg\u00fcn B\u0259yl\u0259r \u00f6vlad\u0131n\u0131 \u00f6z\u00fc \u00fc\u00e7\u00fcn d\u00fcnyaya g\u0259tirdi&#8221;"},"content":{"rendered":"<div class=\"text-content\" data-id=\"\" data-url=\"\">\n<p>&#8220;Bu d\u00fcnyadan incimi\u015fdi. \u018fziyy\u0259t \u00e7\u0259kirdi. N\u0259 q\u0259d\u0259r g\u00f6z ya\u015f\u0131 t\u00f6kd\u00fc. Onun ana oldu\u011fu vaxtlar m\u0259nim yad\u0131mdad\u0131r. O n\u0259l\u0259r \u00e7\u0259kdi! Bir adam onun d\u0259rdini e\u015fitm\u0259di, g\u00f6rm\u0259di. He\u00e7 kimd\u0259n d\u0259 \u0259l a\u00e7\u0131b k\u00f6m\u0259k ist\u0259m\u0259di. Ona sad\u0259c\u0259 pul yox m\u0259n\u0259vi d\u0259st\u0259k d\u0259 edilm\u0259di&#8221;.<\/p>\n<p>Bu s\u00f6zl\u0259ri Xalq artisti Flora K\u0259rimova m\u0259rhum \u018fm\u0259kdar artist Ayg\u00fcn B\u0259yl\u0259rd\u0259n dan\u0131\u015fark\u0259n deyib.<\/p>\n<p>O, Ayg\u00fcn\u00fcn q\u0131z\u0131 Canan\u0131 d\u00fcnyaya g\u0259tirm\u0259sind\u0259n dan\u0131\u015f\u0131b.<\/p>\n<p>S\u0259n\u0259t\u00e7i xan\u0259nd\u0259nin q\u0131z\u0131n\u0131 \u00f6z\u00fcnd\u0259n sonra bir ni\u015fan\u0259 qoymaq \u00fc\u00e7\u00fcn d\u00fcnyaya g\u0259tirdiyini vur\u011fulay\u0131b:<\/p>\n<p>&#8220;O \u00f6vlad\u0131n\u0131 \u00f6z\u00fc \u00fc\u00e7\u00fcn d\u00fcnyaya g\u0259tirdi. Bir d\u0259f\u0259 biz onunla G\u0259nc\u0259y\u0259 gedirdik. \u00dcz\u00fc, \u0259li-aya\u011f\u0131 \u015fi\u015f v\u0259ziyy\u0259td\u0259 idi. Dedim Ayg\u00fcn bel\u0259 olmaz ax\u0131! S\u0259n bu u\u015fa\u011f\u0131 d\u00fcnyaya g\u0259tir\u0259nd\u0259 \u00e7\u0259tin olacaq. M\u0259n genekoloqam bilir\u0259m. Dedi ki Flora xan\u0131m \u00f6vlad ist\u0259yir\u0259m. \u00d6ls\u0259m d\u0259 \u00f6vlad\u0131m olsun. M\u0259nd\u0259n ni\u015fan, bir can qals\u0131n. M\u0259nim mahn\u0131lar\u0131m onun varl\u0131\u011f\u0131nda ya\u015fas\u0131n&#8221;. (baku.ws)<\/p>\n<\/div>\n<div><\/div>\n<div><\/div>\n<div class=\"inner-social-box\">\n<div class=\"subs-in-social subs-whatsapp\"><\/div>\n<\/div>\n","protected":false},"excerpt":{"rendered":"<p>&#8220;Bu d\u00fcnyadan incimi\u015fdi. \u018fziyy\u0259t \u00e7\u0259kirdi. N\u0259 q\u0259d\u0259r g\u00f6z ya\u015f\u0131 t\u00f6kd\u00fc. Onun ana oldu\u011fu vaxtlar m\u0259nim yad\u0131mdad\u0131r. O n\u0259l\u0259r \u00e7\u0259kdi! Bir adam onun d\u0259rdini e\u015fitm\u0259di, g\u00f6rm\u0259di. He\u00e7 kimd\u0259n d\u0259 \u0259l a\u00e7\u0131b k\u00f6m\u0259k ist\u0259m\u0259di. Ona sad\u0259c\u0259 pul yox m\u0259n\u0259vi d\u0259st\u0259k d\u0259 edilm\u0259di&#8221;. Bu s\u00f6zl\u0259ri Xalq artisti Flora K\u0259rimova m\u0259rhum \u018fm\u0259kdar artist Ayg\u00fcn B\u0259yl\u0259rd\u0259n dan\u0131\u015fark\u0259n deyib. O, Ayg\u00fcn\u00fcn q\u0131z\u0131 Canan\u0131 d\u00fcnyaya g\u0259tirm\u0259sind\u0259n dan\u0131\u015f\u0131b. S\u0259n\u0259t\u00e7i xan\u0259nd\u0259nin q\u0131z\u0131n\u0131 \u00f6z\u00fcnd\u0259n sonra bir ni\u015fan\u0259 qoymaq \u00fc\u00e7\u00fcn d\u00fcnyaya g\u0259tirdiyini vur\u011fulay\u0131b: &#8220;O \u00f6vlad\u0131n\u0131 \u00f6z\u00fc \u00fc\u00e7\u00fcn d\u00fcnyaya g\u0259tirdi. Bir d\u0259f\u0259 biz onunla G\u0259nc\u0259y\u0259 gedirdik. \u00dcz\u00fc, \u0259li-aya\u011f\u0131 \u015fi\u015f v\u0259ziyy\u0259td\u0259 idi. Dedim&hellip;<\/p>\n","protected":false},"author":2,"featured_media":779549,"comment_status":"closed","ping_status":"closed","sticky":false,"template":"","format":"standard","meta":{"om_disable_all_campaigns":false,"_monsterinsights_skip_tracking":false,"_monsterinsights_sitenote_active":false,"_monsterinsights_sitenote_note":"","_monsterinsights_sitenote_category":0},"categories":[20],"tags":[],"aioseo_notices":[],"gutentor_comment":0,"rttpg_featured_image_url":{"full":["https:\/\/arantv.az\/wp-content\/uploads\/2025\/01\/db8e631caf7b8de0c8cba8a6941a0741.jpg",800,500,false],"landscape":["https:\/\/arantv.az\/wp-content\/uploads\/2025\/01\/db8e631caf7b8de0c8cba8a6941a0741.jpg",800,500,false],"portraits":["https:\/\/arantv.az\/wp-content\/uploads\/2025\/01\/db8e631caf7b8de0c8cba8a6941a0741.jpg",800,500,false],"thumbnail":["https:\/\/arantv.az\/wp-content\/uploads\/2025\/01\/db8e631caf7b8de0c8cba8a6941a0741-500x280.jpg",500,280,true],"medium":["https:\/\/arantv.az\/wp-content\/uploads\/2025\/01\/db8e631caf7b8de0c8cba8a6941a0741-584x365.jpg",584,365,true],"large":["https:\/\/arantv.az\/wp-content\/uploads\/2025\/01\/db8e631caf7b8de0c8cba8a6941a0741.jpg",640,400,false],"1536x1536":["https:\/\/arantv.az\/wp-content\/uploads\/2025\/01\/db8e631caf7b8de0c8cba8a6941a0741.jpg",800,500,false],"2048x2048":["https:\/\/arantv.az\/wp-content\/uploads\/2025\/01\/db8e631caf7b8de0c8cba8a6941a0741.jpg",800,500,false],"post-thumbnail":["https:\/\/arantv.az\/wp-content\/uploads\/2025\/01\/db8e631caf7b8de0c8cba8a6941a0741-240x172.jpg",240,172,true],"advps-thumb-one":["https:\/\/arantv.az\/wp-content\/uploads\/2025\/01\/db8e631caf7b8de0c8cba8a6941a0741.jpg",800,500,false]},"rttpg_author":{"display_name":"V\u00fcsal Rafiqo\u011flu","author_link":"https:\/\/arantv.az\/?author=2"},"rttpg_comment":0,"rttpg_category":"<a href=\"https:\/\/arantv.az\/?cat=20\" rel=\"category\">\u015eou biznes<\/a>","rttpg_excerpt":"&#8220;Bu d\u00fcnyadan incimi\u015fdi. \u018fziyy\u0259t \u00e7\u0259kirdi. N\u0259 q\u0259d\u0259r g\u00f6z ya\u015f\u0131 t\u00f6kd\u00fc. Onun ana oldu\u011fu vaxtlar m\u0259nim yad\u0131mdad\u0131r. O n\u0259l\u0259r \u00e7\u0259kdi! Bir adam onun d\u0259rdini e\u015fitm\u0259di, g\u00f6rm\u0259di. He\u00e7 kimd\u0259n d\u0259 \u0259l a\u00e7\u0131b k\u00f6m\u0259k ist\u0259m\u0259di. Ona sad\u0259c\u0259 pul yox m\u0259n\u0259vi d\u0259st\u0259k d\u0259 edilm\u0259di&#8221;. Bu s\u00f6zl\u0259ri Xalq artisti Flora K\u0259rimova m\u0259rhum \u018fm\u0259kdar artist Ayg\u00fcn B\u0259yl\u0259rd\u0259n dan\u0131\u015fark\u0259n deyib. O, Ayg\u00fcn\u00fcn&hellip;","_links":{"self":[{"href":"https:\/\/arantv.az\/index.php?rest_route=\/wp\/v2\/posts\/779548"}],"collection":[{"href":"https:\/\/arantv.az\/index.php?rest_route=\/wp\/v2\/posts"}],"about":[{"href":"https:\/\/arantv.az\/index.php?rest_route=\/wp\/v2\/types\/post"}],"author":[{"embeddable":true,"href":"https:\/\/arantv.az\/index.php?rest_route=\/wp\/v2\/users\/2"}],"replies":[{"embeddable":true,"href":"https:\/\/arantv.az\/index.php?rest_route=%2Fwp%2Fv2%2Fcomments&post=779548"}],"version-history":[{"count":2,"href":"https:\/\/arantv.az\/index.php?rest_route=\/wp\/v2\/posts\/779548\/revisions"}],"predecessor-version":[{"id":779551,"href":"https:\/\/arantv.az\/index.php?rest_route=\/wp\/v2\/posts\/779548\/revisions\/779551"}],"wp:featuredmedia":[{"embeddable":true,"href":"https:\/\/arantv.az\/index.php?rest_route=\/wp\/v2\/media\/779549"}],"wp:attachment":[{"href":"https:\/\/arantv.az\/index.php?rest_route=%2Fwp%2Fv2%2Fmedia&parent=779548"}],"wp:term":[{"taxonomy":"category","embeddable":true,"href":"https:\/\/arantv.az\/index.php?rest_route=%2Fwp%2Fv2%2Fcategories&post=779548"},{"taxonomy":"post_tag","embeddable":true,"href":"https:\/\/arantv.az\/index.php?rest_route=%2Fwp%2Fv2%2Ftags&post=779548"}],"curies":[{"name":"wp","href":"https:\/\/api.w.org\/{rel}","templated":true}]}}