{"id":779555,"date":"2025-01-08T07:54:40","date_gmt":"2025-01-08T03:54:40","guid":{"rendered":"https:\/\/arantv.az\/?p=779555"},"modified":"2025-01-08T07:54:40","modified_gmt":"2025-01-08T03:54:40","slug":"iranin-yeni-paytaxtinin-hara-olacagi-aciqlandi","status":"publish","type":"post","link":"https:\/\/arantv.az\/?p=779555","title":{"rendered":"\u0130ran\u0131n yeni paytaxt\u0131n\u0131n hara olaca\u011f\u0131 a\u00e7\u0131qland\u0131"},"content":{"rendered":"<p>\u0130ran\u0131n yeni paytaxt\u0131n\u0131n hara olaca\u011f\u0131 a\u00e7\u0131qlan\u0131b.<\/p>\n<p>&#8220;Azad \u0130ran&#8221; &#8220;Telegram&#8221; kanal\u0131n\u0131n m\u0259lumat\u0131na g\u00f6r\u0259, bu bar\u0259d\u0259 \u0130ran h\u00f6kum\u0259tinin s\u00f6z\u00e7\u00fcs\u00fc Fatim\u0259 M\u00fchacirani jurnalistl\u0259rl\u0259 birg\u0259 brifinqd\u0259 elan edib.<\/p>\n<p>Onun s\u00f6zl\u0259rin\u0259 g\u00f6r\u0259, \u00f6lk\u0259nin yeni paytaxt\u0131 il\u0259 ba\u011fl\u0131 ara\u015fd\u0131rmalar\u0131n apar\u0131lmas\u0131 m\u0259qs\u0259dil\u0259 iki \u015fura yarad\u0131l\u0131b &#8211; bu \u015furalardan biri paytaxt\u0131n probleml\u0259rini ara\u015fd\u0131racaq, dig\u0259ri is\u0259 d\u0259niz iqtisadiyyat\u0131 \u00fcz\u0259rind\u0259 i\u015fl\u0259y\u0259c\u0259k.<\/p>\n<p>&#8220;M\u0259kran b\u00f6lg\u0259sind\u0259 infrastruktura ehtiyac var, ist\u0259r m\u00fch\u0259ndislik, ist\u0259r sosiologiya, ist\u0259rs\u0259 d\u0259 iqtisadiyyat olsun, b\u00fct\u00fcn ziyal\u0131lar\u0131n, el\u0259c\u0259 d\u0259 ekspertl\u0259rin k\u00f6m\u0259yi laz\u0131md\u0131r. Amma dediyim kimi, yeni paytaxt m\u00fctl\u0259q c\u0259nubda, M\u0259kran b\u00f6lg\u0259sind\u0259 olacaq&#8221;, &#8211; dey\u0259 h\u00f6kum\u0259t s\u00f6z\u00e7\u00fcs\u00fc qeyd edib.<\/p>\n","protected":false},"excerpt":{"rendered":"<p>\u0130ran\u0131n yeni paytaxt\u0131n\u0131n hara olaca\u011f\u0131 a\u00e7\u0131qlan\u0131b. &#8220;Azad \u0130ran&#8221; &#8220;Telegram&#8221; kanal\u0131n\u0131n m\u0259lumat\u0131na g\u00f6r\u0259, bu bar\u0259d\u0259 \u0130ran h\u00f6kum\u0259tinin s\u00f6z\u00e7\u00fcs\u00fc Fatim\u0259 M\u00fchacirani jurnalistl\u0259rl\u0259 birg\u0259 brifinqd\u0259 elan edib. Onun s\u00f6zl\u0259rin\u0259 g\u00f6r\u0259, \u00f6lk\u0259nin yeni paytaxt\u0131 il\u0259 ba\u011fl\u0131 ara\u015fd\u0131rmalar\u0131n apar\u0131lmas\u0131 m\u0259qs\u0259dil\u0259 iki \u015fura yarad\u0131l\u0131b &#8211; bu \u015furalardan biri paytaxt\u0131n probleml\u0259rini ara\u015fd\u0131racaq, dig\u0259ri is\u0259 d\u0259niz iqtisadiyyat\u0131 \u00fcz\u0259rind\u0259 i\u015fl\u0259y\u0259c\u0259k. &#8220;M\u0259kran b\u00f6lg\u0259sind\u0259 infrastruktura ehtiyac var, ist\u0259r m\u00fch\u0259ndislik, ist\u0259r sosiologiya, ist\u0259rs\u0259 d\u0259 iqtisadiyyat olsun, b\u00fct\u00fcn ziyal\u0131lar\u0131n, el\u0259c\u0259 d\u0259 ekspertl\u0259rin k\u00f6m\u0259yi laz\u0131md\u0131r. Amma dediyim kimi, yeni paytaxt m\u00fctl\u0259q c\u0259nubda, M\u0259kran b\u00f6lg\u0259sind\u0259 olacaq&#8221;, &#8211; dey\u0259 h\u00f6kum\u0259t s\u00f6z\u00e7\u00fcs\u00fc qeyd edib.<\/p>\n","protected":false},"author":2,"featured_media":779556,"comment_status":"closed","ping_status":"closed","sticky":false,"template":"","format":"standard","meta":{"om_disable_all_campaigns":false,"_monsterinsights_skip_tracking":false,"_monsterinsights_sitenote_active":false,"_monsterinsights_sitenote_note":"","_monsterinsights_sitenote_category":0},"categories":[7],"tags":[],"aioseo_notices":[],"gutentor_comment":0,"rttpg_featured_image_url":{"full":["https:\/\/arantv.az\/wp-content\/uploads\/2025\/01\/48f5e3b338bc5fb0ec8b7a16da47d0da.png",630,410,false],"landscape":["https:\/\/arantv.az\/wp-content\/uploads\/2025\/01\/48f5e3b338bc5fb0ec8b7a16da47d0da.png",630,410,false],"portraits":["https:\/\/arantv.az\/wp-content\/uploads\/2025\/01\/48f5e3b338bc5fb0ec8b7a16da47d0da.png",630,410,false],"thumbnail":["https:\/\/arantv.az\/wp-content\/uploads\/2025\/01\/48f5e3b338bc5fb0ec8b7a16da47d0da-500x280.png",500,280,true],"medium":["https:\/\/arantv.az\/wp-content\/uploads\/2025\/01\/48f5e3b338bc5fb0ec8b7a16da47d0da-561x365.png",561,365,true],"large":["https:\/\/arantv.az\/wp-content\/uploads\/2025\/01\/48f5e3b338bc5fb0ec8b7a16da47d0da.png",630,410,false],"1536x1536":["https:\/\/arantv.az\/wp-content\/uploads\/2025\/01\/48f5e3b338bc5fb0ec8b7a16da47d0da.png",630,410,false],"2048x2048":["https:\/\/arantv.az\/wp-content\/uploads\/2025\/01\/48f5e3b338bc5fb0ec8b7a16da47d0da.png",630,410,false],"post-thumbnail":["https:\/\/arantv.az\/wp-content\/uploads\/2025\/01\/48f5e3b338bc5fb0ec8b7a16da47d0da-240x172.png",240,172,true],"advps-thumb-one":["https:\/\/arantv.az\/wp-content\/uploads\/2025\/01\/48f5e3b338bc5fb0ec8b7a16da47d0da.png",630,410,false]},"rttpg_author":{"display_name":"V\u00fcsal Rafiqo\u011flu","author_link":"https:\/\/arantv.az\/?author=2"},"rttpg_comment":0,"rttpg_category":"<a href=\"https:\/\/arantv.az\/?cat=7\" rel=\"category\">D\u00fcnya<\/a>","rttpg_excerpt":"\u0130ran\u0131n yeni paytaxt\u0131n\u0131n hara olaca\u011f\u0131 a\u00e7\u0131qlan\u0131b. &#8220;Azad \u0130ran&#8221; &#8220;Telegram&#8221; kanal\u0131n\u0131n m\u0259lumat\u0131na g\u00f6r\u0259, bu bar\u0259d\u0259 \u0130ran h\u00f6kum\u0259tinin s\u00f6z\u00e7\u00fcs\u00fc Fatim\u0259 M\u00fchacirani jurnalistl\u0259rl\u0259 birg\u0259 brifinqd\u0259 elan edib. Onun s\u00f6zl\u0259rin\u0259 g\u00f6r\u0259, \u00f6lk\u0259nin yeni paytaxt\u0131 il\u0259 ba\u011fl\u0131 ara\u015fd\u0131rmalar\u0131n apar\u0131lmas\u0131 m\u0259qs\u0259dil\u0259 iki \u015fura yarad\u0131l\u0131b &#8211; bu \u015furalardan biri paytaxt\u0131n probleml\u0259rini ara\u015fd\u0131racaq, dig\u0259ri is\u0259 d\u0259niz iqtisadiyyat\u0131 \u00fcz\u0259rind\u0259 i\u015fl\u0259y\u0259c\u0259k. &#8220;M\u0259kran b\u00f6lg\u0259sind\u0259 infrastruktura ehtiyac&hellip;","_links":{"self":[{"href":"https:\/\/arantv.az\/index.php?rest_route=\/wp\/v2\/posts\/779555"}],"collection":[{"href":"https:\/\/arantv.az\/index.php?rest_route=\/wp\/v2\/posts"}],"about":[{"href":"https:\/\/arantv.az\/index.php?rest_route=\/wp\/v2\/types\/post"}],"author":[{"embeddable":true,"href":"https:\/\/arantv.az\/index.php?rest_route=\/wp\/v2\/users\/2"}],"replies":[{"embeddable":true,"href":"https:\/\/arantv.az\/index.php?rest_route=%2Fwp%2Fv2%2Fcomments&post=779555"}],"version-history":[{"count":2,"href":"https:\/\/arantv.az\/index.php?rest_route=\/wp\/v2\/posts\/779555\/revisions"}],"predecessor-version":[{"id":779558,"href":"https:\/\/arantv.az\/index.php?rest_route=\/wp\/v2\/posts\/779555\/revisions\/779558"}],"wp:featuredmedia":[{"embeddable":true,"href":"https:\/\/arantv.az\/index.php?rest_route=\/wp\/v2\/media\/779556"}],"wp:attachment":[{"href":"https:\/\/arantv.az\/index.php?rest_route=%2Fwp%2Fv2%2Fmedia&parent=779555"}],"wp:term":[{"taxonomy":"category","embeddable":true,"href":"https:\/\/arantv.az\/index.php?rest_route=%2Fwp%2Fv2%2Fcategories&post=779555"},{"taxonomy":"post_tag","embeddable":true,"href":"https:\/\/arantv.az\/index.php?rest_route=%2Fwp%2Fv2%2Ftags&post=779555"}],"curies":[{"name":"wp","href":"https:\/\/api.w.org\/{rel}","templated":true}]}}