{"id":779559,"date":"2025-01-08T07:55:46","date_gmt":"2025-01-08T03:55:46","guid":{"rendered":"https:\/\/arantv.az\/?p=779559"},"modified":"2025-01-08T07:55:46","modified_gmt":"2025-01-08T03:55:46","slug":"az%c9%99rbaycanda-taninmis-h%c9%99kimin-qizi-%c9%99rini-oldurub-dogradi-d%c9%99hs%c9%99tli-q%c9%99tlin-t%c9%99f%c9%99rruativideo","status":"publish","type":"post","link":"https:\/\/arantv.az\/?p=779559","title":{"rendered":"Az\u0259rbaycanda tan\u0131nm\u0131\u015f h\u0259kimin q\u0131z\u0131 \u0259rini \u00f6ld\u00fcr\u00fcb do\u011frad\u0131 &#8211; D\u0259h\u015f\u0259tli q\u0259tlin T\u018fF\u018fRR\u00dcATIV\u0130DEO"},"content":{"rendered":"<div class=\"text-content\" data-id=\"\" data-url=\"\">\n<p><em><strong>Salyan rayonunun Yeni Uluxanl\u0131 k\u0259ndind\u0259 d\u0259h\u015f\u0259tli q\u0259tl hadis\u0259si ba\u015f verib. 38 ya\u015fl\u0131 M\u0259tan\u0259t H\u00fcseynova h\u0259yat yolda\u015f\u0131 R\u00f6yal H\u00fcseynovu amans\u0131zcas\u0131na q\u0259tl\u0259 yetirib.<\/strong><\/em><\/p>\n<p>Bel\u0259 ki, M\u0259tan\u0259t H\u00fcseynova aralar\u0131nda yaranm\u0131\u015f m\u00fcbahis\u0259 zaman\u0131 R\u00f6yal H\u00fcseynova ov t\u00fcf\u0259ngi il\u0259 at\u0259\u015f a\u00e7araq onun h\u0259yat\u0131na son qoyub.<\/p>\n<p>Cinay\u0259ti \u00f6rt-basd\u0131r etm\u0259k m\u0259qs\u0259dil\u0259 ert\u0259si g\u00fcn meyiti hiss\u0259l\u0259r\u0259 b\u00f6l\u0259r\u0259k yax\u0131nl\u0131qdak\u0131 kollektora at\u0131b.<\/p>\n<p>&#8220;Qarda\u015f\u0131m dekabr\u0131n 17-d\u0259n itkin d\u00fc\u015f\u00fcb, yolda\u015f\u0131 bunu biz\u0259 ay\u0131n 19-u deyib. Polisl\u0259r\u0259 m\u00fcraci\u0259t etdik, tapd\u0131lar. H\u0259yat yolda\u015f\u0131 \u00e7ox yalanlar dan\u0131\u015f\u0131rd\u0131, buna g\u00f6r\u0259 d\u0259 ona inanm\u0131rd\u0131m. \u00dc\u00e7 \u00f6vladlar\u0131 var, bir balas\u0131n\u0131 balaca qarda\u015f\u0131m yan\u0131nda saxlay\u0131r. Aralar\u0131nda m\u00fcnaqi\u015f\u0259 olurdu, dolana bilmirdil\u0259r. O qad\u0131n\u0131n atas\u0131 da q\u0131z\u0131ndan imtina edib&#8221;, &#8211; dey\u0259 m\u0259rhumun qarda\u015f\u0131 jurnalistl\u0259r\u0259 a\u00e7\u0131qlamas\u0131nda s\u00f6yl\u0259yib.<\/p>\n<p>Qeyd ed\u0259k ki, faktla ba\u011fl\u0131 Salyan Rayon Prokurorlu\u011funda Cinay\u0259t M\u0259c\u0259ll\u0259sinin 120.1-ci madd\u0259si (q\u0259sd\u0259n adam \u00f6ld\u00fcrm\u0259) \u00fczr\u0259 cinay\u0259t i\u015fi a\u00e7\u0131l\u0131b. M\u0259tan\u0259t H\u00fcseynova polis \u0259m\u0259kda\u015flar\u0131 t\u0259r\u0259findan saxlan\u0131laraq istintaqa t\u0259hvil verilib v\u0259 Prokurorluq t\u0259r\u0259find\u0259n \u015f\u00fcbh\u0259li \u015f\u0259xs qismind\u0259 tutulub.<\/p>\n<p>M\u0259tan\u0259t H\u00fcseynova v\u0259 iki yeniyetm\u0259 \u00f6vlad\u0131n\u0131n haz\u0131rda polis n\u0259zar\u0259tind\u0259 oldu\u011fu v\u0259 istintaq\u0131n davam etdiyi bildirilir.<\/p>\n<p>\u018ftrafl\u0131 Baku TV-nin s\u00fcjetind\u0259:<\/p>\n<p><iframe title=\"Arvad\u0131 o q\u0259d\u0259r yalan dan\u0131\u015f\u0131rd\u0131 ki\u2026 | M\u0259rhumun qarda\u015f\u0131 t\u00fck\u00fcrp\u0259rd\u0259n q\u0259tld\u0259n dan\u0131\u015fd\u0131\" src=\"https:\/\/www.youtube.com\/embed\/IxipluGbS68\" frameborder=\"0\" allowfullscreen=\"allowfullscreen\" data-mce-fragment=\"1\"><\/iframe><\/p>\n<\/div>\n<div><\/div>\n<div><\/div>\n<div class=\"inner-social-box\">\n<div class=\"subs-in-social subs-whatsapp\"><\/div>\n<\/div>\n","protected":false},"excerpt":{"rendered":"<p>Salyan rayonunun Yeni Uluxanl\u0131 k\u0259ndind\u0259 d\u0259h\u015f\u0259tli q\u0259tl hadis\u0259si ba\u015f verib. 38 ya\u015fl\u0131 M\u0259tan\u0259t H\u00fcseynova h\u0259yat yolda\u015f\u0131 R\u00f6yal H\u00fcseynovu amans\u0131zcas\u0131na q\u0259tl\u0259 yetirib. Bel\u0259 ki, M\u0259tan\u0259t H\u00fcseynova aralar\u0131nda yaranm\u0131\u015f m\u00fcbahis\u0259 zaman\u0131 R\u00f6yal H\u00fcseynova ov t\u00fcf\u0259ngi il\u0259 at\u0259\u015f a\u00e7araq onun h\u0259yat\u0131na son qoyub. Cinay\u0259ti \u00f6rt-basd\u0131r etm\u0259k m\u0259qs\u0259dil\u0259 ert\u0259si g\u00fcn meyiti hiss\u0259l\u0259r\u0259 b\u00f6l\u0259r\u0259k yax\u0131nl\u0131qdak\u0131 kollektora at\u0131b. &#8220;Qarda\u015f\u0131m dekabr\u0131n 17-d\u0259n itkin d\u00fc\u015f\u00fcb, yolda\u015f\u0131 bunu biz\u0259 ay\u0131n 19-u deyib. Polisl\u0259r\u0259 m\u00fcraci\u0259t etdik, tapd\u0131lar. H\u0259yat yolda\u015f\u0131 \u00e7ox yalanlar dan\u0131\u015f\u0131rd\u0131, buna g\u00f6r\u0259 d\u0259 ona inanm\u0131rd\u0131m. \u00dc\u00e7 \u00f6vladlar\u0131 var, bir balas\u0131n\u0131 balaca qarda\u015f\u0131m yan\u0131nda saxlay\u0131r. Aralar\u0131nda m\u00fcnaqi\u015f\u0259 olurdu, dolana&hellip;<\/p>\n","protected":false},"author":2,"featured_media":779560,"comment_status":"closed","ping_status":"closed","sticky":false,"template":"","format":"standard","meta":{"om_disable_all_campaigns":false,"_monsterinsights_skip_tracking":false,"_monsterinsights_sitenote_active":false,"_monsterinsights_sitenote_note":"","_monsterinsights_sitenote_category":0},"categories":[3],"tags":[],"aioseo_notices":[],"gutentor_comment":0,"rttpg_featured_image_url":{"full":["https:\/\/arantv.az\/wp-content\/uploads\/2025\/01\/16cc7c8bca9a09dc330cdea83b4c4cbb.png",632,376,false],"landscape":["https:\/\/arantv.az\/wp-content\/uploads\/2025\/01\/16cc7c8bca9a09dc330cdea83b4c4cbb.png",632,376,false],"portraits":["https:\/\/arantv.az\/wp-content\/uploads\/2025\/01\/16cc7c8bca9a09dc330cdea83b4c4cbb.png",632,376,false],"thumbnail":["https:\/\/arantv.az\/wp-content\/uploads\/2025\/01\/16cc7c8bca9a09dc330cdea83b4c4cbb-500x280.png",500,280,true],"medium":["https:\/\/arantv.az\/wp-content\/uploads\/2025\/01\/16cc7c8bca9a09dc330cdea83b4c4cbb-614x365.png",614,365,true],"large":["https:\/\/arantv.az\/wp-content\/uploads\/2025\/01\/16cc7c8bca9a09dc330cdea83b4c4cbb.png",632,376,false],"1536x1536":["https:\/\/arantv.az\/wp-content\/uploads\/2025\/01\/16cc7c8bca9a09dc330cdea83b4c4cbb.png",632,376,false],"2048x2048":["https:\/\/arantv.az\/wp-content\/uploads\/2025\/01\/16cc7c8bca9a09dc330cdea83b4c4cbb.png",632,376,false],"post-thumbnail":["https:\/\/arantv.az\/wp-content\/uploads\/2025\/01\/16cc7c8bca9a09dc330cdea83b4c4cbb-240x172.png",240,172,true],"advps-thumb-one":["https:\/\/arantv.az\/wp-content\/uploads\/2025\/01\/16cc7c8bca9a09dc330cdea83b4c4cbb.png",632,376,false]},"rttpg_author":{"display_name":"V\u00fcsal Rafiqo\u011flu","author_link":"https:\/\/arantv.az\/?author=2"},"rttpg_comment":0,"rttpg_category":"<a href=\"https:\/\/arantv.az\/?cat=3\" rel=\"category\">Kriminal<\/a>","rttpg_excerpt":"Salyan rayonunun Yeni Uluxanl\u0131 k\u0259ndind\u0259 d\u0259h\u015f\u0259tli q\u0259tl hadis\u0259si ba\u015f verib. 38 ya\u015fl\u0131 M\u0259tan\u0259t H\u00fcseynova h\u0259yat yolda\u015f\u0131 R\u00f6yal H\u00fcseynovu amans\u0131zcas\u0131na q\u0259tl\u0259 yetirib. Bel\u0259 ki, M\u0259tan\u0259t H\u00fcseynova aralar\u0131nda yaranm\u0131\u015f m\u00fcbahis\u0259 zaman\u0131 R\u00f6yal H\u00fcseynova ov t\u00fcf\u0259ngi il\u0259 at\u0259\u015f a\u00e7araq onun h\u0259yat\u0131na son qoyub. Cinay\u0259ti \u00f6rt-basd\u0131r etm\u0259k m\u0259qs\u0259dil\u0259 ert\u0259si g\u00fcn meyiti hiss\u0259l\u0259r\u0259 b\u00f6l\u0259r\u0259k yax\u0131nl\u0131qdak\u0131 kollektora at\u0131b. &#8220;Qarda\u015f\u0131m dekabr\u0131n 17-d\u0259n&hellip;","_links":{"self":[{"href":"https:\/\/arantv.az\/index.php?rest_route=\/wp\/v2\/posts\/779559"}],"collection":[{"href":"https:\/\/arantv.az\/index.php?rest_route=\/wp\/v2\/posts"}],"about":[{"href":"https:\/\/arantv.az\/index.php?rest_route=\/wp\/v2\/types\/post"}],"author":[{"embeddable":true,"href":"https:\/\/arantv.az\/index.php?rest_route=\/wp\/v2\/users\/2"}],"replies":[{"embeddable":true,"href":"https:\/\/arantv.az\/index.php?rest_route=%2Fwp%2Fv2%2Fcomments&post=779559"}],"version-history":[{"count":1,"href":"https:\/\/arantv.az\/index.php?rest_route=\/wp\/v2\/posts\/779559\/revisions"}],"predecessor-version":[{"id":779561,"href":"https:\/\/arantv.az\/index.php?rest_route=\/wp\/v2\/posts\/779559\/revisions\/779561"}],"wp:featuredmedia":[{"embeddable":true,"href":"https:\/\/arantv.az\/index.php?rest_route=\/wp\/v2\/media\/779560"}],"wp:attachment":[{"href":"https:\/\/arantv.az\/index.php?rest_route=%2Fwp%2Fv2%2Fmedia&parent=779559"}],"wp:term":[{"taxonomy":"category","embeddable":true,"href":"https:\/\/arantv.az\/index.php?rest_route=%2Fwp%2Fv2%2Fcategories&post=779559"},{"taxonomy":"post_tag","embeddable":true,"href":"https:\/\/arantv.az\/index.php?rest_route=%2Fwp%2Fv2%2Ftags&post=779559"}],"curies":[{"name":"wp","href":"https:\/\/api.w.org\/{rel}","templated":true}]}}