{"id":779562,"date":"2025-01-08T07:56:43","date_gmt":"2025-01-08T03:56:43","guid":{"rendered":"https:\/\/arantv.az\/?p=779562"},"modified":"2025-01-08T07:56:43","modified_gmt":"2025-01-08T03:56:43","slug":"turkiy%c9%99nin-diviziya-generali-az%c9%99rbaycanin-istanbuldaki-konsullugunda-olub","status":"publish","type":"post","link":"https:\/\/arantv.az\/?p=779562","title":{"rendered":"T\u00fcrkiy\u0259nin diviziya general\u0131 Az\u0259rbaycan\u0131n \u0130stanbuldak\u0131 Konsullu\u011funda olub"},"content":{"rendered":"<p>T\u00fcrkiy\u0259nin Milli M\u00fcdafi\u0259 Nazirliyinin Quru Qo\u015funlar\u0131 Komandanl\u0131\u011f\u0131n\u0131n Q\u0259rargah r\u0259isi, diviziya general\u0131 Metin Tokel Az\u0259rbaycan\u0131n \u0130stanbuldak\u0131 Konsullu\u011funda olub.<\/p>\n<p>\u201cReport\u201d x\u0259b\u0259r verir ki, bu bar\u0259d\u0259 Az\u0259rbaycan\u0131n \u0130stanbuldak\u0131 ba\u015f konsulu N\u0259rmin\u0259 Mustafayeva \u201cX\u201dd\u0259ki hesab\u0131nda bildirib.<\/p>\n<p>G\u00f6r\u00fc\u015f zaman\u0131 Az\u0259rbaycan il\u0259 T\u00fcrkiy\u0259 aras\u0131nda sars\u0131lmaz qarda\u015fl\u0131q ba\u011flar\u0131n\u0131n bundan sonra da m\u00f6hk\u0259ml\u0259nm\u0259si, \u0259m\u0259kda\u015fl\u0131\u011f\u0131n daha da d\u0259rinl\u0259\u015fm\u0259si diqq\u0259t m\u0259rk\u0259zind\u0259 olub.<\/p>\n","protected":false},"excerpt":{"rendered":"<p>T\u00fcrkiy\u0259nin Milli M\u00fcdafi\u0259 Nazirliyinin Quru Qo\u015funlar\u0131 Komandanl\u0131\u011f\u0131n\u0131n Q\u0259rargah r\u0259isi, diviziya general\u0131 Metin Tokel Az\u0259rbaycan\u0131n \u0130stanbuldak\u0131 Konsullu\u011funda olub. \u201cReport\u201d x\u0259b\u0259r verir ki, bu bar\u0259d\u0259 Az\u0259rbaycan\u0131n \u0130stanbuldak\u0131 ba\u015f konsulu N\u0259rmin\u0259 Mustafayeva \u201cX\u201dd\u0259ki hesab\u0131nda bildirib. G\u00f6r\u00fc\u015f zaman\u0131 Az\u0259rbaycan il\u0259 T\u00fcrkiy\u0259 aras\u0131nda sars\u0131lmaz qarda\u015fl\u0131q ba\u011flar\u0131n\u0131n bundan sonra da m\u00f6hk\u0259ml\u0259nm\u0259si, \u0259m\u0259kda\u015fl\u0131\u011f\u0131n daha da d\u0259rinl\u0259\u015fm\u0259si diqq\u0259t m\u0259rk\u0259zind\u0259 olub.<\/p>\n","protected":false},"author":2,"featured_media":779563,"comment_status":"closed","ping_status":"closed","sticky":false,"template":"","format":"standard","meta":{"om_disable_all_campaigns":false,"_monsterinsights_skip_tracking":false,"_monsterinsights_sitenote_active":false,"_monsterinsights_sitenote_note":"","_monsterinsights_sitenote_category":0},"categories":[10],"tags":[],"aioseo_notices":[],"gutentor_comment":0,"rttpg_featured_image_url":{"full":["https:\/\/arantv.az\/wp-content\/uploads\/2025\/01\/0c50082a0ce4f7a7223cdd69090cf8ad.png",814,500,false],"landscape":["https:\/\/arantv.az\/wp-content\/uploads\/2025\/01\/0c50082a0ce4f7a7223cdd69090cf8ad.png",814,500,false],"portraits":["https:\/\/arantv.az\/wp-content\/uploads\/2025\/01\/0c50082a0ce4f7a7223cdd69090cf8ad.png",814,500,false],"thumbnail":["https:\/\/arantv.az\/wp-content\/uploads\/2025\/01\/0c50082a0ce4f7a7223cdd69090cf8ad-500x280.png",500,280,true],"medium":["https:\/\/arantv.az\/wp-content\/uploads\/2025\/01\/0c50082a0ce4f7a7223cdd69090cf8ad-594x365.png",594,365,true],"large":["https:\/\/arantv.az\/wp-content\/uploads\/2025\/01\/0c50082a0ce4f7a7223cdd69090cf8ad.png",640,393,false],"1536x1536":["https:\/\/arantv.az\/wp-content\/uploads\/2025\/01\/0c50082a0ce4f7a7223cdd69090cf8ad.png",814,500,false],"2048x2048":["https:\/\/arantv.az\/wp-content\/uploads\/2025\/01\/0c50082a0ce4f7a7223cdd69090cf8ad.png",814,500,false],"post-thumbnail":["https:\/\/arantv.az\/wp-content\/uploads\/2025\/01\/0c50082a0ce4f7a7223cdd69090cf8ad-240x172.png",240,172,true],"advps-thumb-one":["https:\/\/arantv.az\/wp-content\/uploads\/2025\/01\/0c50082a0ce4f7a7223cdd69090cf8ad.png",814,500,false]},"rttpg_author":{"display_name":"V\u00fcsal Rafiqo\u011flu","author_link":"https:\/\/arantv.az\/?author=2"},"rttpg_comment":0,"rttpg_category":"<a href=\"https:\/\/arantv.az\/?cat=10\" rel=\"category\">C\u0259bh\u0259d\u0259n X\u0259b\u0259r<\/a>","rttpg_excerpt":"T\u00fcrkiy\u0259nin Milli M\u00fcdafi\u0259 Nazirliyinin Quru Qo\u015funlar\u0131 Komandanl\u0131\u011f\u0131n\u0131n Q\u0259rargah r\u0259isi, diviziya general\u0131 Metin Tokel Az\u0259rbaycan\u0131n \u0130stanbuldak\u0131 Konsullu\u011funda olub. \u201cReport\u201d x\u0259b\u0259r verir ki, bu bar\u0259d\u0259 Az\u0259rbaycan\u0131n \u0130stanbuldak\u0131 ba\u015f konsulu N\u0259rmin\u0259 Mustafayeva \u201cX\u201dd\u0259ki hesab\u0131nda bildirib. G\u00f6r\u00fc\u015f zaman\u0131 Az\u0259rbaycan il\u0259 T\u00fcrkiy\u0259 aras\u0131nda sars\u0131lmaz qarda\u015fl\u0131q ba\u011flar\u0131n\u0131n bundan sonra da m\u00f6hk\u0259ml\u0259nm\u0259si, \u0259m\u0259kda\u015fl\u0131\u011f\u0131n daha da d\u0259rinl\u0259\u015fm\u0259si diqq\u0259t m\u0259rk\u0259zind\u0259 olub.","_links":{"self":[{"href":"https:\/\/arantv.az\/index.php?rest_route=\/wp\/v2\/posts\/779562"}],"collection":[{"href":"https:\/\/arantv.az\/index.php?rest_route=\/wp\/v2\/posts"}],"about":[{"href":"https:\/\/arantv.az\/index.php?rest_route=\/wp\/v2\/types\/post"}],"author":[{"embeddable":true,"href":"https:\/\/arantv.az\/index.php?rest_route=\/wp\/v2\/users\/2"}],"replies":[{"embeddable":true,"href":"https:\/\/arantv.az\/index.php?rest_route=%2Fwp%2Fv2%2Fcomments&post=779562"}],"version-history":[{"count":2,"href":"https:\/\/arantv.az\/index.php?rest_route=\/wp\/v2\/posts\/779562\/revisions"}],"predecessor-version":[{"id":779565,"href":"https:\/\/arantv.az\/index.php?rest_route=\/wp\/v2\/posts\/779562\/revisions\/779565"}],"wp:featuredmedia":[{"embeddable":true,"href":"https:\/\/arantv.az\/index.php?rest_route=\/wp\/v2\/media\/779563"}],"wp:attachment":[{"href":"https:\/\/arantv.az\/index.php?rest_route=%2Fwp%2Fv2%2Fmedia&parent=779562"}],"wp:term":[{"taxonomy":"category","embeddable":true,"href":"https:\/\/arantv.az\/index.php?rest_route=%2Fwp%2Fv2%2Fcategories&post=779562"},{"taxonomy":"post_tag","embeddable":true,"href":"https:\/\/arantv.az\/index.php?rest_route=%2Fwp%2Fv2%2Ftags&post=779562"}],"curies":[{"name":"wp","href":"https:\/\/api.w.org\/{rel}","templated":true}]}}