{"id":779566,"date":"2025-01-08T07:57:28","date_gmt":"2025-01-08T03:57:28","guid":{"rendered":"https:\/\/arantv.az\/?p=779566"},"modified":"2025-01-08T07:57:28","modified_gmt":"2025-01-08T03:57:28","slug":"prezident-bu-ay-delimitasiya-uzr%c9%99-az%c9%99rbaycan-v%c9%99-erm%c9%99nistan-komissiyalarinin-novb%c9%99ti-gorusu-olmalidir","status":"publish","type":"post","link":"https:\/\/arantv.az\/?p=779566","title":{"rendered":"Prezident: Bu ay delimitasiya \u00fczr\u0259 Az\u0259rbaycan v\u0259 Erm\u0259nistan komissiyalar\u0131n\u0131n n\u00f6vb\u0259ti g\u00f6r\u00fc\u015f\u00fc olmal\u0131d\u0131r"},"content":{"rendered":"<p><strong>\u015eadam ki, biz bu k\u0259ndl\u0259ri (Qazax rayonunun 4 k\u0259ndi &#8211; red.) qaytarmaq \u00fc\u00e7\u00fcn ba\u015fqa metodlara \u0259l atmal\u0131 olmad\u0131q. Z\u0259nnimc\u0259, son d\u00f6rd ilin d\u0259rsl\u0259ri, &#8211; h\u0259r\u00e7\u0259nd erm\u0259ni t\u0259r\u0259find\u0259n onlar h\u0259l\u0259 tam d\u0259rk olunmay\u0131b, &#8211; n\u0259z\u0259r\u0259 al\u0131n\u0131r.<\/strong><\/p>\n<p><strong>ARANTV.AZ<\/strong> x\u0259b\u0259r verir ki, bu fikirl\u0259ri Prezident \u0130lham \u018fliyev yanvar\u0131n 7-d\u0259 yerli televiziya kanallar\u0131na m\u00fcsahib\u0259sind\u0259 deyib.<\/p>\n<p>&#8220;Bel\u0259likl\u0259, bunu, h\u0259m\u00e7inin t\u0259kc\u0259 delimitasiya \u00fczr\u0259 deyil, h\u0259m d\u0259 s\u0259rh\u0259din demarkasiyas\u0131 i\u015find\u0259 yax\u015f\u0131 ilk add\u0131m hesab edir\u0259m. Z\u0259nnimc\u0259, bu, el\u0259 bir nadir hadis\u0259dir ki, delimitasiya v\u0259 demarkasiya dem\u0259k olar ki, eyni vaxtda h\u0259yata ke\u00e7irilir&#8221;, &#8211; d\u00f6vl\u0259t ba\u015f\u00e7\u0131s\u0131 bildirib.<\/p>\n<p>Prezident qeyd edib ki, art\u0131q h\u0259min k\u0259ndl\u0259r\u0259 m\u00fct\u0259x\u0259ssisl\u0259rd\u0259n ibar\u0259t qrup ezam olunub: &#8220;Orada erm\u0259ni ya\u015fay\u0131\u015f m\u0259nt\u0259q\u0259l\u0259rin\u0259 yax\u0131nl\u0131q m\u0259s\u0259l\u0259si v\u0259 eskalasiya olaca\u011f\u0131 t\u0259qdird\u0259 m\u00fc\u0259yy\u0259n t\u0259hdidl\u0259r var. Ona g\u00f6r\u0259 d\u0259 m\u0259n tap\u015f\u0131r\u0131q verdim ki, bu k\u0259ndl\u0259rin sakinl\u0259ri \u00fc\u00e7\u00fcn m\u0259nzil fondunun tikintisi m\u0259qs\u0259dil\u0259 daha \u00e7ox m\u00fcdafi\u0259 olunan yer se\u00e7ilsin, onlar\u0131n t\u0259hl\u00fck\u0259sizliyi t\u0259min edilsin. \u00c7\u00fcnki bel\u0259 bir t\u0259cav\u00fczkar qon\u015fumuz oldu\u011fu \u00fc\u00e7\u00fcn biz, ilk n\u00f6vb\u0259d\u0259 \u0259halimizin t\u0259hl\u00fck\u0259sizliyi haqq\u0131nda d\u00fc\u015f\u00fcnm\u0259liyik&#8221;.<\/p>\n<p>&#8220;Bel\u0259likl\u0259, d\u00fc\u015f\u00fcn\u00fcr\u0259m ki, proses maksimum \u015f\u0259ffaf oldu, h\u0259m\u00e7inin erm\u0259nil\u0259rin yeni himay\u0259darlar\u0131 t\u0259r\u0259find\u0259n m\u00fcsb\u0259t qar\u015f\u0131land\u0131, \u00e7\u00fcnki demarkasiya prosesi d\u0259 apar\u0131ld\u0131. \u018flb\u0259tt\u0259, bu, s\u0259rh\u0259din b\u00fct\u00fcn perimetri \u00fczr\u0259 d\u0259qiql\u0259\u015fdirm\u0259 \u00fc\u00e7\u00fcn t\u0259kan verm\u0259lidir. Delimitasiya v\u0259 demarkasiya \u00fczr\u0259 Erm\u0259nistan v\u0259 Az\u0259rbaycan komissiyalar\u0131n\u0131n raz\u0131la\u015fd\u0131rd\u0131\u011f\u0131 protokol el\u0259 ondan x\u0259b\u0259r verir ki, s\u0259rh\u0259din d\u0259qiql\u0259\u015fdirilm\u0259si zaman\u0131 bir \u00e7ox amill\u0259r \u2013 t\u0259hl\u00fck\u0259sizlik, kommunikasiyalar, ya\u015fay\u0131\u015f m\u0259nt\u0259q\u0259l\u0259ri, tarixi, ekoloji amill\u0259r v\u0259 sair n\u0259z\u0259r\u0259 al\u0131nmal\u0131d\u0131r. Y\u0259ni, Erm\u0259nistan il\u0259 Az\u0259rbaycan aras\u0131nda m\u00f6vcud olan \u015f\u0259rti s\u0259rh\u0259d, birincisi, ehkam deyil. Bizim m\u00f6vqeyimiz h\u0259mi\u015f\u0259 ondan ibar\u0259t olub ki, bunun \u00fc\u00e7\u00fcn m\u0259nim dediyim bir \u00e7ox bu v\u0259 ya dig\u0259r amill\u0259rin d\u0259qiql\u0259\u015fdirilm\u0259si t\u0259l\u0259b olunur. Amma bildiyim kimi, bu ay, h\u0259r halda bizim t\u0259\u015f\u0259bb\u00fcs\u00fcm\u00fczl\u0259, t\u0259klifimizl\u0259 delimitasiya m\u0259s\u0259l\u0259sini davam etdirm\u0259k \u00fc\u00e7\u00fcn delimitasiya \u00fczr\u0259 Az\u0259rbaycan v\u0259 Erm\u0259nistan komissiyalar\u0131n\u0131n n\u00f6vb\u0259ti g\u00f6r\u00fc\u015f\u00fc olmal\u0131d\u0131r. Bizim metodologiya \u00fczr\u0259 yana\u015fmam\u0131z var, onu erm\u0259ni t\u0259r\u0259fin\u0259 t\u0259qdim etmi\u015fik. M\u0259n\u0259 m\u0259ruz\u0259 etdil\u0259r ki, ald\u0131\u011f\u0131m\u0131z \u015fifahi cavab ondan x\u0259b\u0259r verir ki, onlar\u0131n t\u0259r\u0259find\u0259n x\u00fcsusi etiraz yoxdur. Bel\u0259likl\u0259, ya\u015fay\u0131b g\u00f6r\u0259rik&#8221;, &#8211; \u0130lham \u018fliyev \u0259lav\u0259 edib.<\/p>\n","protected":false},"excerpt":{"rendered":"<p>\u015eadam ki, biz bu k\u0259ndl\u0259ri (Qazax rayonunun 4 k\u0259ndi &#8211; red.) qaytarmaq \u00fc\u00e7\u00fcn ba\u015fqa metodlara \u0259l atmal\u0131 olmad\u0131q. Z\u0259nnimc\u0259, son d\u00f6rd ilin d\u0259rsl\u0259ri, &#8211; h\u0259r\u00e7\u0259nd erm\u0259ni t\u0259r\u0259find\u0259n onlar h\u0259l\u0259 tam d\u0259rk olunmay\u0131b, &#8211; n\u0259z\u0259r\u0259 al\u0131n\u0131r. ARANTV.AZ x\u0259b\u0259r verir ki, bu fikirl\u0259ri Prezident \u0130lham \u018fliyev yanvar\u0131n 7-d\u0259 yerli televiziya kanallar\u0131na m\u00fcsahib\u0259sind\u0259 deyib. &#8220;Bel\u0259likl\u0259, bunu, h\u0259m\u00e7inin t\u0259kc\u0259 delimitasiya \u00fczr\u0259 deyil, h\u0259m d\u0259 s\u0259rh\u0259din demarkasiyas\u0131 i\u015find\u0259 yax\u015f\u0131 ilk add\u0131m hesab edir\u0259m. Z\u0259nnimc\u0259, bu, el\u0259 bir nadir hadis\u0259dir ki, delimitasiya v\u0259 demarkasiya dem\u0259k olar ki, eyni vaxtda h\u0259yata ke\u00e7irilir&#8221;, &#8211; d\u00f6vl\u0259t ba\u015f\u00e7\u0131s\u0131 bildirib. Prezident&hellip;<\/p>\n","protected":false},"author":2,"featured_media":779567,"comment_status":"closed","ping_status":"closed","sticky":false,"template":"","format":"standard","meta":{"om_disable_all_campaigns":false,"_monsterinsights_skip_tracking":false,"_monsterinsights_sitenote_active":false,"_monsterinsights_sitenote_note":"","_monsterinsights_sitenote_category":0},"categories":[4],"tags":[],"aioseo_notices":[],"gutentor_comment":0,"rttpg_featured_image_url":{"full":["https:\/\/arantv.az\/wp-content\/uploads\/2025\/01\/c0a1e93801b67d5ab312d629c21b5e57.jpg",850,500,false],"landscape":["https:\/\/arantv.az\/wp-content\/uploads\/2025\/01\/c0a1e93801b67d5ab312d629c21b5e57.jpg",850,500,false],"portraits":["https:\/\/arantv.az\/wp-content\/uploads\/2025\/01\/c0a1e93801b67d5ab312d629c21b5e57.jpg",850,500,false],"thumbnail":["https:\/\/arantv.az\/wp-content\/uploads\/2025\/01\/c0a1e93801b67d5ab312d629c21b5e57-500x280.jpg",500,280,true],"medium":["https:\/\/arantv.az\/wp-content\/uploads\/2025\/01\/c0a1e93801b67d5ab312d629c21b5e57-621x365.jpg",621,365,true],"large":["https:\/\/arantv.az\/wp-content\/uploads\/2025\/01\/c0a1e93801b67d5ab312d629c21b5e57-840x494.jpg",640,376,true],"1536x1536":["https:\/\/arantv.az\/wp-content\/uploads\/2025\/01\/c0a1e93801b67d5ab312d629c21b5e57.jpg",850,500,false],"2048x2048":["https:\/\/arantv.az\/wp-content\/uploads\/2025\/01\/c0a1e93801b67d5ab312d629c21b5e57.jpg",850,500,false],"post-thumbnail":["https:\/\/arantv.az\/wp-content\/uploads\/2025\/01\/c0a1e93801b67d5ab312d629c21b5e57-240x172.jpg",240,172,true],"advps-thumb-one":["https:\/\/arantv.az\/wp-content\/uploads\/2025\/01\/c0a1e93801b67d5ab312d629c21b5e57.jpg",850,500,false]},"rttpg_author":{"display_name":"V\u00fcsal Rafiqo\u011flu","author_link":"https:\/\/arantv.az\/?author=2"},"rttpg_comment":0,"rttpg_category":"<a href=\"https:\/\/arantv.az\/?cat=4\" rel=\"category\">Siyas\u0259t<\/a>","rttpg_excerpt":"\u015eadam ki, biz bu k\u0259ndl\u0259ri (Qazax rayonunun 4 k\u0259ndi &#8211; red.) qaytarmaq \u00fc\u00e7\u00fcn ba\u015fqa metodlara \u0259l atmal\u0131 olmad\u0131q. Z\u0259nnimc\u0259, son d\u00f6rd ilin d\u0259rsl\u0259ri, &#8211; h\u0259r\u00e7\u0259nd erm\u0259ni t\u0259r\u0259find\u0259n onlar h\u0259l\u0259 tam d\u0259rk olunmay\u0131b, &#8211; n\u0259z\u0259r\u0259 al\u0131n\u0131r. ARANTV.AZ x\u0259b\u0259r verir ki, bu fikirl\u0259ri Prezident \u0130lham \u018fliyev yanvar\u0131n 7-d\u0259 yerli televiziya kanallar\u0131na m\u00fcsahib\u0259sind\u0259 deyib. &#8220;Bel\u0259likl\u0259, bunu, h\u0259m\u00e7inin t\u0259kc\u0259&hellip;","_links":{"self":[{"href":"https:\/\/arantv.az\/index.php?rest_route=\/wp\/v2\/posts\/779566"}],"collection":[{"href":"https:\/\/arantv.az\/index.php?rest_route=\/wp\/v2\/posts"}],"about":[{"href":"https:\/\/arantv.az\/index.php?rest_route=\/wp\/v2\/types\/post"}],"author":[{"embeddable":true,"href":"https:\/\/arantv.az\/index.php?rest_route=\/wp\/v2\/users\/2"}],"replies":[{"embeddable":true,"href":"https:\/\/arantv.az\/index.php?rest_route=%2Fwp%2Fv2%2Fcomments&post=779566"}],"version-history":[{"count":1,"href":"https:\/\/arantv.az\/index.php?rest_route=\/wp\/v2\/posts\/779566\/revisions"}],"predecessor-version":[{"id":779568,"href":"https:\/\/arantv.az\/index.php?rest_route=\/wp\/v2\/posts\/779566\/revisions\/779568"}],"wp:featuredmedia":[{"embeddable":true,"href":"https:\/\/arantv.az\/index.php?rest_route=\/wp\/v2\/media\/779567"}],"wp:attachment":[{"href":"https:\/\/arantv.az\/index.php?rest_route=%2Fwp%2Fv2%2Fmedia&parent=779566"}],"wp:term":[{"taxonomy":"category","embeddable":true,"href":"https:\/\/arantv.az\/index.php?rest_route=%2Fwp%2Fv2%2Fcategories&post=779566"},{"taxonomy":"post_tag","embeddable":true,"href":"https:\/\/arantv.az\/index.php?rest_route=%2Fwp%2Fv2%2Ftags&post=779566"}],"curies":[{"name":"wp","href":"https:\/\/api.w.org\/{rel}","templated":true}]}}