{"id":779572,"date":"2025-01-08T07:59:39","date_gmt":"2025-01-08T03:59:39","guid":{"rendered":"https:\/\/arantv.az\/?p=779572"},"modified":"2025-01-08T07:59:39","modified_gmt":"2025-01-08T03:59:39","slug":"prezident-ilham-%c9%99liyev-erm%c9%99nistanin-silahlanmasi-yeni-g%c9%99rginliy%c9%99-g%c9%99tirib-cixaracaq","status":"publish","type":"post","link":"https:\/\/arantv.az\/?p=779572","title":{"rendered":"Prezident \u0130lham \u018fliyev: Erm\u0259nistan\u0131n silahlanmas\u0131 yeni g\u0259rginliy\u0259 g\u0259tirib \u00e7\u0131xaracaq"},"content":{"rendered":"<p><em><strong>Erm\u0259nistan\u0131n silahlanmas\u0131, sad\u0259c\u0259 olaraq, yeni g\u0259rginliy\u0259 g\u0259tirib \u00e7\u0131xaracaq. Biz bunu ist\u0259mirik. Biz s\u00fclh ist\u0259yirik.<\/strong><\/em><\/p>\n<p><strong>ARANTV.AZ<\/strong> x\u0259b\u0259r verir ki, bu s\u00f6zl\u0259ri Prezident \u0130lham \u018fliyev yanvar\u0131n 7-d\u0259 yerli televiziya kanallar\u0131na m\u00fcsahib\u0259sind\u0259 s\u00f6yl\u0259yib.<\/p>\n<p>Erm\u0259nistan\u0131n faktiki olaraq b\u00f6lg\u0259 \u00fc\u00e7\u00fcn bir t\u0259hdid m\u0259nb\u0259yi oldu\u011funa diqq\u0259t \u00e7\u0259k\u0259n d\u00f6vl\u0259t ba\u015f\u00e7\u0131s\u0131 qeyd edib:<\/p>\n<p>&#8220;Biz ist\u0259yirik ki, art\u0131q m\u00fcharib\u0259 s\u0259hif\u0259si ba\u011flans\u0131n. Ancaq g\u00f6r\u00fcr\u00fck ki, Erm\u0259nistan\u0131n h\u0259m \u00f6z\u00fc, h\u0259m onun yeni havadarlar\u0131 bunu ist\u0259mirl\u0259r. Onlar revan\u015fist fikirl\u0259rl\u0259 ya\u015fay\u0131rlar v\u0259 Erm\u0259nistan faktiki olaraq b\u00f6lg\u0259 \u00fc\u00e7\u00fcn bir t\u0259hdid m\u0259nb\u0259yidir. M\u00fcst\u0259qil Erm\u0259nistan d\u00f6vl\u0259ti, \u0259slind\u0259, fa\u015fist d\u00f6vl\u0259tdir. \u00c7\u00fcnki \u0259g\u0259r bu \u00f6lk\u0259y\u0259 30 il\u0259 yax\u0131n fa\u015fist ideologiyas\u0131n\u0131n da\u015f\u0131y\u0131c\u0131lar\u0131 r\u0259hb\u0259rlik edibl\u0259rs\u0259, bu \u00f6lk\u0259ni onlar el\u0259 \u00f6zl\u0259ri kimi d\u0259 formala\u015fd\u0131r\u0131blar. \u0130ndi bax\u0131n, Erm\u0259nistan\u0131n birinci prezidentinin irq\u00e7i v\u0259 fa\u015fist a\u00e7\u0131qlamalar\u0131 n\u0259 d\u0259r\u0259c\u0259d\u0259 eyb\u0259c\u0259rdirs\u0259, bir o q\u0259d\u0259r d\u0259 t\u0259hl\u00fck\u0259lidir. O, etnik t\u0259mizl\u0259m\u0259ni bir q\u00fcrur m\u0259nb\u0259yi kimi q\u0259l\u0259m\u0259 verir, az\u0259rbaycanl\u0131lar\u0131n \u00f6z tarixi d\u0259d\u0259-baba torpaqlar\u0131ndan qovulmas\u0131 il\u0259 \u00f6y\u00fcn\u00fcr. Sad\u0259c\u0259 olaraq, bu videomaterial, nec\u0259 dey\u0259rl\u0259r, indi ictimail\u0259\u015fdirildi. Ancaq t\u0259bii ki, bunu Erm\u0259nistanda bilirdil\u0259r. Erm\u0259nistan\u0131n m\u00fctt\u0259fiql\u0259ri, havadarlar\u0131 t\u0259bii ki, bilirdil\u0259r v\u0259 bu fikirl\u0259ri b\u00f6l\u00fc\u015f\u00fcrd\u00fcl\u0259r. Biz\u0259 qar\u015f\u0131 30 illik i\u015f\u011fal\u00e7\u0131l\u0131q siyas\u0259ti, sad\u0259c\u0259 olaraq, Erm\u0259nistan m\u0259hsulu deyil, onunla h\u0259mr\u0259y olan islamofob, az\u0259rbaycanofob, irq\u00e7i, ksenofob dair\u0259l\u0259rin, xarici \u00f6lk\u0259l\u0259rin n\u00fcmay\u0259nd\u0259l\u0259rinin birg\u0259 m\u0259hsuludur&#8221;.<\/p>\n<p>\u00d6lk\u0259mizin fa\u015fist d\u00f6vl\u0259tl\u0259 qon\u015fu oldu\u011funu v\u0259 fa\u015fizm t\u0259hl\u00fck\u0259sinin sovu\u015fmad\u0131\u011f\u0131n\u0131 xat\u0131rladan Prezident bildirib: &#8220;Ona g\u00f6r\u0259 fa\u015fizm m\u0259hv edilm\u0259lidir. Bunu ya Erm\u0259nistan r\u0259hb\u0259rliyi m\u0259hv ed\u0259c\u0259k, ya da biz m\u0259hv ed\u0259c\u0259yik. Bizim ba\u015fqa \u00e7ar\u0259miz yoxdur. Yen\u0259 d\u0259 30 illik i\u015f\u011fal, xalq\u0131m\u0131z\u0131n \u0259zablar\u0131, Xocal\u0131 soyq\u0131r\u0131m\u0131, da\u011f\u0131d\u0131lm\u0131\u015f, viran qoyulmu\u015f Qaraba\u011f &#8211; b\u00fct\u00fcn bunlar bizim g\u00f6z\u00fcm\u00fcz\u00fcn qaba\u011f\u0131ndad\u0131r v\u0259 kim z\u0259man\u0259t ver\u0259 bil\u0259r ki, bu, t\u0259krarlanmayacaq, he\u00e7 kim! \u00c7\u00fcnki Erm\u0259nistan\u0131n birinci \u00fc\u00e7 r\u0259hb\u0259ri fa\u015fist ideologiyas\u0131n\u0131n da\u015f\u0131y\u0131c\u0131lar\u0131d\u0131r. Erm\u0259nistan\u0131n indiki r\u0259hb\u0259ri, m\u0259n demi\u015f\u0259m, indi \u00f6z\u00fcnd\u0259n s\u00fclh g\u00f6y\u0259r\u00e7ini d\u00fcz\u0259ltm\u0259k ist\u0259yir. Amma bax\u0131n, g\u00f6r\u00fcn, onun 2018-2019-cu ill\u0259rd\u0259ki \u00e7\u0131x\u0131\u015flar\u0131na, onlar\u0131 indi he\u00e7 kim xat\u0131rlatmaq ist\u0259mir. H\u0259tta onun Fransadak\u0131 dostlar\u0131 da ondan imtina etm\u0259k ist\u0259mirl\u0259r. Y\u0259ni, bu ideologiya orada ya\u015fay\u0131r v\u0259 bunun da\u015f\u0131y\u0131c\u0131lar\u0131, sad\u0259c\u0259 olaraq, bug\u00fcnk\u00fc Erm\u0259nistan m\u00fcxalif\u0259ti deyil, Erm\u0259nistan iqtidar\u0131d\u0131r.<\/p>\n<p>Bir daha dem\u0259k ist\u0259yir\u0259m ki, biz, sad\u0259c\u0259 olaraq, m\u00fc\u015fahid\u0259\u00e7i kimi buna tama\u015fa ed\u0259si deyilik. Erm\u0259nistan silahlanman\u0131 d\u0259rhal dayand\u0131rmal\u0131d\u0131r. Ona silah ver\u0259n Fransa v\u0259 dig\u0259r \u00f6lk\u0259l\u0259r o kontraktlara xitam verm\u0259lidir, l\u0259\u011fv etm\u0259lidir. Art\u0131q Erm\u0259nistana g\u00f6nd\u0259rilmi\u015f silahlar geri qay\u0131tmal\u0131d\u0131r. Bu, bizim \u015f\u0259rtimizdir. \u0130ndi kim bunu nec\u0259 ist\u0259yir el\u0259 d\u0259 q\u0259bul etsin. M\u0259n s\u00f6z\u00fcm\u00fc deyir\u0259m, onlar da bilirl\u0259r, onlar\u0131n arxas\u0131nda duranlar da bilirl\u0259r ki, \u0259g\u0259r biz n\u0259yis\u0259 deyiriks\u0259, dem\u0259li, art\u0131q bu m\u0259s\u0259l\u0259y\u0259 \u00e7ox ciddi yana\u015f\u0131r\u0131q&#8221;.<\/p>\n","protected":false},"excerpt":{"rendered":"<p>Erm\u0259nistan\u0131n silahlanmas\u0131, sad\u0259c\u0259 olaraq, yeni g\u0259rginliy\u0259 g\u0259tirib \u00e7\u0131xaracaq. Biz bunu ist\u0259mirik. Biz s\u00fclh ist\u0259yirik. ARANTV.AZ x\u0259b\u0259r verir ki, bu s\u00f6zl\u0259ri Prezident \u0130lham \u018fliyev yanvar\u0131n 7-d\u0259 yerli televiziya kanallar\u0131na m\u00fcsahib\u0259sind\u0259 s\u00f6yl\u0259yib. Erm\u0259nistan\u0131n faktiki olaraq b\u00f6lg\u0259 \u00fc\u00e7\u00fcn bir t\u0259hdid m\u0259nb\u0259yi oldu\u011funa diqq\u0259t \u00e7\u0259k\u0259n d\u00f6vl\u0259t ba\u015f\u00e7\u0131s\u0131 qeyd edib: &#8220;Biz ist\u0259yirik ki, art\u0131q m\u00fcharib\u0259 s\u0259hif\u0259si ba\u011flans\u0131n. Ancaq g\u00f6r\u00fcr\u00fck ki, Erm\u0259nistan\u0131n h\u0259m \u00f6z\u00fc, h\u0259m onun yeni havadarlar\u0131 bunu ist\u0259mirl\u0259r. Onlar revan\u015fist fikirl\u0259rl\u0259 ya\u015fay\u0131rlar v\u0259 Erm\u0259nistan faktiki olaraq b\u00f6lg\u0259 \u00fc\u00e7\u00fcn bir t\u0259hdid m\u0259nb\u0259yidir. M\u00fcst\u0259qil Erm\u0259nistan d\u00f6vl\u0259ti, \u0259slind\u0259, fa\u015fist d\u00f6vl\u0259tdir. \u00c7\u00fcnki \u0259g\u0259r bu \u00f6lk\u0259y\u0259 30 il\u0259 yax\u0131n&hellip;<\/p>\n","protected":false},"author":2,"featured_media":779573,"comment_status":"closed","ping_status":"closed","sticky":false,"template":"","format":"standard","meta":{"om_disable_all_campaigns":false,"_monsterinsights_skip_tracking":false,"_monsterinsights_sitenote_active":false,"_monsterinsights_sitenote_note":"","_monsterinsights_sitenote_category":0},"categories":[4],"tags":[],"aioseo_notices":[],"gutentor_comment":0,"rttpg_featured_image_url":{"full":["https:\/\/arantv.az\/wp-content\/uploads\/2025\/01\/1f2d924dc6635b07e6cb694c2b5aa379.jpg",850,500,false],"landscape":["https:\/\/arantv.az\/wp-content\/uploads\/2025\/01\/1f2d924dc6635b07e6cb694c2b5aa379.jpg",850,500,false],"portraits":["https:\/\/arantv.az\/wp-content\/uploads\/2025\/01\/1f2d924dc6635b07e6cb694c2b5aa379.jpg",850,500,false],"thumbnail":["https:\/\/arantv.az\/wp-content\/uploads\/2025\/01\/1f2d924dc6635b07e6cb694c2b5aa379-500x280.jpg",500,280,true],"medium":["https:\/\/arantv.az\/wp-content\/uploads\/2025\/01\/1f2d924dc6635b07e6cb694c2b5aa379-621x365.jpg",621,365,true],"large":["https:\/\/arantv.az\/wp-content\/uploads\/2025\/01\/1f2d924dc6635b07e6cb694c2b5aa379-840x494.jpg",640,376,true],"1536x1536":["https:\/\/arantv.az\/wp-content\/uploads\/2025\/01\/1f2d924dc6635b07e6cb694c2b5aa379.jpg",850,500,false],"2048x2048":["https:\/\/arantv.az\/wp-content\/uploads\/2025\/01\/1f2d924dc6635b07e6cb694c2b5aa379.jpg",850,500,false],"post-thumbnail":["https:\/\/arantv.az\/wp-content\/uploads\/2025\/01\/1f2d924dc6635b07e6cb694c2b5aa379-240x172.jpg",240,172,true],"advps-thumb-one":["https:\/\/arantv.az\/wp-content\/uploads\/2025\/01\/1f2d924dc6635b07e6cb694c2b5aa379.jpg",850,500,false]},"rttpg_author":{"display_name":"V\u00fcsal Rafiqo\u011flu","author_link":"https:\/\/arantv.az\/?author=2"},"rttpg_comment":0,"rttpg_category":"<a href=\"https:\/\/arantv.az\/?cat=4\" rel=\"category\">Siyas\u0259t<\/a>","rttpg_excerpt":"Erm\u0259nistan\u0131n silahlanmas\u0131, sad\u0259c\u0259 olaraq, yeni g\u0259rginliy\u0259 g\u0259tirib \u00e7\u0131xaracaq. Biz bunu ist\u0259mirik. Biz s\u00fclh ist\u0259yirik. ARANTV.AZ x\u0259b\u0259r verir ki, bu s\u00f6zl\u0259ri Prezident \u0130lham \u018fliyev yanvar\u0131n 7-d\u0259 yerli televiziya kanallar\u0131na m\u00fcsahib\u0259sind\u0259 s\u00f6yl\u0259yib. Erm\u0259nistan\u0131n faktiki olaraq b\u00f6lg\u0259 \u00fc\u00e7\u00fcn bir t\u0259hdid m\u0259nb\u0259yi oldu\u011funa diqq\u0259t \u00e7\u0259k\u0259n d\u00f6vl\u0259t ba\u015f\u00e7\u0131s\u0131 qeyd edib: &#8220;Biz ist\u0259yirik ki, art\u0131q m\u00fcharib\u0259 s\u0259hif\u0259si ba\u011flans\u0131n. Ancaq g\u00f6r\u00fcr\u00fck ki,&hellip;","_links":{"self":[{"href":"https:\/\/arantv.az\/index.php?rest_route=\/wp\/v2\/posts\/779572"}],"collection":[{"href":"https:\/\/arantv.az\/index.php?rest_route=\/wp\/v2\/posts"}],"about":[{"href":"https:\/\/arantv.az\/index.php?rest_route=\/wp\/v2\/types\/post"}],"author":[{"embeddable":true,"href":"https:\/\/arantv.az\/index.php?rest_route=\/wp\/v2\/users\/2"}],"replies":[{"embeddable":true,"href":"https:\/\/arantv.az\/index.php?rest_route=%2Fwp%2Fv2%2Fcomments&post=779572"}],"version-history":[{"count":1,"href":"https:\/\/arantv.az\/index.php?rest_route=\/wp\/v2\/posts\/779572\/revisions"}],"predecessor-version":[{"id":779574,"href":"https:\/\/arantv.az\/index.php?rest_route=\/wp\/v2\/posts\/779572\/revisions\/779574"}],"wp:featuredmedia":[{"embeddable":true,"href":"https:\/\/arantv.az\/index.php?rest_route=\/wp\/v2\/media\/779573"}],"wp:attachment":[{"href":"https:\/\/arantv.az\/index.php?rest_route=%2Fwp%2Fv2%2Fmedia&parent=779572"}],"wp:term":[{"taxonomy":"category","embeddable":true,"href":"https:\/\/arantv.az\/index.php?rest_route=%2Fwp%2Fv2%2Fcategories&post=779572"},{"taxonomy":"post_tag","embeddable":true,"href":"https:\/\/arantv.az\/index.php?rest_route=%2Fwp%2Fv2%2Ftags&post=779572"}],"curies":[{"name":"wp","href":"https:\/\/api.w.org\/{rel}","templated":true}]}}