{"id":779575,"date":"2025-01-08T08:01:09","date_gmt":"2025-01-08T04:01:09","guid":{"rendered":"https:\/\/arantv.az\/?p=779575"},"modified":"2025-01-08T08:01:09","modified_gmt":"2025-01-08T04:01:09","slug":"dovl%c9%99t-bascisi-telekanallara-musahib%c9%99sind%c9%99-q%c9%99rbi-az%c9%99rbaycan-m%c9%99s%c9%99l%c9%99sind%c9%99n-danisibvideo","status":"publish","type":"post","link":"https:\/\/arantv.az\/?p=779575","title":{"rendered":"D\u00f6vl\u0259t ba\u015f\u00e7\u0131s\u0131 telekanallara m\u00fcsahib\u0259sind\u0259 Q\u0259rbi Az\u0259rbaycan m\u0259s\u0259l\u0259sind\u0259n dan\u0131\u015f\u0131bV\u0130DEO"},"content":{"rendered":"<p><strong>Yax\u015f\u0131 olard\u0131 ki, Erm\u0259nistan\u0131n ba\u015f naziri Q\u0259rbi Az\u0259rbaycan \u0130cmas\u0131n\u0131n n\u00fcmay\u0259nd\u0259l\u0259rini q\u0259bul etsin. Bildiyim\u0259 g\u00f6r\u0259, onlar \u0130r\u0259vana da getm\u0259y\u0259 haz\u0131rd\u0131rlar.<\/strong><\/p>\n<p><strong>ARANTV.AZ\u00a0<\/strong> x\u0259b\u0259r verir ki, bu s\u00f6zl\u0259ri Prezident \u0130lham \u018fliyev yanvar\u0131n 7-d\u0259 yerli televiziya kanallar\u0131na m\u00fcsahib\u0259sind\u0259 deyib.<\/p>\n<p>Q\u0259rbi az\u0259rbaycanl\u0131lar\u0131n oradan \u0259sass\u0131z qovulduqlar\u0131n\u0131 vur\u011fulayan d\u00f6vl\u0259timizin ba\u015f\u00e7\u0131s\u0131 \u0259lav\u0259 edib ki, onlar\u0131n qay\u0131tmalar\u0131 \u00fc\u00e7\u00fcn tam h\u00fcquqlar\u0131 vard\u0131r.<\/p>\n<p>\u201cErm\u0259nistan \u00f6z\u00fcn\u00fc bu g\u00fcn Avropa demokratiyas\u0131 yolu il\u0259 ged\u0259n \u00f6lk\u0259 kimi t\u0259qdim edir. Qoy onu \u0259yani \u015f\u0259kild\u0259 g\u00f6st\u0259rsin\u201d, &#8211; dey\u0259n Prezident, h\u0259m\u00e7inin vur\u011fulay\u0131b: \u201cBu m\u0259s\u0259l\u0259 g\u00fcnd\u0259likd\u0259n \u00e7\u0131xmayacaq, o vaxta q\u0259d\u0259r ki, az\u0259rbaycanl\u0131lar t\u0259hl\u00fck\u0259sizlik \u015f\u0259raitind\u0259 Q\u0259rbi Az\u0259rbaycana, o c\u00fcml\u0259d\u0259n Q\u0259rbi Z\u0259ng\u0259zura yerl\u0259\u015f\u0259c\u0259kl\u0259r\u201d.<\/p>\n","protected":false},"excerpt":{"rendered":"<p>Yax\u015f\u0131 olard\u0131 ki, Erm\u0259nistan\u0131n ba\u015f naziri Q\u0259rbi Az\u0259rbaycan \u0130cmas\u0131n\u0131n n\u00fcmay\u0259nd\u0259l\u0259rini q\u0259bul etsin. Bildiyim\u0259 g\u00f6r\u0259, onlar \u0130r\u0259vana da getm\u0259y\u0259 haz\u0131rd\u0131rlar. ARANTV.AZ\u00a0 x\u0259b\u0259r verir ki, bu s\u00f6zl\u0259ri Prezident \u0130lham \u018fliyev yanvar\u0131n 7-d\u0259 yerli televiziya kanallar\u0131na m\u00fcsahib\u0259sind\u0259 deyib. Q\u0259rbi az\u0259rbaycanl\u0131lar\u0131n oradan \u0259sass\u0131z qovulduqlar\u0131n\u0131 vur\u011fulayan d\u00f6vl\u0259timizin ba\u015f\u00e7\u0131s\u0131 \u0259lav\u0259 edib ki, onlar\u0131n qay\u0131tmalar\u0131 \u00fc\u00e7\u00fcn tam h\u00fcquqlar\u0131 vard\u0131r. \u201cErm\u0259nistan \u00f6z\u00fcn\u00fc bu g\u00fcn Avropa demokratiyas\u0131 yolu il\u0259 ged\u0259n \u00f6lk\u0259 kimi t\u0259qdim edir. Qoy onu \u0259yani \u015f\u0259kild\u0259 g\u00f6st\u0259rsin\u201d, &#8211; dey\u0259n Prezident, h\u0259m\u00e7inin vur\u011fulay\u0131b: \u201cBu m\u0259s\u0259l\u0259 g\u00fcnd\u0259likd\u0259n \u00e7\u0131xmayacaq, o vaxta q\u0259d\u0259r ki, az\u0259rbaycanl\u0131lar t\u0259hl\u00fck\u0259sizlik \u015f\u0259raitind\u0259 Q\u0259rbi Az\u0259rbaycana, o c\u00fcml\u0259d\u0259n&hellip;<\/p>\n","protected":false},"author":2,"featured_media":779576,"comment_status":"closed","ping_status":"closed","sticky":false,"template":"","format":"standard","meta":{"om_disable_all_campaigns":false,"_monsterinsights_skip_tracking":false,"_monsterinsights_sitenote_active":false,"_monsterinsights_sitenote_note":"","_monsterinsights_sitenote_category":0},"categories":[4],"tags":[],"aioseo_notices":[],"gutentor_comment":0,"rttpg_featured_image_url":{"full":["https:\/\/arantv.az\/wp-content\/uploads\/2025\/01\/f967b5e36d5fa24969ef8b4091a05371.jpg",870,500,false],"landscape":["https:\/\/arantv.az\/wp-content\/uploads\/2025\/01\/f967b5e36d5fa24969ef8b4091a05371.jpg",870,500,false],"portraits":["https:\/\/arantv.az\/wp-content\/uploads\/2025\/01\/f967b5e36d5fa24969ef8b4091a05371.jpg",870,500,false],"thumbnail":["https:\/\/arantv.az\/wp-content\/uploads\/2025\/01\/f967b5e36d5fa24969ef8b4091a05371-500x280.jpg",500,280,true],"medium":["https:\/\/arantv.az\/wp-content\/uploads\/2025\/01\/f967b5e36d5fa24969ef8b4091a05371-635x365.jpg",635,365,true],"large":["https:\/\/arantv.az\/wp-content\/uploads\/2025\/01\/f967b5e36d5fa24969ef8b4091a05371-840x483.jpg",640,368,true],"1536x1536":["https:\/\/arantv.az\/wp-content\/uploads\/2025\/01\/f967b5e36d5fa24969ef8b4091a05371.jpg",870,500,false],"2048x2048":["https:\/\/arantv.az\/wp-content\/uploads\/2025\/01\/f967b5e36d5fa24969ef8b4091a05371.jpg",870,500,false],"post-thumbnail":["https:\/\/arantv.az\/wp-content\/uploads\/2025\/01\/f967b5e36d5fa24969ef8b4091a05371-240x172.jpg",240,172,true],"advps-thumb-one":["https:\/\/arantv.az\/wp-content\/uploads\/2025\/01\/f967b5e36d5fa24969ef8b4091a05371.jpg",870,500,false]},"rttpg_author":{"display_name":"V\u00fcsal Rafiqo\u011flu","author_link":"https:\/\/arantv.az\/?author=2"},"rttpg_comment":0,"rttpg_category":"<a href=\"https:\/\/arantv.az\/?cat=4\" rel=\"category\">Siyas\u0259t<\/a>","rttpg_excerpt":"Yax\u015f\u0131 olard\u0131 ki, Erm\u0259nistan\u0131n ba\u015f naziri Q\u0259rbi Az\u0259rbaycan \u0130cmas\u0131n\u0131n n\u00fcmay\u0259nd\u0259l\u0259rini q\u0259bul etsin. Bildiyim\u0259 g\u00f6r\u0259, onlar \u0130r\u0259vana da getm\u0259y\u0259 haz\u0131rd\u0131rlar. ARANTV.AZ\u00a0 x\u0259b\u0259r verir ki, bu s\u00f6zl\u0259ri Prezident \u0130lham \u018fliyev yanvar\u0131n 7-d\u0259 yerli televiziya kanallar\u0131na m\u00fcsahib\u0259sind\u0259 deyib. Q\u0259rbi az\u0259rbaycanl\u0131lar\u0131n oradan \u0259sass\u0131z qovulduqlar\u0131n\u0131 vur\u011fulayan d\u00f6vl\u0259timizin ba\u015f\u00e7\u0131s\u0131 \u0259lav\u0259 edib ki, onlar\u0131n qay\u0131tmalar\u0131 \u00fc\u00e7\u00fcn tam h\u00fcquqlar\u0131 vard\u0131r. \u201cErm\u0259nistan \u00f6z\u00fcn\u00fc bu&hellip;","_links":{"self":[{"href":"https:\/\/arantv.az\/index.php?rest_route=\/wp\/v2\/posts\/779575"}],"collection":[{"href":"https:\/\/arantv.az\/index.php?rest_route=\/wp\/v2\/posts"}],"about":[{"href":"https:\/\/arantv.az\/index.php?rest_route=\/wp\/v2\/types\/post"}],"author":[{"embeddable":true,"href":"https:\/\/arantv.az\/index.php?rest_route=\/wp\/v2\/users\/2"}],"replies":[{"embeddable":true,"href":"https:\/\/arantv.az\/index.php?rest_route=%2Fwp%2Fv2%2Fcomments&post=779575"}],"version-history":[{"count":1,"href":"https:\/\/arantv.az\/index.php?rest_route=\/wp\/v2\/posts\/779575\/revisions"}],"predecessor-version":[{"id":779577,"href":"https:\/\/arantv.az\/index.php?rest_route=\/wp\/v2\/posts\/779575\/revisions\/779577"}],"wp:featuredmedia":[{"embeddable":true,"href":"https:\/\/arantv.az\/index.php?rest_route=\/wp\/v2\/media\/779576"}],"wp:attachment":[{"href":"https:\/\/arantv.az\/index.php?rest_route=%2Fwp%2Fv2%2Fmedia&parent=779575"}],"wp:term":[{"taxonomy":"category","embeddable":true,"href":"https:\/\/arantv.az\/index.php?rest_route=%2Fwp%2Fv2%2Fcategories&post=779575"},{"taxonomy":"post_tag","embeddable":true,"href":"https:\/\/arantv.az\/index.php?rest_route=%2Fwp%2Fv2%2Ftags&post=779575"}],"curies":[{"name":"wp","href":"https:\/\/api.w.org\/{rel}","templated":true}]}}