{"id":779578,"date":"2025-01-08T08:01:47","date_gmt":"2025-01-08T04:01:47","guid":{"rendered":"https:\/\/arantv.az\/?p=779578"},"modified":"2025-01-08T08:01:47","modified_gmt":"2025-01-08T04:01:47","slug":"ilham-%c9%99liyev-baki-t%c9%99s%c9%99bbus-qrupunun-f%c9%99aliyy%c9%99ti-ild%c9%99n-il%c9%99-genisl%c9%99nir","status":"publish","type":"post","link":"https:\/\/arantv.az\/?p=779578","title":{"rendered":"\u0130lham \u018fliyev: Bak\u0131 T\u0259\u015f\u0259bb\u00fcs Qrupunun f\u0259aliyy\u0259ti ild\u0259n-il\u0259 geni\u015fl\u0259nir"},"content":{"rendered":"<div class=\"text-content\" data-id=\"\" data-url=\"\">\n<p>Az\u0259rbaycan c\u0259miyy\u0259ti art\u0131q \u00f6z m\u00f6vqeyini ortaya qoyub v\u0259 Bak\u0131 T\u0259\u015f\u0259bb\u00fcs Qrupunun f\u0259aliyy\u0259ti ild\u0259n-il\u0259 geni\u015fl\u0259nir, b\u00f6y\u00fcy\u00fcr.<\/p>\n<p><strong>ARANTV.AZ\u00a0<\/strong> x\u0259b\u0259r verir ki, bunu Prezident \u0130lham \u018fliyev yanvar\u0131n 7-d\u0259 yerli televiziya kanallar\u0131na m\u00fcsahib\u0259sind\u0259 deyib.<\/p>\n<p>D\u00f6vl\u0259t ba\u015f\u00e7\u0131s\u0131 qeyd edib ki, \u0259g\u0259r bu proses m\u00fc\u0259yy\u0259n s\u0259b\u0259bl\u0259r \u00fcz\u00fcnd\u0259n ba\u015flam\u0131\u015fd\u0131rsa, bu g\u00fcn bu, art\u0131q h\u0259yat\u0131m\u0131z\u0131n bir par\u00e7as\u0131d\u0131r. Bu xalqlar faktiki olaraq he\u00e7 bir k\u00fctl\u0259vi informasiya vasit\u0259l\u0259rin\u0259 \u00e7\u0131x\u0131\u015f \u0259ld\u0259 ed\u0259 bilmirl\u0259r. Onlar h\u0259d\u0259l\u0259nir, onlara qar\u015f\u0131 \u0259dal\u0259tsizlik bir qayda olaraq art\u0131q \u00f6z\u00fcn\u00fc t\u0259sdiql\u0259yib. Onlar\u0131n m\u00fcdafi\u0259sin\u0259 qalxmaq ist\u0259y\u0259n t\u0259r\u0259fl\u0259rin, t\u0259\u015fkilatlar\u0131n say\u0131 da \u00e7ox azd\u0131r.<\/p>\n<p>\u201cBu m\u00fcst\u0259ml\u0259k\u0259\u00e7ilik praktikas\u0131 davam ed\u0259n\u0259 q\u0259d\u0259r biz o xalqlar\u0131n yan\u0131nda olaca\u011f\u0131q\u201d, &#8211; dey\u0259 Prezident \u0130lham \u018fliyev vur\u011fulay\u0131b.<\/p>\n<\/div>\n<div><\/div>\n<div><\/div>\n<div class=\"inner-social-box\">\n<div class=\"subs-in-social subs-whatsapp\"><\/div>\n<\/div>\n","protected":false},"excerpt":{"rendered":"<p>Az\u0259rbaycan c\u0259miyy\u0259ti art\u0131q \u00f6z m\u00f6vqeyini ortaya qoyub v\u0259 Bak\u0131 T\u0259\u015f\u0259bb\u00fcs Qrupunun f\u0259aliyy\u0259ti ild\u0259n-il\u0259 geni\u015fl\u0259nir, b\u00f6y\u00fcy\u00fcr. ARANTV.AZ\u00a0 x\u0259b\u0259r verir ki, bunu Prezident \u0130lham \u018fliyev yanvar\u0131n 7-d\u0259 yerli televiziya kanallar\u0131na m\u00fcsahib\u0259sind\u0259 deyib. D\u00f6vl\u0259t ba\u015f\u00e7\u0131s\u0131 qeyd edib ki, \u0259g\u0259r bu proses m\u00fc\u0259yy\u0259n s\u0259b\u0259bl\u0259r \u00fcz\u00fcnd\u0259n ba\u015flam\u0131\u015fd\u0131rsa, bu g\u00fcn bu, art\u0131q h\u0259yat\u0131m\u0131z\u0131n bir par\u00e7as\u0131d\u0131r. Bu xalqlar faktiki olaraq he\u00e7 bir k\u00fctl\u0259vi informasiya vasit\u0259l\u0259rin\u0259 \u00e7\u0131x\u0131\u015f \u0259ld\u0259 ed\u0259 bilmirl\u0259r. Onlar h\u0259d\u0259l\u0259nir, onlara qar\u015f\u0131 \u0259dal\u0259tsizlik bir qayda olaraq art\u0131q \u00f6z\u00fcn\u00fc t\u0259sdiql\u0259yib. Onlar\u0131n m\u00fcdafi\u0259sin\u0259 qalxmaq ist\u0259y\u0259n t\u0259r\u0259fl\u0259rin, t\u0259\u015fkilatlar\u0131n say\u0131 da \u00e7ox azd\u0131r. \u201cBu m\u00fcst\u0259ml\u0259k\u0259\u00e7ilik praktikas\u0131 davam ed\u0259n\u0259 q\u0259d\u0259r biz&hellip;<\/p>\n","protected":false},"author":2,"featured_media":779579,"comment_status":"closed","ping_status":"closed","sticky":false,"template":"","format":"standard","meta":{"om_disable_all_campaigns":false,"_monsterinsights_skip_tracking":false,"_monsterinsights_sitenote_active":false,"_monsterinsights_sitenote_note":"","_monsterinsights_sitenote_category":0},"categories":[4],"tags":[],"aioseo_notices":[],"gutentor_comment":0,"rttpg_featured_image_url":{"full":["https:\/\/arantv.az\/wp-content\/uploads\/2025\/01\/5fd633ff078486f3233a9883c81eed8c.png",623,369,false],"landscape":["https:\/\/arantv.az\/wp-content\/uploads\/2025\/01\/5fd633ff078486f3233a9883c81eed8c.png",623,369,false],"portraits":["https:\/\/arantv.az\/wp-content\/uploads\/2025\/01\/5fd633ff078486f3233a9883c81eed8c.png",623,369,false],"thumbnail":["https:\/\/arantv.az\/wp-content\/uploads\/2025\/01\/5fd633ff078486f3233a9883c81eed8c-500x280.png",500,280,true],"medium":["https:\/\/arantv.az\/wp-content\/uploads\/2025\/01\/5fd633ff078486f3233a9883c81eed8c-616x365.png",616,365,true],"large":["https:\/\/arantv.az\/wp-content\/uploads\/2025\/01\/5fd633ff078486f3233a9883c81eed8c.png",623,369,false],"1536x1536":["https:\/\/arantv.az\/wp-content\/uploads\/2025\/01\/5fd633ff078486f3233a9883c81eed8c.png",623,369,false],"2048x2048":["https:\/\/arantv.az\/wp-content\/uploads\/2025\/01\/5fd633ff078486f3233a9883c81eed8c.png",623,369,false],"post-thumbnail":["https:\/\/arantv.az\/wp-content\/uploads\/2025\/01\/5fd633ff078486f3233a9883c81eed8c-240x172.png",240,172,true],"advps-thumb-one":["https:\/\/arantv.az\/wp-content\/uploads\/2025\/01\/5fd633ff078486f3233a9883c81eed8c.png",623,369,false]},"rttpg_author":{"display_name":"V\u00fcsal Rafiqo\u011flu","author_link":"https:\/\/arantv.az\/?author=2"},"rttpg_comment":0,"rttpg_category":"<a href=\"https:\/\/arantv.az\/?cat=4\" rel=\"category\">Siyas\u0259t<\/a>","rttpg_excerpt":"Az\u0259rbaycan c\u0259miyy\u0259ti art\u0131q \u00f6z m\u00f6vqeyini ortaya qoyub v\u0259 Bak\u0131 T\u0259\u015f\u0259bb\u00fcs Qrupunun f\u0259aliyy\u0259ti ild\u0259n-il\u0259 geni\u015fl\u0259nir, b\u00f6y\u00fcy\u00fcr. ARANTV.AZ\u00a0 x\u0259b\u0259r verir ki, bunu Prezident \u0130lham \u018fliyev yanvar\u0131n 7-d\u0259 yerli televiziya kanallar\u0131na m\u00fcsahib\u0259sind\u0259 deyib. D\u00f6vl\u0259t ba\u015f\u00e7\u0131s\u0131 qeyd edib ki, \u0259g\u0259r bu proses m\u00fc\u0259yy\u0259n s\u0259b\u0259bl\u0259r \u00fcz\u00fcnd\u0259n ba\u015flam\u0131\u015fd\u0131rsa, bu g\u00fcn bu, art\u0131q h\u0259yat\u0131m\u0131z\u0131n bir par\u00e7as\u0131d\u0131r. Bu xalqlar faktiki olaraq he\u00e7 bir&hellip;","_links":{"self":[{"href":"https:\/\/arantv.az\/index.php?rest_route=\/wp\/v2\/posts\/779578"}],"collection":[{"href":"https:\/\/arantv.az\/index.php?rest_route=\/wp\/v2\/posts"}],"about":[{"href":"https:\/\/arantv.az\/index.php?rest_route=\/wp\/v2\/types\/post"}],"author":[{"embeddable":true,"href":"https:\/\/arantv.az\/index.php?rest_route=\/wp\/v2\/users\/2"}],"replies":[{"embeddable":true,"href":"https:\/\/arantv.az\/index.php?rest_route=%2Fwp%2Fv2%2Fcomments&post=779578"}],"version-history":[{"count":1,"href":"https:\/\/arantv.az\/index.php?rest_route=\/wp\/v2\/posts\/779578\/revisions"}],"predecessor-version":[{"id":779580,"href":"https:\/\/arantv.az\/index.php?rest_route=\/wp\/v2\/posts\/779578\/revisions\/779580"}],"wp:featuredmedia":[{"embeddable":true,"href":"https:\/\/arantv.az\/index.php?rest_route=\/wp\/v2\/media\/779579"}],"wp:attachment":[{"href":"https:\/\/arantv.az\/index.php?rest_route=%2Fwp%2Fv2%2Fmedia&parent=779578"}],"wp:term":[{"taxonomy":"category","embeddable":true,"href":"https:\/\/arantv.az\/index.php?rest_route=%2Fwp%2Fv2%2Fcategories&post=779578"},{"taxonomy":"post_tag","embeddable":true,"href":"https:\/\/arantv.az\/index.php?rest_route=%2Fwp%2Fv2%2Ftags&post=779578"}],"curies":[{"name":"wp","href":"https:\/\/api.w.org\/{rel}","templated":true}]}}