{"id":779581,"date":"2025-01-08T08:02:27","date_gmt":"2025-01-08T04:02:27","guid":{"rendered":"https:\/\/arantv.az\/?p=779581"},"modified":"2025-01-08T08:02:27","modified_gmt":"2025-01-08T04:02:27","slug":"prezident-m%c9%99n-bilir%c9%99m-ki-arxamda-az%c9%99rbaycan-xalqi-dayanir","status":"publish","type":"post","link":"https:\/\/arantv.az\/?p=779581","title":{"rendered":"Prezident: M\u0259n bilir\u0259m ki, arxamda Az\u0259rbaycan xalq\u0131 dayan\u0131r"},"content":{"rendered":"<div class=\"text-content\" data-id=\"\" data-url=\"\">\n<p>M\u0259n bilir\u0259m ki, arxamda Az\u0259rbaycan xalq\u0131 dayan\u0131r. Az\u0259rbaycan xalq\u0131 da bilir ki, m\u0259n onun arxas\u0131nda dayan\u0131ram, y\u0259ni, bu, x\u00fcsusi bir hissdir. Bunu y\u0259qin ki, bir \u00e7oxlar\u0131 ya\u015famay\u0131b. X\u00fcsusil\u0259 h\u0259r iki d\u00f6vrd\u0259 \u00f6lk\u0259y\u0259 r\u0259hb\u0259rlik ed\u0259n \u015f\u0259xs kimi b\u0259lk\u0259 d\u0259 bu, unikal t\u0259cr\u00fcb\u0259dir.<\/p>\n<p><strong>ARANTV.AZ\u00a0<\/strong> x\u0259b\u0259r verir ki, bu fikri Prezident \u0130lham \u018fliyev yanvar\u0131n 7-d\u0259 yerli televiziya kanallar\u0131na m\u00fcsahib\u0259sind\u0259 bildirib.<\/p>\n<p>\u201cM\u0259n azad edilmi\u015f torpaqlarda b\u0259lk\u0259 d\u0259 100 d\u0259f\u0259d\u0259n \u00e7ox olmu\u015fam v\u0259 h\u0259r d\u0259f\u0259 ged\u0259nd\u0259 \u00f6z\u00fcm\u0259 eyni s\u00f6zl\u0259ri deyir\u0259m, eyni sevinci b\u00f6l\u00fc\u015f\u00fcr\u0259m. Sanki birinci d\u0259f\u0259 g\u0259lmi\u015f\u0259m oraya. Biz el\u0259 \u00f6lk\u0259d\u0259 ya\u015fay\u0131r\u0131q ki, do\u011frudan da f\u0259xr ed\u0259 bil\u0259rik \u00f6lk\u0259mizl\u0259, ilk n\u00f6vb\u0259d\u0259, xalq\u0131m\u0131zla\u201d, &#8211; dey\u0259 d\u00f6vl\u0259t ba\u015f\u00e7\u0131s\u0131 vur\u011fulay\u0131b.<\/p>\n<\/div>\n<div><\/div>\n<div><\/div>\n<div class=\"inner-social-box\">\n<div class=\"subs-in-social subs-whatsapp\"><\/div>\n<\/div>\n","protected":false},"excerpt":{"rendered":"<p>M\u0259n bilir\u0259m ki, arxamda Az\u0259rbaycan xalq\u0131 dayan\u0131r. Az\u0259rbaycan xalq\u0131 da bilir ki, m\u0259n onun arxas\u0131nda dayan\u0131ram, y\u0259ni, bu, x\u00fcsusi bir hissdir. Bunu y\u0259qin ki, bir \u00e7oxlar\u0131 ya\u015famay\u0131b. X\u00fcsusil\u0259 h\u0259r iki d\u00f6vrd\u0259 \u00f6lk\u0259y\u0259 r\u0259hb\u0259rlik ed\u0259n \u015f\u0259xs kimi b\u0259lk\u0259 d\u0259 bu, unikal t\u0259cr\u00fcb\u0259dir. ARANTV.AZ\u00a0 x\u0259b\u0259r verir ki, bu fikri Prezident \u0130lham \u018fliyev yanvar\u0131n 7-d\u0259 yerli televiziya kanallar\u0131na m\u00fcsahib\u0259sind\u0259 bildirib. \u201cM\u0259n azad edilmi\u015f torpaqlarda b\u0259lk\u0259 d\u0259 100 d\u0259f\u0259d\u0259n \u00e7ox olmu\u015fam v\u0259 h\u0259r d\u0259f\u0259 ged\u0259nd\u0259 \u00f6z\u00fcm\u0259 eyni s\u00f6zl\u0259ri deyir\u0259m, eyni sevinci b\u00f6l\u00fc\u015f\u00fcr\u0259m. Sanki birinci d\u0259f\u0259 g\u0259lmi\u015f\u0259m oraya. Biz el\u0259 \u00f6lk\u0259d\u0259 ya\u015fay\u0131r\u0131q ki, do\u011frudan da&hellip;<\/p>\n","protected":false},"author":2,"featured_media":779582,"comment_status":"closed","ping_status":"closed","sticky":false,"template":"","format":"standard","meta":{"om_disable_all_campaigns":false,"_monsterinsights_skip_tracking":false,"_monsterinsights_sitenote_active":false,"_monsterinsights_sitenote_note":"","_monsterinsights_sitenote_category":0},"categories":[4],"tags":[],"aioseo_notices":[],"gutentor_comment":0,"rttpg_featured_image_url":{"full":["https:\/\/arantv.az\/wp-content\/uploads\/2025\/01\/78173de9f25efad1d0f9c1f79442cb19.jpg",850,500,false],"landscape":["https:\/\/arantv.az\/wp-content\/uploads\/2025\/01\/78173de9f25efad1d0f9c1f79442cb19.jpg",850,500,false],"portraits":["https:\/\/arantv.az\/wp-content\/uploads\/2025\/01\/78173de9f25efad1d0f9c1f79442cb19.jpg",850,500,false],"thumbnail":["https:\/\/arantv.az\/wp-content\/uploads\/2025\/01\/78173de9f25efad1d0f9c1f79442cb19-500x280.jpg",500,280,true],"medium":["https:\/\/arantv.az\/wp-content\/uploads\/2025\/01\/78173de9f25efad1d0f9c1f79442cb19-621x365.jpg",621,365,true],"large":["https:\/\/arantv.az\/wp-content\/uploads\/2025\/01\/78173de9f25efad1d0f9c1f79442cb19-840x494.jpg",640,376,true],"1536x1536":["https:\/\/arantv.az\/wp-content\/uploads\/2025\/01\/78173de9f25efad1d0f9c1f79442cb19.jpg",850,500,false],"2048x2048":["https:\/\/arantv.az\/wp-content\/uploads\/2025\/01\/78173de9f25efad1d0f9c1f79442cb19.jpg",850,500,false],"post-thumbnail":["https:\/\/arantv.az\/wp-content\/uploads\/2025\/01\/78173de9f25efad1d0f9c1f79442cb19-240x172.jpg",240,172,true],"advps-thumb-one":["https:\/\/arantv.az\/wp-content\/uploads\/2025\/01\/78173de9f25efad1d0f9c1f79442cb19.jpg",850,500,false]},"rttpg_author":{"display_name":"V\u00fcsal Rafiqo\u011flu","author_link":"https:\/\/arantv.az\/?author=2"},"rttpg_comment":0,"rttpg_category":"<a href=\"https:\/\/arantv.az\/?cat=4\" rel=\"category\">Siyas\u0259t<\/a>","rttpg_excerpt":"M\u0259n bilir\u0259m ki, arxamda Az\u0259rbaycan xalq\u0131 dayan\u0131r. Az\u0259rbaycan xalq\u0131 da bilir ki, m\u0259n onun arxas\u0131nda dayan\u0131ram, y\u0259ni, bu, x\u00fcsusi bir hissdir. Bunu y\u0259qin ki, bir \u00e7oxlar\u0131 ya\u015famay\u0131b. X\u00fcsusil\u0259 h\u0259r iki d\u00f6vrd\u0259 \u00f6lk\u0259y\u0259 r\u0259hb\u0259rlik ed\u0259n \u015f\u0259xs kimi b\u0259lk\u0259 d\u0259 bu, unikal t\u0259cr\u00fcb\u0259dir. ARANTV.AZ\u00a0 x\u0259b\u0259r verir ki, bu fikri Prezident \u0130lham \u018fliyev yanvar\u0131n 7-d\u0259 yerli televiziya kanallar\u0131na&hellip;","_links":{"self":[{"href":"https:\/\/arantv.az\/index.php?rest_route=\/wp\/v2\/posts\/779581"}],"collection":[{"href":"https:\/\/arantv.az\/index.php?rest_route=\/wp\/v2\/posts"}],"about":[{"href":"https:\/\/arantv.az\/index.php?rest_route=\/wp\/v2\/types\/post"}],"author":[{"embeddable":true,"href":"https:\/\/arantv.az\/index.php?rest_route=\/wp\/v2\/users\/2"}],"replies":[{"embeddable":true,"href":"https:\/\/arantv.az\/index.php?rest_route=%2Fwp%2Fv2%2Fcomments&post=779581"}],"version-history":[{"count":1,"href":"https:\/\/arantv.az\/index.php?rest_route=\/wp\/v2\/posts\/779581\/revisions"}],"predecessor-version":[{"id":779583,"href":"https:\/\/arantv.az\/index.php?rest_route=\/wp\/v2\/posts\/779581\/revisions\/779583"}],"wp:featuredmedia":[{"embeddable":true,"href":"https:\/\/arantv.az\/index.php?rest_route=\/wp\/v2\/media\/779582"}],"wp:attachment":[{"href":"https:\/\/arantv.az\/index.php?rest_route=%2Fwp%2Fv2%2Fmedia&parent=779581"}],"wp:term":[{"taxonomy":"category","embeddable":true,"href":"https:\/\/arantv.az\/index.php?rest_route=%2Fwp%2Fv2%2Fcategories&post=779581"},{"taxonomy":"post_tag","embeddable":true,"href":"https:\/\/arantv.az\/index.php?rest_route=%2Fwp%2Fv2%2Ftags&post=779581"}],"curies":[{"name":"wp","href":"https:\/\/api.w.org\/{rel}","templated":true}]}}