{"id":779584,"date":"2025-01-08T08:03:19","date_gmt":"2025-01-08T04:03:19","guid":{"rendered":"https:\/\/arantv.az\/?p=779584"},"modified":"2025-01-08T08:03:19","modified_gmt":"2025-01-08T04:03:19","slug":"ilham-%c9%99liyev-telekanallara-musahib%c9%99sind%c9%99-fransa-il%c9%99-bagli-hec-vaxt-danisilmayan-m%c9%99s%c9%99l%c9%99y%c9%99-toxunub","status":"publish","type":"post","link":"https:\/\/arantv.az\/?p=779584","title":{"rendered":"\u0130lham \u018fliyev telekanallara m\u00fcsahib\u0259sind\u0259 Fransa il\u0259 ba\u011fl\u0131 he\u00e7 vaxt dan\u0131\u015f\u0131lmayan m\u0259s\u0259l\u0259y\u0259 toxunub"},"content":{"rendered":"<p><strong>Prezident \u0130lham \u018fliyev yanvar\u0131n 7-d\u0259 yerli televiziya kanallar\u0131na m\u00fcsahib\u0259sind\u0259 Fransa il\u0259 ba\u011fl\u0131 he\u00e7 vaxt dan\u0131\u015f\u0131lmayan bir m\u0259s\u0259l\u0259y\u0259 toxunub.<\/strong><\/p>\n<p><strong>ARANTV.AZ<\/strong>\u00a0 x\u0259b\u0259r verir ki, d\u00f6vl\u0259t ba\u015f\u00e7\u0131s\u0131 bununla ba\u011fl\u0131 deyib: \u201cZ\u0259nnimc\u0259, bu, h\u0259r hans\u0131 \u015f\u0259kild\u0259 b\u00f6hrandan \u00e7\u0131xma\u011fa k\u00f6m\u0259k ed\u0259c\u0259k. Son bir ne\u00e7\u0259 ay \u0259rzind\u0259 biz Fransa h\u00f6kum\u0259tinin n\u00fcmay\u0259nd\u0259l\u0259rind\u0259n t\u0259maslar qurulmas\u0131 \u00fc\u00e7\u00fcn siqnallar al\u0131rd\u0131q, m\u0259nim yadda\u015f\u0131mda onlar\u0131n say\u0131 \u00fc\u00e7 v\u0259 ya d\u00f6rdd\u00fcr. M\u00fcxt\u0259lif \u015f\u0259xsl\u0259rd\u0259n bizim m\u00fcxt\u0259lif n\u00fcmay\u0259nd\u0259l\u0259r\u0259 m\u00fcraci\u0259tl\u0259r daxil olub v\u0259 h\u0259mi\u015f\u0259 cavab verilib: \u201cBiz haz\u0131r\u0131q\u201d. B\u0259li, biz el\u0259 bu g\u00fcn haz\u0131r\u0131q, amma he\u00e7 yer\u0259 getm\u0259y\u0259c\u0259yik, n\u0259 Paris\u0259, n\u0259 d\u0259 Br\u00fcssel\u0259. Biziml\u0259 g\u00f6r\u00fc\u015fm\u0259k laz\u0131md\u0131rsa, burada, Bak\u0131da m\u00fcmk\u00fcnd\u00fcr\u201d.<\/p>\n<p>Prezident bu yax\u0131nlarda yen\u0259 dan\u0131\u015fmaq v\u0259 m\u00fczakir\u0259 aparmaqla ba\u011fl\u0131 n\u00f6vb\u0259ti, verbal diplomatik depe\u015fan\u0131n daxil oldu\u011funu diqq\u0259t\u0259 \u00e7atd\u0131r\u0131b.<\/p>\n","protected":false},"excerpt":{"rendered":"<p>Prezident \u0130lham \u018fliyev yanvar\u0131n 7-d\u0259 yerli televiziya kanallar\u0131na m\u00fcsahib\u0259sind\u0259 Fransa il\u0259 ba\u011fl\u0131 he\u00e7 vaxt dan\u0131\u015f\u0131lmayan bir m\u0259s\u0259l\u0259y\u0259 toxunub. ARANTV.AZ\u00a0 x\u0259b\u0259r verir ki, d\u00f6vl\u0259t ba\u015f\u00e7\u0131s\u0131 bununla ba\u011fl\u0131 deyib: \u201cZ\u0259nnimc\u0259, bu, h\u0259r hans\u0131 \u015f\u0259kild\u0259 b\u00f6hrandan \u00e7\u0131xma\u011fa k\u00f6m\u0259k ed\u0259c\u0259k. Son bir ne\u00e7\u0259 ay \u0259rzind\u0259 biz Fransa h\u00f6kum\u0259tinin n\u00fcmay\u0259nd\u0259l\u0259rind\u0259n t\u0259maslar qurulmas\u0131 \u00fc\u00e7\u00fcn siqnallar al\u0131rd\u0131q, m\u0259nim yadda\u015f\u0131mda onlar\u0131n say\u0131 \u00fc\u00e7 v\u0259 ya d\u00f6rdd\u00fcr. M\u00fcxt\u0259lif \u015f\u0259xsl\u0259rd\u0259n bizim m\u00fcxt\u0259lif n\u00fcmay\u0259nd\u0259l\u0259r\u0259 m\u00fcraci\u0259tl\u0259r daxil olub v\u0259 h\u0259mi\u015f\u0259 cavab verilib: \u201cBiz haz\u0131r\u0131q\u201d. B\u0259li, biz el\u0259 bu g\u00fcn haz\u0131r\u0131q, amma he\u00e7 yer\u0259 getm\u0259y\u0259c\u0259yik, n\u0259 Paris\u0259, n\u0259 d\u0259 Br\u00fcssel\u0259. Biziml\u0259 g\u00f6r\u00fc\u015fm\u0259k laz\u0131md\u0131rsa,&hellip;<\/p>\n","protected":false},"author":2,"featured_media":779585,"comment_status":"closed","ping_status":"closed","sticky":false,"template":"","format":"standard","meta":{"om_disable_all_campaigns":false,"_monsterinsights_skip_tracking":false,"_monsterinsights_sitenote_active":false,"_monsterinsights_sitenote_note":"","_monsterinsights_sitenote_category":0},"categories":[4],"tags":[],"aioseo_notices":[],"gutentor_comment":0,"rttpg_featured_image_url":{"full":["https:\/\/arantv.az\/wp-content\/uploads\/2025\/01\/cf792fc36817847269c8501e8b0f1375.png",681,371,false],"landscape":["https:\/\/arantv.az\/wp-content\/uploads\/2025\/01\/cf792fc36817847269c8501e8b0f1375.png",681,371,false],"portraits":["https:\/\/arantv.az\/wp-content\/uploads\/2025\/01\/cf792fc36817847269c8501e8b0f1375.png",681,371,false],"thumbnail":["https:\/\/arantv.az\/wp-content\/uploads\/2025\/01\/cf792fc36817847269c8501e8b0f1375-500x280.png",500,280,true],"medium":["https:\/\/arantv.az\/wp-content\/uploads\/2025\/01\/cf792fc36817847269c8501e8b0f1375-660x360.png",660,360,true],"large":["https:\/\/arantv.az\/wp-content\/uploads\/2025\/01\/cf792fc36817847269c8501e8b0f1375.png",640,349,false],"1536x1536":["https:\/\/arantv.az\/wp-content\/uploads\/2025\/01\/cf792fc36817847269c8501e8b0f1375.png",681,371,false],"2048x2048":["https:\/\/arantv.az\/wp-content\/uploads\/2025\/01\/cf792fc36817847269c8501e8b0f1375.png",681,371,false],"post-thumbnail":["https:\/\/arantv.az\/wp-content\/uploads\/2025\/01\/cf792fc36817847269c8501e8b0f1375-240x172.png",240,172,true],"advps-thumb-one":["https:\/\/arantv.az\/wp-content\/uploads\/2025\/01\/cf792fc36817847269c8501e8b0f1375.png",681,371,false]},"rttpg_author":{"display_name":"V\u00fcsal Rafiqo\u011flu","author_link":"https:\/\/arantv.az\/?author=2"},"rttpg_comment":0,"rttpg_category":"<a href=\"https:\/\/arantv.az\/?cat=4\" rel=\"category\">Siyas\u0259t<\/a>","rttpg_excerpt":"Prezident \u0130lham \u018fliyev yanvar\u0131n 7-d\u0259 yerli televiziya kanallar\u0131na m\u00fcsahib\u0259sind\u0259 Fransa il\u0259 ba\u011fl\u0131 he\u00e7 vaxt dan\u0131\u015f\u0131lmayan bir m\u0259s\u0259l\u0259y\u0259 toxunub. ARANTV.AZ\u00a0 x\u0259b\u0259r verir ki, d\u00f6vl\u0259t ba\u015f\u00e7\u0131s\u0131 bununla ba\u011fl\u0131 deyib: \u201cZ\u0259nnimc\u0259, bu, h\u0259r hans\u0131 \u015f\u0259kild\u0259 b\u00f6hrandan \u00e7\u0131xma\u011fa k\u00f6m\u0259k ed\u0259c\u0259k. Son bir ne\u00e7\u0259 ay \u0259rzind\u0259 biz Fransa h\u00f6kum\u0259tinin n\u00fcmay\u0259nd\u0259l\u0259rind\u0259n t\u0259maslar qurulmas\u0131 \u00fc\u00e7\u00fcn siqnallar al\u0131rd\u0131q, m\u0259nim yadda\u015f\u0131mda onlar\u0131n say\u0131 \u00fc\u00e7&hellip;","_links":{"self":[{"href":"https:\/\/arantv.az\/index.php?rest_route=\/wp\/v2\/posts\/779584"}],"collection":[{"href":"https:\/\/arantv.az\/index.php?rest_route=\/wp\/v2\/posts"}],"about":[{"href":"https:\/\/arantv.az\/index.php?rest_route=\/wp\/v2\/types\/post"}],"author":[{"embeddable":true,"href":"https:\/\/arantv.az\/index.php?rest_route=\/wp\/v2\/users\/2"}],"replies":[{"embeddable":true,"href":"https:\/\/arantv.az\/index.php?rest_route=%2Fwp%2Fv2%2Fcomments&post=779584"}],"version-history":[{"count":1,"href":"https:\/\/arantv.az\/index.php?rest_route=\/wp\/v2\/posts\/779584\/revisions"}],"predecessor-version":[{"id":779586,"href":"https:\/\/arantv.az\/index.php?rest_route=\/wp\/v2\/posts\/779584\/revisions\/779586"}],"wp:featuredmedia":[{"embeddable":true,"href":"https:\/\/arantv.az\/index.php?rest_route=\/wp\/v2\/media\/779585"}],"wp:attachment":[{"href":"https:\/\/arantv.az\/index.php?rest_route=%2Fwp%2Fv2%2Fmedia&parent=779584"}],"wp:term":[{"taxonomy":"category","embeddable":true,"href":"https:\/\/arantv.az\/index.php?rest_route=%2Fwp%2Fv2%2Fcategories&post=779584"},{"taxonomy":"post_tag","embeddable":true,"href":"https:\/\/arantv.az\/index.php?rest_route=%2Fwp%2Fv2%2Ftags&post=779584"}],"curies":[{"name":"wp","href":"https:\/\/api.w.org\/{rel}","templated":true}]}}