{"id":779590,"date":"2025-01-08T08:05:10","date_gmt":"2025-01-08T04:05:10","guid":{"rendered":"https:\/\/arantv.az\/?p=779590"},"modified":"2025-01-08T08:05:10","modified_gmt":"2025-01-08T04:05:10","slug":"sosial-islahatlarin-m%c9%99rk%c9%99zind%c9%99-v%c9%99t%c9%99ndas-v%c9%99-onun-m%c9%99mnunluq-faktoru-dayanir","status":"publish","type":"post","link":"https:\/\/arantv.az\/?p=779590","title":{"rendered":"Sosial islahatlar\u0131n m\u0259rk\u0259zind\u0259 v\u0259t\u0259nda\u015f v\u0259 onun m\u0259mnunluq faktoru dayan\u0131r"},"content":{"rendered":"<p><em><strong>D\u00f6vl\u0259t ba\u015f\u00e7\u0131s\u0131 \u0130lham \u018fliyevin 7 yanvar 2025-ci il tarixli \u00abD\u00f6vl\u0259t b\u00fcdc\u0259sind\u0259n maliyy\u0259l\u0259\u015f\u0259n bir s\u0131ra t\u0259\u015fkilatlarda \u00e7al\u0131\u015fan i\u015f\u00e7il\u0259rin \u0259m\u0259khaqlar\u0131n\u0131n art\u0131r\u0131lmas\u0131 haqq\u0131nda\u00bb S\u0259r\u0259ncam\u0131 v\u0259t\u0259nda\u015f rifah\u0131n\u0131n t\u0259minat\u0131 m\u0259qs\u0259dil\u0259 apar\u0131lan sosial islahatlar\u0131n u\u011furla davam etdirildiyini bir daha t\u0259sdiql\u0259yir<\/strong><\/em><\/p>\n<p>H\u0259r bir \u00f6lk\u0259nin inki\u015faf\u0131nda iqtisadi amil \u0259sasd\u0131r. \u00dcmummilli Lider Heyd\u0259r \u018fliyevin \u00ab\u0130qtisadiyyat\u0131 g\u00fccl\u00fc olan d\u00f6vl\u0259t h\u0259r \u015fey\u0259 qadirdir\u00bb \u00e7a\u011f\u0131r\u0131\u015f\u0131 b\u00fct\u00fcn d\u00f6vrl\u0259r \u00fc\u00e7\u00fcn aktuall\u0131\u011f\u0131n\u0131 qoruyur, h\u0259yata ke\u00e7iril\u0259n siyas\u0259tin \u0259sas\u0131nda dayan\u0131r. D\u00f6vl\u0259timizin ba\u015f\u00e7\u0131s\u0131 \u0130lham \u018fliyevin \u00a0h\u0259r zaman yeni h\u0259d\u0259fl\u0259ri a\u00e7\u0131qlayark\u0259n \u00abB\u00fct\u00fcn bu i\u015fl\u0259ri g\u00f6rm\u0259k \u00fc\u00e7\u00fcn iqtisadiyyat\u0131m\u0131z inki\u015faf etm\u0259lidir\u00bb \u00e7a\u011f\u0131r\u0131\u015f\u0131 da iqtisadi amilin \u00f6n\u0259min\u0259 i\u015f\u0131q sal\u0131r. C\u0259nab \u0130lham \u018fliyev D\u00fcnya Az\u0259rbaycanl\u0131lar\u0131n\u0131n H\u0259mr\u0259yliyi G\u00fcn\u00fc v\u0259 Yeni il m\u00fcnasib\u0259til\u0259 xalqa m\u00fcraci\u0259tind\u0259 2024-c\u00fc ilin u\u011furlar\u0131 fonunda cari ild\u0259 qar\u015f\u0131da dayanan h\u0259d\u0259fl\u0259rd\u0259n b\u0259hs ed\u0259rk\u0259n diqq\u0259ti \u00f6lk\u0259mizin sosial-iqtisadi g\u00f6st\u0259ricil\u0259rin\u0259 y\u00f6n\u0259ltdi. Bildirdi ki, 2024-c\u00fc ilin \u00fcmumi daxili m\u0259hsul 4, qeyri-neft sektorunda \u00fcmumi daxili m\u0259hsul 6 qeyri-neft s\u0259naye sah\u0259sind\u0259 is\u0259 art\u0131m 7 faizd\u0259n \u00e7ox olub. Valyuta ehtiyatlar\u0131m\u0131z \u00a0haz\u0131rda 72 milyard dollardan \u00e7oxdur. \u00a0Eyni zamanda, xarici borcumuz\u00a0 azal\u0131b. Bu g\u00fcn Az\u0259rbaycan\u0131n xarici borcu c\u0259mi 5,2 milyard dollard\u0131r. Valyuta ehtiyatlar\u0131m\u0131z xarici borcumuzu 14 d\u0259f\u0259 \u00fcst\u0259l\u0259yir. Qaraba\u011f\u0131n v\u0259 \u015e\u0259rqi Z\u0259ng\u0259zurun b\u0259rpas\u0131, h\u0259rbi g\u00fcc\u00fcm\u00fcz\u00fcn art\u0131r\u0131lmas\u0131, sosial layih\u0259l\u0259rin icra edilm\u0259si il\u0259 yana\u015f\u0131, \u00f6n\u0259mli makroiqtisadi r\u0259q\u0259ml\u0259r \u0259ld\u0259 edildi.<\/p>\n<p>Az\u0259rbaycan bu g\u00fcn d\u00fcnyada \u00a0sosial d\u00f6vl\u0259t kimi n\u00fcfuz qazan\u0131b. Sosial d\u00f6vl\u0259td\u0259 islahatlar\u0131n m\u0259rk\u0259zind\u0259 m\u0259hz v\u0259t\u0259nda\u015f v\u0259 onun m\u0259mnunluq faktoru dayan\u0131r. \u00ab\u0130nsan amili, insan kapital\u0131. M\u0259n h\u0259l\u0259 bunu 2003-c\u00fc ild\u0259 demi\u015f\u0259m, biz neft kapital\u0131n\u0131 insan kapital\u0131na \u00e7evirm\u0259liyik. Bunu dey\u0259nd\u0259 t\u0259kc\u0259 elm\u0259, texnologiyalara, t\u0259hsil\u0259 qoyulan v\u0259saitd\u0259n s\u00f6hb\u0259t getmir\u00bb s\u00f6yl\u0259y\u0259n c\u0259nab \u0130lham \u018fliyev bildirir ki, s\u00f6hb\u0259t ondan gedir ki, Az\u0259rbaycan v\u0259t\u0259nda\u015f\u0131na h\u0259r yerd\u0259 h\u00f6rm\u0259t olmal\u0131d\u0131r.<\/p>\n<p>T\u0259bii ki, s\u00f6hb\u0259t insanlara diqq\u0259t v\u0259 qay\u011f\u0131dan, sosial d\u00f6vl\u0259t anlay\u0131\u015f\u0131ndan gedirs\u0259, c\u0259miyy\u0259td\u0259 sosial \u0259dal\u0259t\u0259, s\u00fclh\u0259 v\u0259 \u0259m\u0259kda\u015fl\u0131\u011fa s\u00f6yk\u0259n\u0259n m\u00fcnasib\u0259tl\u0259r formala\u015fmal\u0131,\u00a0h\u0259r bir v\u0259t\u0259nda\u015fa b\u0259rab\u0259r imkanlar yarad\u0131lmal\u0131, g\u00f6st\u0259ril\u0259n xidm\u0259tl\u0259r h\u0259r k\u0259s\u0259 \u0259l\u00e7atan v\u0259 rahat olmal\u0131d\u0131r. D\u00f6vl\u0259t ba\u015f\u00e7\u0131s\u0131 \u0130lham \u018fliyev m\u0259hz bu kimi amill\u0259ri \u00f6n\u0259 \u00e7\u0259k\u0259r\u0259k h\u0259r bir \u00e7\u0131x\u0131\u015f\u0131nda bildirir ki, \u0259g\u0259r insanlar g\u00f6r\u00fcl\u0259n i\u015fl\u0259rd\u0259n raz\u0131 qalarsa, onda m\u0259n d\u0259 raz\u0131 olaram.<\/p>\n<p>D\u00f6vl\u0259timizin ba\u015f\u00e7\u0131s\u0131 \u0130lham \u018fliyevin ir\u0259li s\u00fcrd\u00fcy\u00fc h\u0259r bir \u00a0t\u0259\u015f\u0259bb\u00fcs, q\u0259bul etdiyi q\u0259rar \u00a0xalq t\u0259r\u0259find\u0259n d\u0259st\u0259kl\u0259nir, b\u00f6y\u00fck r\u0259\u011fb\u0259tl\u0259 qar\u015f\u0131lan\u0131r. C\u0259nab \u0130lham \u018fliyev bu m\u0259qam\u0131 da x\u00fcsusi vur\u011fulay\u0131r ki, m\u0259n xalqa g\u00fcv\u0259nir, xalqdan g\u00fcc al\u0131ram.<\/p>\n<p>Bu g\u00fcn paytaxt v\u0259 b\u00f6lg\u0259l\u0259r\u0259, k\u0259nd v\u0259 q\u0259s\u0259b\u0259l\u0259r\u0259 diqq\u0259t yetir\u0259rk\u0259n b\u00f6y\u00fck inki\u015faf\u0131n, t\u0259r\u0259qqinin, sa\u011flam r\u0259qab\u0259tin \u015fahidi oluruq. Son d\u00f6rd ild\u0259 tarixi Z\u0259f\u0259rimiz fonunda i\u015f\u011faldan azad edilmi\u015f \u0259razil\u0259rimizd\u0259 apar\u0131lan b\u0259rpa-quruculuq i\u015fl\u0259ri d\u0259 v\u0259t\u0259nda\u015f m\u0259mnunlu\u011funun art\u0131r\u0131lmas\u0131n\u0131n prioritet oldu\u011funu n\u00fcmayi\u015f etdirir. D\u00f6vl\u0259t ba\u015f\u00e7\u0131s\u0131 \u0130lham \u018fliyev b\u0259rpa i\u015fl\u0259rin\u0259 ba\u015fland\u0131\u011f\u0131 g\u00fcnd\u0259n bu h\u0259d\u0259fi a\u00e7\u0131qlad\u0131 ki, ke\u00e7mi\u015f k\u00f6\u00e7k\u00fcnl\u0259rin y\u00fcks\u0259k ya\u015fay\u0131\u015f\u0131n\u0131n t\u0259min edilm\u0259si \u00fc\u00e7\u00fcn b\u00fct\u00fcn z\u0259ruri i\u015fl\u0259r g\u00f6r\u00fclm\u0259lidir. S\u00f6z\u00fcged\u0259n m\u00fcraci\u0259td\u0259 d\u00f6vl\u0259timizin ba\u015f\u00e7\u0131s\u0131 \u0130lham \u018fliyev Qaraba\u011fda v\u0259 \u015e\u0259rqi Z\u0259ng\u0259zurda apar\u0131lan b\u0259rpa-quruculuq i\u015fl\u0259rind\u0259n d\u0259 geni\u015f b\u0259hs etdi. \u00a0\u201cQaraba\u011f\u0131n v\u0259 \u015e\u0259rqi Z\u0259ng\u0259zurun b\u0259rpas\u0131 u\u011furla gedir\u00bb s\u00f6yl\u0259y\u0259n c\u0259nab \u0130lham \u018fliyev bildirdi ki, art\u0131q 10 min\u0259 yax\u0131n ke\u00e7mi\u015f m\u0259cburi k\u00f6\u00e7k\u00fcn bu torpaqlara qay\u0131d\u0131b, onlar \u00fc\u00e7\u00fcn \u0259n g\u00f6z\u0259l \u015f\u0259rait yarad\u0131l\u0131b. B\u00fct\u00f6vl\u00fckd\u0259 is\u0259 azad edilmi\u015f \u0259razil\u0259rd\u0259 30 mind\u0259n \u00e7ox insan ya\u015fay\u0131r, \u00e7al\u0131\u015f\u0131r, i\u015fl\u0259yir. Cari ild\u0259 \u00a0oraya qay\u0131dacaq v\u0259t\u0259nda\u015flar\u0131n say\u0131 b\u00f6y\u00fck d\u0259r\u0259c\u0259d\u0259 artacaq. 2021-ci ild\u0259n bu g\u00fcn\u0259 q\u0259d\u0259r Qaraba\u011f\u0131n v\u0259 \u015e\u0259rqi Z\u0259ng\u0259zurun b\u0259rpas\u0131na Az\u0259rbaycan 19 milyard manatdan \u00e7ox v\u0259sait ay\u0131r\u0131b v\u0259 bundan sonra da B\u00f6y\u00fck Qay\u0131d\u0131\u015f Proqram\u0131n\u0131n icra edilm\u0259si\u00a0 prioritet m\u0259s\u0259l\u0259 olacaq.<\/p>\n<p>D\u00f6vl\u0259t b\u00fcdc\u0259sind\u0259n ay\u0131rmalarda da m\u00fcdafi\u0259 il\u0259 yana\u015f\u0131, b\u0259rpa-quruculuq i\u015fl\u0259rin\u0259 ayr\u0131lan v\u0259sait d\u0259 x\u00fcsusi diqq\u0259td\u0259 olur. 2025-ci ilin d\u00f6vl\u0259t b\u00fcdc\u0259sind\u0259 h\u0259rbi x\u0259rcl\u0259r 8,4 milyard manatd\u0131r. Prezident \u0130lham \u018fliyev vur\u011fulad\u0131 ki, biz m\u0259cbur qal\u0131b bunu bu s\u0259viyy\u0259y\u0259 qald\u0131rm\u0131\u015f\u0131q. \u00c7\u00fcnki C\u0259nubi Qafqazda Erm\u0259nistan\u0131n ba\u015flatd\u0131\u011f\u0131 silahlanma yar\u0131\u015f\u0131nda\u00a0 gerid\u0259 qala bilm\u0259rik. Ancaq \u0259g\u0259r bu silahlanma yar\u0131\u015f\u0131 olmasayd\u0131, h\u0259min bu pulun \u0259n az\u0131 yar\u0131s\u0131 dig\u0259r sah\u0259l\u0259r\u0259 &#8211; Qaraba\u011f\u0131n, \u015e\u0259rqi Z\u0259ng\u0259zurun b\u0259rpa edilm\u0259sin\u0259, v\u0259t\u0259nda\u015flar\u0131m\u0131z\u0131n sosial probleml\u0259rinin h\u0259llin\u0259 istiqam\u0259tl\u0259ndiril\u0259c\u0259kdi. M\u00fcqayis\u0259 \u00fc\u00e7\u00fcn qeyd ed\u0259k ki, h\u0259rbi x\u0259rcl\u0259rimiz \u00a08,4 milyard manat, Qaraba\u011f\u0131n v\u0259 \u015e\u0259rqi Z\u0259ng\u0259zurun b\u0259rpas\u0131na \u00a0is\u0259 4 milyard manat v\u0259sait ayr\u0131l\u0131b.<\/p>\n<p>H\u0259r yeni il v\u0259t\u0259nda\u015flar\u0131m\u0131z\u0131n xo\u015f ovqat\u0131n\u0131n daha da yax\u015f\u0131la\u015fmas\u0131na y\u00f6n\u0259l\u0259n Prezident s\u0259r\u0259ncamlar\u0131 il\u0259 yadda qal\u0131r. Prezident \u0130lham \u018fliyevin 23 dekabr 2024-c\u00fc il tarixli \u201c\u018fhalinin sosial rifah\u0131n\u0131n yax\u015f\u0131la\u015fd\u0131r\u0131lmas\u0131 sah\u0259sind\u0259 t\u0259dbirl\u0259rin davam etdirilm\u0259si haqq\u0131nda\u201d S\u0259r\u0259ncam\u0131 v\u0259t\u0259nda\u015f rifah\u0131n\u0131n t\u0259minat\u0131 m\u0259qs\u0259dil\u0259 apar\u0131lan sosial islahatlar\u0131n u\u011furla davam etdirildiyini bir daha g\u00f6st\u0259rir. Yeni S\u0259r\u0259ncama \u0259sas\u0259n, 2025-ci il yanvar\u0131n 1-d\u0259n \u00f6lk\u0259mizd\u0259 minimum ayl\u0131q \u0259m\u0259khaqq\u0131n\u0131n m\u0259bl\u0259\u011fi 345 manatdan 16 faiz art\u0131mla 400 manata, 2025-ci il fevral\u0131n 1-d\u0259n \u0259m\u0259k pensiyas\u0131n\u0131n minimum m\u0259bl\u0259\u011fi 280 manatdan 14,3 faiz art\u0131mla 320 manata \u00e7atd\u0131r\u0131lacaq. Bu art\u0131mlarla birg\u0259 art\u0131q 2018-ci ilin \u0259vv\u0259lind\u0259n minimum ayl\u0131q \u0259m\u0259khaqq\u0131nda 3,1 d\u0259f\u0259, minimum pensiyada 3 d\u0259f\u0259y\u0259d\u0259k art\u0131ma nail olunub.<\/p>\n<p>D\u00f6vl\u0259t ba\u015f\u00e7\u0131s\u0131 \u0130lham \u018fliyev D\u00fcnya Az\u0259rbaycanl\u0131lar\u0131n\u0131n H\u0259mr\u0259yliyi G\u00fcn\u00fc v\u0259 Yeni il m\u00fcnasib\u0259til\u0259 xalqa m\u00fcraci\u0259tind\u0259 onu da bildirdi ki, b\u00fct\u00fcn\u00a0 b\u00f6y\u00fck investisiya, s\u0259rmay\u0259 qoyulu\u015fu layih\u0259l\u0259rinin icras\u0131na baxmayaraq, sosial sah\u0259, insanlar\u0131n g\u00fcz\u0259ran\u0131, insanlar\u0131n sosial m\u00fcdafi\u0259si daim diqq\u0259t m\u0259rk\u0259zind\u0259 olacaq.<\/p>\n<p>Onu da qeyd ed\u0259k ki, 2019-cu ild\u0259n\u00a0 bu yana d\u00f6rd sosial paket layih\u0259si\u00a0 icra edilmi\u015fdir. Art\u0131q\u00a0 be\u015finci paketin icras\u0131na ba\u015flan\u0131l\u0131b.\u00a0 Bu layih\u0259l\u0259r\u0259 ayr\u0131lan v\u0259 ayr\u0131lacaq v\u0259sait 7,5 milyard manat olacaq. M\u00fcavin\u0259t v\u0259 t\u0259qa\u00fcd \u00f6d\u0259ni\u015fl\u0259rind\u0259 art\u0131m dinamikas\u0131\u00a0 davam edir. D\u00f6vl\u0259t ba\u015f\u00e7\u0131s\u0131 \u0130lham \u018fliyevin 7 yanvar 2025-ci il tarixli \u00abD\u00f6vl\u0259t b\u00fcdc\u0259sind\u0259n maliyy\u0259l\u0259\u015f\u0259n bir s\u0131ra t\u0259\u015fkilatlarda \u00e7al\u0131\u015fan i\u015f\u00e7il\u0259rin \u0259m\u0259khaqlar\u0131n\u0131n art\u0131r\u0131lmas\u0131 haqq\u0131nda\u00bb S\u0259r\u0259ncam\u0131na uy\u011fun olaraq \u00a0d\u00f6vl\u0259t b\u00fcdc\u0259sind\u0259n maliyy\u0259l\u0259\u015f\u0259n bir s\u0131ra t\u0259\u015fkilatlarda \u00e7al\u0131\u015fan r\u0259hb\u0259r v\u0259 dig\u0259r i\u015f\u00e7il\u0259rin ayl\u0131q v\u0259zif\u0259 maa\u015flar\u0131 2025-ci il yanvar\u0131n 1-d\u0259n orta hesabla 15 faiz art\u0131r\u0131l\u0131r.<\/p>\n<p>D\u00f6vl\u0259t b\u00fcdc\u0259sind\u0259 sosialy\u00f6nl\u00fc x\u0259rcl\u0259rin ard\u0131c\u0131l v\u0259 ciddi art\u0131m\u0131na m\u00fcqayis\u0259li \u015f\u0259kild\u0259 n\u0259z\u0259r salaq. Bel\u0259 ki, bu x\u0259rcl\u0259r 2021-ci ild\u0259ki 10,3 mlrd. manatdan 2024-c\u00fc il \u00fc\u00e7\u00fcn \u00a015,5 mlrd. manata \u00e7at\u0131b v\u0259 2025-ci ilin b\u00fcdc\u0259 layih\u0259sind\u0259 16,9 mlrd. manat n\u0259z\u0259rd\u0259 tutulur. Bel\u0259likl\u0259, h\u0259min x\u0259rcl\u0259rd\u0259 q\u0131sa m\u00fcdd\u0259td\u0259 6,6 mlrd v\u0259 ya 1,6 d\u0259f\u0259 art\u0131m olub. Sosialy\u00f6nl\u00fc x\u0259rcl\u0259rin \u00e7\u0259kisinin b\u00fcdc\u0259d\u0259 41 faiz olmas\u0131 bir daha sosial rifah\u0131n d\u00f6vl\u0259t siyas\u0259tinin prioritet istiqam\u0259ti oldu\u011funu g\u00f6st\u0259rir.<\/p>\n<p>G\u00f6r\u00fcnd\u00fcy\u00fc kimi, sosial sah\u0259 \u00e7ox\u015fax\u0259lidir. Bura \u00f6z\u00fcn\u00fcm\u0259\u015f\u011fulluq proqram\u0131n\u0131 da \u0259lav\u0259 ets\u0259k, \u0259halinin sosial m\u00fcdafi\u0259sinin g\u00fcnd\u0259n-g\u00fcn\u0259 daha da g\u00fccl\u0259ndirilm\u0259si \u00fc\u00e7\u00fcn m\u00fch\u00fcm layih\u0259l\u0259rin icras\u0131n\u0131n prioritet oldu\u011funu g\u00f6r\u0259rik. O da m\u0259lumdur ki, \u00f6lk\u0259mizd\u0259 ABAD m\u0259rk\u0259zl\u0259ri yarad\u0131l\u0131r ki, bunlar ail\u0259 t\u0259s\u0259rr\u00fcfatlar\u0131na asan d\u0259st\u0259yi g\u00f6st\u0259rm\u0259kl\u0259 h\u0259m \u00f6z\u00fcn\u00fcm\u0259\u015fgullu\u011fun inki\u015faf\u0131na, h\u0259m d\u0259 bu \u0259sasda insanlar\u0131n sosial rifah hal\u0131n\u0131n yax\u015f\u0131la\u015fmas\u0131na \u00f6z t\u00f6hf\u0259l\u0259rini verirl\u0259r. \u00d6z\u00fcn\u00fcm\u0259\u015f\u011fulluq proqram\u0131n\u0131n \u0259hat\u0259 dair\u0259si g\u00fcnd\u0259n-g\u00fcn\u0259 geni\u015fl\u0259nir. H\u0259tta Az\u0259rbaycan beyn\u0259lxalq maliyy\u0259 institutlar\u0131n\u0131 da bu proqrama c\u0259lb edib. \u00dcmumilikd\u0259 \u0259halinin m\u0259\u015f\u011fullu\u011funun t\u0259minat\u0131 Prezident \u0130lham \u018fliyevin sosial-iqtisadi siyas\u0259tind\u0259 m\u00fch\u00fcm yer tutur. Bunun n\u0259tic\u0259si olaraq, \u00f6lk\u0259d\u0259 \u00e7oxsayl\u0131 yeni i\u015f yerl\u0259ri a\u00e7\u0131lmaqla, aktiv m\u0259\u015f\u011fulluq proqramlar\u0131n\u0131n \u0259hat\u0259 dair\u0259si d\u0259 ild\u0259n-il\u0259 \u0259h\u0259miyy\u0259tli d\u0259r\u0259c\u0259d\u0259 geni\u015fl\u0259ndirilir. T\u0259kc\u0259 2018-2024-c\u00fc ill\u0259rd\u0259 \u018fm\u0259k v\u0259 \u018fhalinin Sosial M\u00fcdafi\u0259si Nazirliyinin tabeliyind\u0259 D\u00f6vl\u0259t M\u0259\u015f\u011fulluq Agentliyi t\u0259r\u0259find\u0259n 635 min v\u0259t\u0259nda\u015f i\u015fl\u0259 t\u0259min edilib, 36 min \u015f\u0259xs pe\u015f\u0259 haz\u0131rl\u0131\u011f\u0131na c\u0259lb olunub. \u00d6lk\u0259 Prezidentinin tap\u015f\u0131r\u0131\u011f\u0131 il\u0259 icra olunan \u00f6z\u00fcn\u00fcm\u0259\u015f\u011fulluq proqram\u0131 m\u00fch\u00fcm sosial-iqtisadi \u0259h\u0259miyy\u0259ti il\u0259 se\u00e7il\u0259n proqram olmaqla i\u015fsiz v\u0259 i\u015faxtaran \u015f\u0259xsl\u0259rin ki\u00e7ik biznes\u0259 \u00e7\u0131x\u0131\u015f\u0131na d\u0259st\u0259k verir. 2017-ci ild\u0259n icra olunan \u00f6z\u00fcn\u00fcm\u0259\u015f\u011fulluq proqram\u0131na c\u0259lb olunanlar\u0131n illik say\u0131 \u00f6t\u0259n d\u00f6vrd\u0259 t\u0259qrib\u0259n 15 d\u0259f\u0259 art\u0131r\u0131laraq 16 mini \u00f6t\u00fcb. \u0130ndiy\u0259d\u0259k 93 min \u015f\u0259xs \u00f6z\u00fcn\u00fcm\u0259\u015f\u011fulluq proqram\u0131na c\u0259lb edil\u0259r\u0259k onlara verilmi\u015f aktivl\u0259r hesab\u0131na ki\u00e7ik t\u0259s\u0259rr\u00fcfatlar\u0131n\u0131 yarad\u0131blar. G\u0259l\u0259n il bu say art\u0131q 100 mini \u00f6t\u0259c\u0259k. Az\u0259rbaycan sosial d\u00f6vl\u0259t oldu\u011funu s\u00f6zd\u0259 yox, \u0259m\u0259ld\u0259 t\u0259sdiql\u0259yir.<\/p>\n<p>C\u0259nab \u0130lham \u018fliyev Prezident kimi f\u0259aliyy\u0259t\u0259 ba\u015flad\u0131\u011f\u0131 ilk g\u00fcnd\u0259n sosial-iqtisadi g\u00f6st\u0259ricil\u0259rin r\u0259q\u0259ml\u0259rd\u0259 deyil, insanlar\u0131n g\u00fcnd\u0259lik h\u0259yat\u0131nda \u00f6z \u0259ksini tapmas\u0131n\u0131 qar\u015f\u0131ya \u0259sas h\u0259d\u0259f kimi qoydu. \u018fm\u0259k haqlar\u0131n\u0131n, pensiyalar\u0131n ild\u0259 \u0259n az\u0131 iki d\u0259f\u0259 art\u0131r\u0131lmas\u0131n\u0131n vacibliyi bildirildi. T\u0259bii ki, bu, \u00f6lk\u0259mizin iqtisadi inki\u015faf\u0131 il\u0259 s\u0131x ba\u011fl\u0131d\u0131r. Az\u0259rbaycan\u0131n iqtisadi imkanlar\u0131 artd\u0131qca, bu, ilk n\u00f6vb\u0259d\u0259 \u00f6z\u00fcn\u00fc g\u00fccl\u00fc sosial siyas\u0259td\u0259 n\u00fcmayi\u015f etdirir. Sosial siyas\u0259tin \u0259sas t\u0259rkib hiss\u0259l\u0259rind\u0259n biri \u015f\u0259hid ail\u0259l\u0259rin\u0259, qazil\u0259r\u0259 diqq\u0259t v\u0259 qay\u011f\u0131n\u0131n g\u00f6st\u0259rilm\u0259sidir.<\/p>\n<p>Sosial xidm\u0259t sah\u0259sind\u0259 t\u0259kmill\u0259\u015fm\u0259, yeni\u015fl\u0259\u015fm\u0259 diqq\u0259td\u0259n k\u0259narda qalm\u0131r. Apar\u0131lan u\u011furlu sosial islahatlar proqram\u0131n\u0131n m\u00fch\u00fcm nailiyy\u0259tl\u0259ri s\u0131ras\u0131nda DOST \u00a0Konsepsiyas\u0131 x\u00fcsusi yer tutur. Prezident \u0130lham \u018fliyevin F\u0259rman\u0131 il\u0259 2019-cu ild\u0259n DOST Agentliyi yarad\u0131l\u0131b. Bu g\u00fcn\u0259d\u0259k\u00a0 \u00a0Bak\u0131 \u015f\u0259h\u0259ri, Ab\u015feron v\u0259 B\u0259rd\u0259 rayonlar\u0131nda olmaqla 7 DOST M\u0259rk\u0259zi a\u00e7\u0131l\u0131b. Haz\u0131rda bu yenilikl\u0259r i\u015f\u011faldan azad edilmi\u015f \u0259razil\u0259rimizd\u0259 d\u0259 t\u0259tbiq edilir. \u00a0\u00a0Z\u0259ngilan\u0131n A\u011fal\u0131 k\u0259ndind\u0259 \u00abSmart DOST\u00bb xidm\u0259t m\u0259nt\u0259q\u0259si, 2024-c\u00fc ild\u0259 is\u0259 \u00a0Qaraba\u011f Regional DOST M\u0259rk\u0259zinin \u015eu\u015fada filial\u0131 a\u00e7\u0131ld\u0131.<\/p>\n<p>G\u00f6r\u00fcnd\u00fcy\u00fc kimi, \u00f6lk\u0259mizin iqtisadi imkanlar\u0131n\u0131n artmas\u0131 g\u00fccl\u00fc sosial siyas\u0259ti \u015f\u0259rtl\u0259ndirir. Haz\u0131rda Az\u0259rbaycan\u0131n t\u0259kmil iqtisadi inki\u015faf modeli d\u00fcnyaya n\u00fcmun\u0259dir. \u00dcmummilli Lider Heyd\u0259r \u018fliyevin iqtisadiyyat\u0131n inki\u015faf\u0131nda neft amilin\u0259 x\u00fcsusi \u00f6n\u0259m verm\u0259si bug\u00fcn\u00fcm\u00fcz\u0259 v\u0259 g\u0259l\u0259c\u0259y\u0259 hesablanm\u0131\u015f add\u0131m oldu. Bu g\u00fcn Az\u0259rbaycan Ulu \u00d6nd\u0259rin m\u00fc\u0259llifi oldu\u011fu neft strategiyas\u0131n\u0131n u\u011furlar\u0131n\u0131 ya\u015fay\u0131r. Neft-qaz g\u0259lirl\u0259rinin idar\u0259 olunmas\u0131nda \u015f\u0259ffafl\u0131\u011f\u0131n qorunmas\u0131 iqtisadiyyat\u0131nda \u015fax\u0259l\u0259ndirilm\u0259 siyas\u0259tinin u\u011furla h\u0259yata ke\u00e7irilm\u0259sini \u015f\u0259rtl\u0259ndirir. 2003-c\u00fc ild\u0259n c\u0259nab \u0130lham \u018fliyev iqtisadi art\u0131m\u0131n qeyri-neft sektorunun hesab\u0131na olmas\u0131n\u0131 \u0259sas h\u0259d\u0259f kimi qar\u015f\u0131ya qoydu. Bu h\u0259d\u0259f\u0259 nail olmaq \u00fc\u00e7\u00fcn regionlar\u0131n malik oldu\u011fu potensialdan s\u0259m\u0259r\u0259li istifad\u0259 etm\u0259k \u00fc\u00e7\u00fcn Regional inki\u015faf proqramlar\u0131 icra edilm\u0259y\u0259 ba\u015flad\u0131. 4 D\u00f6vl\u0259t Proqram\u0131n\u0131n icras\u0131n\u0131n u\u011furlu n\u0259tic\u0259l\u0259ri \u00f6z\u00fcn\u00fc paytaxt v\u0259 b\u00f6lg\u0259l\u0259rin inki\u015faf\u0131nda ayd\u0131n ifad\u0259sini tap\u0131r. Tarixi Z\u0259f\u0259rimizd\u0259n sonra t\u0259sdiql\u0259n\u0259n \u201cAz\u0259rbaycan 2030: sosial-iqtisadi inki\u015fafa dair Milli Prioritetl\u0259r\u201d Az\u0259rbaycan\u0131n bug\u00fcnk\u00fc v\u0259 g\u0259l\u0259c\u0259k inki\u015faf\u0131n\u0131n yol x\u0259rit\u0259sidir. Bu s\u0259n\u0259dd\u0259 \u0259ksini tapan be\u015f \u0259sas h\u0259d\u0259f \u00f6lk\u0259mizin iqtisadi inki\u015faf\u0131n\u0131n \u00fcmumi m\u0259nz\u0259r\u0259sini yarad\u0131r. Az\u0259rbaycan bu g\u00fcn art\u0131q \u201cya\u015f\u0131l \u00f6lk\u0259\u201d kimi d\u00fcnyan\u0131n diqq\u0259tind\u0259dir. \u00d6t\u0259n il \u00f6lk\u0259mizin beyn\u0259lxalq n\u00fcfuzunun, eyni zamanda, iqtisadi imkanlar\u0131n\u0131n d\u00fcnyaya t\u0259qdimat\u0131 olan COP29-un \u0259h\u0259miyy\u0259tind\u0259n b\u0259hs ed\u0259rk\u0259n bu m\u00f6t\u0259b\u0259r t\u0259dbirin investisiya ax\u0131n\u0131na \u00f6z m\u00fcsb\u0259t t\u0259sirini g\u00f6st\u0259r\u0259c\u0259yi x\u00fcsusi qeyd edildi. Milli Priortetl\u0259rd\u0259 azad edilmi\u015f torpaqlar\u0131m\u0131z\u0131n malik oldu\u011fu iqtisadi imkanlar v\u0259 onlardan s\u0259m\u0259r\u0259li istifad\u0259 x\u00fcsusi yer al\u0131r. \u018fminlikl\u0259 dey\u0259 bil\u0259rik ki, Qaraba\u011f v\u0259 \u015e\u0259rqi Z\u0259ng\u0259zur\u00a0 iqtisadi inki\u015faf\u0131m\u0131z\u0131n yeni bir dayaq n\u00f6qt\u0259si olacaq. Bu \u0259razil\u0259rd\u0259 \u0259halinin \u00f6z\u00fcn\u00fcm\u0259\u015f\u011fullu\u011funun t\u0259min edilm\u0259si \u00fc\u00e7\u00fcn z\u0259ruri add\u0131mlar at\u0131l\u0131r. \u018fsas h\u0259d\u0259f v\u0259t\u0259nda\u015f m\u0259mnunlu\u011funun y\u00fcks\u0259k s\u0259viyy\u0259d\u0259 t\u0259min edilm\u0259sidir.<\/p>\n<p><strong>Yegan\u0259 \u018fliyeva, \u00ab\u0130ki sahil\u00bb<\/strong><\/p>\n","protected":false},"excerpt":{"rendered":"<p>D\u00f6vl\u0259t ba\u015f\u00e7\u0131s\u0131 \u0130lham \u018fliyevin 7 yanvar 2025-ci il tarixli \u00abD\u00f6vl\u0259t b\u00fcdc\u0259sind\u0259n maliyy\u0259l\u0259\u015f\u0259n bir s\u0131ra t\u0259\u015fkilatlarda \u00e7al\u0131\u015fan i\u015f\u00e7il\u0259rin \u0259m\u0259khaqlar\u0131n\u0131n art\u0131r\u0131lmas\u0131 haqq\u0131nda\u00bb S\u0259r\u0259ncam\u0131 v\u0259t\u0259nda\u015f rifah\u0131n\u0131n t\u0259minat\u0131 m\u0259qs\u0259dil\u0259 apar\u0131lan sosial islahatlar\u0131n u\u011furla davam etdirildiyini bir daha t\u0259sdiql\u0259yir H\u0259r bir \u00f6lk\u0259nin inki\u015faf\u0131nda iqtisadi amil \u0259sasd\u0131r. \u00dcmummilli Lider Heyd\u0259r \u018fliyevin \u00ab\u0130qtisadiyyat\u0131 g\u00fccl\u00fc olan d\u00f6vl\u0259t h\u0259r \u015fey\u0259 qadirdir\u00bb \u00e7a\u011f\u0131r\u0131\u015f\u0131 b\u00fct\u00fcn d\u00f6vrl\u0259r \u00fc\u00e7\u00fcn aktuall\u0131\u011f\u0131n\u0131 qoruyur, h\u0259yata ke\u00e7iril\u0259n siyas\u0259tin \u0259sas\u0131nda dayan\u0131r. D\u00f6vl\u0259timizin ba\u015f\u00e7\u0131s\u0131 \u0130lham \u018fliyevin \u00a0h\u0259r zaman yeni h\u0259d\u0259fl\u0259ri a\u00e7\u0131qlayark\u0259n \u00abB\u00fct\u00fcn bu i\u015fl\u0259ri g\u00f6rm\u0259k \u00fc\u00e7\u00fcn iqtisadiyyat\u0131m\u0131z inki\u015faf etm\u0259lidir\u00bb \u00e7a\u011f\u0131r\u0131\u015f\u0131 da iqtisadi amilin \u00f6n\u0259min\u0259 i\u015f\u0131q sal\u0131r. C\u0259nab \u0130lham \u018fliyev&hellip;<\/p>\n","protected":false},"author":2,"featured_media":779591,"comment_status":"closed","ping_status":"closed","sticky":false,"template":"","format":"standard","meta":{"om_disable_all_campaigns":false,"_monsterinsights_skip_tracking":false,"_monsterinsights_sitenote_active":false,"_monsterinsights_sitenote_note":"","_monsterinsights_sitenote_category":0},"categories":[8],"tags":[],"aioseo_notices":[],"gutentor_comment":0,"rttpg_featured_image_url":{"full":["https:\/\/arantv.az\/wp-content\/uploads\/2025\/01\/61019031171221879088712951210499128.jpg",975,540,false],"landscape":["https:\/\/arantv.az\/wp-content\/uploads\/2025\/01\/61019031171221879088712951210499128.jpg",975,540,false],"portraits":["https:\/\/arantv.az\/wp-content\/uploads\/2025\/01\/61019031171221879088712951210499128.jpg",975,540,false],"thumbnail":["https:\/\/arantv.az\/wp-content\/uploads\/2025\/01\/61019031171221879088712951210499128-500x280.jpg",500,280,true],"medium":["https:\/\/arantv.az\/wp-content\/uploads\/2025\/01\/61019031171221879088712951210499128-660x365.jpg",660,365,true],"large":["https:\/\/arantv.az\/wp-content\/uploads\/2025\/01\/61019031171221879088712951210499128-840x465.jpg",640,354,true],"1536x1536":["https:\/\/arantv.az\/wp-content\/uploads\/2025\/01\/61019031171221879088712951210499128.jpg",975,540,false],"2048x2048":["https:\/\/arantv.az\/wp-content\/uploads\/2025\/01\/61019031171221879088712951210499128.jpg",975,540,false],"post-thumbnail":["https:\/\/arantv.az\/wp-content\/uploads\/2025\/01\/61019031171221879088712951210499128-240x172.jpg",240,172,true],"advps-thumb-one":["https:\/\/arantv.az\/wp-content\/uploads\/2025\/01\/61019031171221879088712951210499128.jpg",975,540,false]},"rttpg_author":{"display_name":"V\u00fcsal Rafiqo\u011flu","author_link":"https:\/\/arantv.az\/?author=2"},"rttpg_comment":0,"rttpg_category":"<a href=\"https:\/\/arantv.az\/?cat=8\" rel=\"category\">\u018fsas s\u0259hif\u0259<\/a>","rttpg_excerpt":"D\u00f6vl\u0259t ba\u015f\u00e7\u0131s\u0131 \u0130lham \u018fliyevin 7 yanvar 2025-ci il tarixli \u00abD\u00f6vl\u0259t b\u00fcdc\u0259sind\u0259n maliyy\u0259l\u0259\u015f\u0259n bir s\u0131ra t\u0259\u015fkilatlarda \u00e7al\u0131\u015fan i\u015f\u00e7il\u0259rin \u0259m\u0259khaqlar\u0131n\u0131n art\u0131r\u0131lmas\u0131 haqq\u0131nda\u00bb S\u0259r\u0259ncam\u0131 v\u0259t\u0259nda\u015f rifah\u0131n\u0131n t\u0259minat\u0131 m\u0259qs\u0259dil\u0259 apar\u0131lan sosial islahatlar\u0131n u\u011furla davam etdirildiyini bir daha t\u0259sdiql\u0259yir H\u0259r bir \u00f6lk\u0259nin inki\u015faf\u0131nda iqtisadi amil \u0259sasd\u0131r. \u00dcmummilli Lider Heyd\u0259r \u018fliyevin \u00ab\u0130qtisadiyyat\u0131 g\u00fccl\u00fc olan d\u00f6vl\u0259t h\u0259r \u015fey\u0259 qadirdir\u00bb \u00e7a\u011f\u0131r\u0131\u015f\u0131 b\u00fct\u00fcn d\u00f6vrl\u0259r&hellip;","_links":{"self":[{"href":"https:\/\/arantv.az\/index.php?rest_route=\/wp\/v2\/posts\/779590"}],"collection":[{"href":"https:\/\/arantv.az\/index.php?rest_route=\/wp\/v2\/posts"}],"about":[{"href":"https:\/\/arantv.az\/index.php?rest_route=\/wp\/v2\/types\/post"}],"author":[{"embeddable":true,"href":"https:\/\/arantv.az\/index.php?rest_route=\/wp\/v2\/users\/2"}],"replies":[{"embeddable":true,"href":"https:\/\/arantv.az\/index.php?rest_route=%2Fwp%2Fv2%2Fcomments&post=779590"}],"version-history":[{"count":1,"href":"https:\/\/arantv.az\/index.php?rest_route=\/wp\/v2\/posts\/779590\/revisions"}],"predecessor-version":[{"id":779592,"href":"https:\/\/arantv.az\/index.php?rest_route=\/wp\/v2\/posts\/779590\/revisions\/779592"}],"wp:featuredmedia":[{"embeddable":true,"href":"https:\/\/arantv.az\/index.php?rest_route=\/wp\/v2\/media\/779591"}],"wp:attachment":[{"href":"https:\/\/arantv.az\/index.php?rest_route=%2Fwp%2Fv2%2Fmedia&parent=779590"}],"wp:term":[{"taxonomy":"category","embeddable":true,"href":"https:\/\/arantv.az\/index.php?rest_route=%2Fwp%2Fv2%2Fcategories&post=779590"},{"taxonomy":"post_tag","embeddable":true,"href":"https:\/\/arantv.az\/index.php?rest_route=%2Fwp%2Fv2%2Ftags&post=779590"}],"curies":[{"name":"wp","href":"https:\/\/api.w.org\/{rel}","templated":true}]}}