{"id":77987,"date":"2019-09-10T14:07:01","date_gmt":"2019-09-10T11:07:01","guid":{"rendered":"http:\/\/arantv.az\/?p=77987"},"modified":"2019-09-10T14:07:01","modified_gmt":"2019-09-10T11:07:01","slug":"daha-bir-g%c9%99lin-itkin-dusdu","status":"publish","type":"post","link":"https:\/\/arantv.az\/?p=77987","title":{"rendered":"Daha bir g\u0259lin itkin d\u00fc\u015fd\u00fc"},"content":{"rendered":"<p>L\u0259nk\u0259randa 30 ya\u015fl\u0131 g\u0259lin itkin d\u00fc\u015f\u00fcb.<\/p>\n<p><strong>ARANTV.AZ<\/strong>-\u0131n m\u0259lumat\u0131na g\u00f6r\u0259, L\u0259nk\u0259ran\u0131n Tal\u0131\u015fl\u0131 k\u0259nd sakini \u018fliyev Adil M\u00fcr\u015f\u00fcd o\u011flu h\u00fcquq-m\u00fchafiz\u0259 orqanlar\u0131na \u0259riz\u0259 il\u0259 m\u00fcraci\u0259t edib.<\/p>\n<div id=\"AdviadNativeVideo0\" class=\"AdviadNativeVideo\"><\/div>\n<p>O bildirib ki, bir evd\u0259 ya\u015fad\u0131\u011f\u0131 g\u0259lini 1989-cu il t\u0259v\u0259ll\u00fcdl\u00fc \u018fliyeva Sevinc A\u011falar q\u0131z\u0131 m\u0259kt\u0259b\u0259 getm\u0259k ad\u0131 il\u0259 evd\u0259n \u00e7\u0131x\u0131b v\u0259 bir daha geri qay\u0131tmay\u0131b.<\/p>\n<p>Faktla ba\u011fl\u0131 ara\u015fd\u0131rma apar\u0131l\u0131r.oxu.az<\/p>\n","protected":false},"excerpt":{"rendered":"<p>L\u0259nk\u0259randa 30 ya\u015fl\u0131 g\u0259lin itkin d\u00fc\u015f\u00fcb. ARANTV.AZ-\u0131n m\u0259lumat\u0131na g\u00f6r\u0259, L\u0259nk\u0259ran\u0131n Tal\u0131\u015fl\u0131 k\u0259nd sakini \u018fliyev Adil M\u00fcr\u015f\u00fcd o\u011flu h\u00fcquq-m\u00fchafiz\u0259 orqanlar\u0131na \u0259riz\u0259 il\u0259 m\u00fcraci\u0259t edib. O bildirib ki, bir evd\u0259 ya\u015fad\u0131\u011f\u0131 g\u0259lini 1989-cu il t\u0259v\u0259ll\u00fcdl\u00fc \u018fliyeva Sevinc A\u011falar q\u0131z\u0131 m\u0259kt\u0259b\u0259 getm\u0259k ad\u0131 il\u0259 evd\u0259n \u00e7\u0131x\u0131b v\u0259 bir daha geri qay\u0131tmay\u0131b. Faktla ba\u011fl\u0131 ara\u015fd\u0131rma apar\u0131l\u0131r.oxu.az<\/p>\n","protected":false},"author":2,"featured_media":77988,"comment_status":"closed","ping_status":"closed","sticky":false,"template":"","format":"standard","meta":{"om_disable_all_campaigns":false,"_monsterinsights_skip_tracking":false,"_monsterinsights_sitenote_active":false,"_monsterinsights_sitenote_note":"","_monsterinsights_sitenote_category":0},"categories":[1],"tags":[],"aioseo_notices":[],"gutentor_comment":0,"rttpg_featured_image_url":{"full":["https:\/\/arantv.az\/wp-content\/uploads\/2019\/09\/18_10_31_1540992197.jpg",620,465,false],"landscape":["https:\/\/arantv.az\/wp-content\/uploads\/2019\/09\/18_10_31_1540992197.jpg",620,465,false],"portraits":["https:\/\/arantv.az\/wp-content\/uploads\/2019\/09\/18_10_31_1540992197.jpg",620,465,false],"thumbnail":["https:\/\/arantv.az\/wp-content\/uploads\/2019\/09\/18_10_31_1540992197-150x150.jpg",150,150,true],"medium":["https:\/\/arantv.az\/wp-content\/uploads\/2019\/09\/18_10_31_1540992197-300x225.jpg",300,225,true],"large":["https:\/\/arantv.az\/wp-content\/uploads\/2019\/09\/18_10_31_1540992197.jpg",620,465,false],"1536x1536":["https:\/\/arantv.az\/wp-content\/uploads\/2019\/09\/18_10_31_1540992197.jpg",620,465,false],"2048x2048":["https:\/\/arantv.az\/wp-content\/uploads\/2019\/09\/18_10_31_1540992197.jpg",620,465,false],"post-thumbnail":["https:\/\/arantv.az\/wp-content\/uploads\/2019\/09\/18_10_31_1540992197-240x172.jpg",240,172,true],"advps-thumb-one":["https:\/\/arantv.az\/wp-content\/uploads\/2019\/09\/18_10_31_1540992197.jpg",620,465,false]},"rttpg_author":{"display_name":"V\u00fcsal Rafiqo\u011flu","author_link":"https:\/\/arantv.az\/?author=2"},"rttpg_comment":0,"rttpg_category":"<a href=\"https:\/\/arantv.az\/?cat=1\" rel=\"category\">C\u0259miyy\u0259t<\/a>","rttpg_excerpt":"L\u0259nk\u0259randa 30 ya\u015fl\u0131 g\u0259lin itkin d\u00fc\u015f\u00fcb. ARANTV.AZ-\u0131n m\u0259lumat\u0131na g\u00f6r\u0259, L\u0259nk\u0259ran\u0131n Tal\u0131\u015fl\u0131 k\u0259nd sakini \u018fliyev Adil M\u00fcr\u015f\u00fcd o\u011flu h\u00fcquq-m\u00fchafiz\u0259 orqanlar\u0131na \u0259riz\u0259 il\u0259 m\u00fcraci\u0259t edib. O bildirib ki, bir evd\u0259 ya\u015fad\u0131\u011f\u0131 g\u0259lini 1989-cu il t\u0259v\u0259ll\u00fcdl\u00fc \u018fliyeva Sevinc A\u011falar q\u0131z\u0131 m\u0259kt\u0259b\u0259 getm\u0259k ad\u0131 il\u0259 evd\u0259n \u00e7\u0131x\u0131b v\u0259 bir daha geri qay\u0131tmay\u0131b. Faktla ba\u011fl\u0131 ara\u015fd\u0131rma apar\u0131l\u0131r.oxu.az","_links":{"self":[{"href":"https:\/\/arantv.az\/index.php?rest_route=\/wp\/v2\/posts\/77987"}],"collection":[{"href":"https:\/\/arantv.az\/index.php?rest_route=\/wp\/v2\/posts"}],"about":[{"href":"https:\/\/arantv.az\/index.php?rest_route=\/wp\/v2\/types\/post"}],"author":[{"embeddable":true,"href":"https:\/\/arantv.az\/index.php?rest_route=\/wp\/v2\/users\/2"}],"replies":[{"embeddable":true,"href":"https:\/\/arantv.az\/index.php?rest_route=%2Fwp%2Fv2%2Fcomments&post=77987"}],"version-history":[{"count":0,"href":"https:\/\/arantv.az\/index.php?rest_route=\/wp\/v2\/posts\/77987\/revisions"}],"wp:featuredmedia":[{"embeddable":true,"href":"https:\/\/arantv.az\/index.php?rest_route=\/wp\/v2\/media\/77988"}],"wp:attachment":[{"href":"https:\/\/arantv.az\/index.php?rest_route=%2Fwp%2Fv2%2Fmedia&parent=77987"}],"wp:term":[{"taxonomy":"category","embeddable":true,"href":"https:\/\/arantv.az\/index.php?rest_route=%2Fwp%2Fv2%2Fcategories&post=77987"},{"taxonomy":"post_tag","embeddable":true,"href":"https:\/\/arantv.az\/index.php?rest_route=%2Fwp%2Fv2%2Ftags&post=77987"}],"curies":[{"name":"wp","href":"https:\/\/api.w.org\/{rel}","templated":true}]}}