{"id":779971,"date":"2025-01-09T20:42:10","date_gmt":"2025-01-09T16:42:10","guid":{"rendered":"https:\/\/arantv.az\/?p=779971"},"modified":"2025-01-09T20:42:10","modified_gmt":"2025-01-09T16:42:10","slug":"gurcustan-hokum%c9%99tin%c9%99-ciddi-x%c9%99b%c9%99rdarliq-abs-taninmani-l%c9%99gv-ed%c9%99-bil%c9%99r","status":"publish","type":"post","link":"https:\/\/arantv.az\/?p=779971","title":{"rendered":"G\u00fcrc\u00fcstan h\u00f6kum\u0259tin\u0259 ciddi X\u018fB\u018fRDARLIQ: AB\u015e tan\u0131nman\u0131 l\u0259\u011fv ed\u0259 bil\u0259r"},"content":{"rendered":"<p data-pm-slice=\"1 1 []\">AB\u015e qanunvericil\u0259ri &#8220;G\u00fcrc\u00fc Arzusu&#8221; h\u00f6kum\u0259tinin tan\u0131nmas\u0131n\u0131 qada\u011fan ed\u0259n qanun layih\u0259sini t\u0259qdim etm\u0259y\u0259 haz\u0131rla\u015f\u0131rlar. Bu add\u0131m, Rusiyay\u00f6nl\u00fc milyarder v\u0259 hakim partiyan\u0131n qurucusu Bidzina \u0130vani\u015fvilinin AB\u015e t\u0259r\u0259find\u0259n sanksiyalara m\u0259ruz qalmas\u0131ndan c\u0259mi iki h\u0259ft\u0259 sonra at\u0131l\u0131r. Q\u0259rb siyas\u0259t\u00e7il\u0259ri bu sanksiyalar\u0131n G\u00fcrc\u00fcstanda demokratiyan\u0131n z\u0259ifl\u0259dilm\u0259si v\u0259 \u00f6lk\u0259nin Rusiyaya meyll\u0259nm\u0259si il\u0259 ba\u011fl\u0131 oldu\u011funu vur\u011fulay\u0131rlar.<\/p>\n<p><strong>Musavat.com<\/strong>-un x\u0259b\u0259rin\u0259 g\u00f6r\u0259, yanvar\u0131n 8-d\u0259 AB\u015e-\u0131n &#8220;Fox News&#8221; telekanal\u0131 m\u0259lumat yay\u0131b ki, Konqresin h\u0259r iki palatas\u0131 t\u0259r\u0259find\u0259n d\u0259st\u0259kl\u0259n\u0259n bu qanun layih\u0259si g\u00fcn \u0259rzind\u0259 N\u00fcmay\u0259nd\u0259l\u0259r Palatas\u0131na t\u0259qdim edil\u0259c\u0259k.<\/p>\n<p>M\u0259lumata g\u00f6r\u0259, layih\u0259 Bidzina \u0130vani\u015fvili v\u0259 ya onun yax\u0131n \u00e7evr\u0259sind\u0259ki \u015f\u0259xsl\u0259rin r\u0259hb\u0259rlik etdiyi ist\u0259nil\u0259n G\u00fcrc\u00fcstan h\u00f6kum\u0259ti il\u0259 AB\u015e-nin r\u0259smi m\u00fcnasib\u0259tl\u0259rini qada\u011fan etm\u0259y\u0259 y\u00f6n\u0259lib.<\/p>\n<p><strong>&#8220;Fox News&#8221;un ekskl\u00fcziv m\u0259lumat\u0131na \u0259sas\u0259n, qanun layih\u0259sind\u0259 a\u00e7\u0131q \u015f\u0259kild\u0259 bildirilir:<\/strong>\u00a0&#8220;AB\u015e h\u00f6kum\u0259tinin he\u00e7 bir n\u00fcmay\u0259nd\u0259si Bidzina \u0130vani\u015fvili v\u0259 onun idar\u0259 etdiyi G\u00fcrc\u00fcstan h\u00f6kum\u0259tini tan\u0131maq v\u0259 ya bu y\u00f6nd\u0259 t\u0259dbirl\u0259r g\u00f6rm\u0259k \u00fc\u00e7\u00fcn h\u0259r hans\u0131 federal v\u0259saiti istifad\u0259 ed\u0259 bilm\u0259z. Bu h\u00f6kum\u0259tl\u0259 m\u00fcnasib\u0259tl\u0259rin normalla\u015fd\u0131r\u0131lmas\u0131 m\u00fcmk\u00fcn deyil&#8221;.<\/p>\n<p>Qanun layih\u0259sinin \u0259sas sponsorlar\u0131ndan biri, Helsinki Komissiyas\u0131n\u0131n s\u0259dri olan respublika\u00e7\u0131 konqresmen Co Uilson layih\u0259ni t\u0259qdim ed\u0259rk\u0259n bildirib ki, G\u00fcrc\u00fcstanda yeni se\u00e7kil\u0259rin ke\u00e7irilm\u0259si z\u0259ruridir. O, h\u0259m\u00e7inin AB\u015e v\u0259 Avropan\u0131n apar\u0131c\u0131 siyas\u0259t\u00e7il\u0259rinin imzalad\u0131\u011f\u0131 m\u0259ktubu d\u0259rc edib. M\u0259ktubda qeyd olunur ki, Bidzina \u0130vani\u015fvilinin r\u0259hb\u0259rlik etdiyi &#8220;G\u00fcrc\u00fc Arzusu&#8221; partiyas\u0131 m\u00fcxalif\u0259tin v\u0259 beyn\u0259lxalq m\u00fc\u015fahid\u0259\u00e7il\u0259rin son se\u00e7kil\u0259rl\u0259 ba\u011fl\u0131 qanuni narahatl\u0131qlar\u0131n\u0131 n\u0259z\u0259r\u0259 almam\u0131\u015f, t\u0259kpartiyal\u0131 qanunvericilik orqan\u0131 formala\u015fd\u0131rm\u0131\u015f v\u0259 yeni prezident se\u00e7ib.<\/p>\n<p><img loading=\"lazy\" src=\"https:\/\/cdn.musavat.com\/news\/images\/13d5e3df-43f2-462b-b5b5-306a390f1cf9_cx0_cy8_cw0_w1023_r1_s.jpg\" alt=\"13d5e3df-43f2-462b-b5b5-306a390f1cf9_cx0_cy8_cw0_w1023_r1_s.jpg (105 KB)\" width=\"700\" height=\"393\" \/><\/p>\n<p>&#8220;G\u00fcrc\u00fc h\u00f6kum\u0259ti xalq\u0131n t\u0259l\u0259bl\u0259rin\u0259 v\u0259 dinc etirazlara zorak\u0131l\u0131qla cavab verir. Biz G\u00fcrc\u00fcstan xalq\u0131n\u0131n azad v\u0259 \u0259dal\u0259tli se\u00e7kil\u0259r ke\u00e7irm\u0259k t\u0259l\u0259bin\u0259 d\u0259st\u0259k verm\u0259liyik. Onlar\u0131n m\u00fcbariz\u0259sin\u0259 laqeyd qala bilm\u0259rik&#8221;,- dey\u0259 Co Uilson vur\u011fulay\u0131b.<\/p>\n<p>Bir vaxtlar AB\u015e-\u0131n yax\u0131n m\u00fctt\u0259fiqi olan G\u00fcrc\u00fcstan\u0131n son ill\u0259rd\u0259 Rusiyaya yax\u0131nla\u015fmas\u0131 v\u0259 \u00f6lk\u0259d\u0259ki h\u00f6kum\u0259t \u0259leyhin\u0259 etirazlar\u0131n s\u0259rt \u015f\u0259kild\u0259 yat\u0131r\u0131lmas\u0131 r\u0259smi Va\u015finqton v\u0259 Avropa \u0130ttifaq\u0131n\u0131n naraz\u0131l\u0131\u011f\u0131na s\u0259b\u0259b olub. Ekspertl\u0259r hesab edirl\u0259r ki, G\u00fcrc\u00fcstan h\u00f6kum\u0259tinin Rusiyay\u00f6nl\u00fc siyas\u0259ti \u00f6lk\u0259nin Avropa \u0130ttifaq\u0131na inteqrasiyas\u0131 prosesini t\u0259hl\u00fck\u0259 alt\u0131na al\u0131r.<\/p>\n<p>AB\u015e v\u0259 Avropa \u0130ttifaq\u0131n\u0131n q\u0259bul etdiyi sanksiyalar G\u00fcrc\u00fcstan\u0131n taleyind\u0259 h\u0259lledici m\u0259rh\u0259l\u0259d\u0259 t\u0259tbiq olunur. G\u00fcrc\u00fcstan\u0131n Rusiyaya yax\u0131nla\u015fmas\u0131 n\u0259tic\u0259sind\u0259 \u00f6lk\u0259nin A\u0130 il\u0259 inteqrasiya yolunda daha \u00e7ox qeyri-m\u00fc\u0259yy\u0259nlik yaran\u0131b. R\u0259smi Br\u00fcssel G\u00fcrc\u00fcstanda insan h\u00fcquqlar\u0131 v\u0259 demokratiya sah\u0259sind\u0259 geri add\u0131mlar at\u0131ld\u0131\u011f\u0131n\u0131 qeyd edir.<\/p>\n<p><strong>Xat\u0131rladaq ki,<\/strong>\u00a0\u00f6t\u0259n ilin dekabr ay\u0131nda G\u00fcrc\u00fcstan Avropa \u0130ttifaq\u0131na namiz\u0259d statusu qazand\u0131. Buna baxmayaraq, \u00f6lk\u0259d\u0259 q\u0259bul edil\u0259n b\u0259zi m\u00fcbahis\u0259li qanunlar &#8211; x\u00fcsusil\u0259 &#8220;xarici agentl\u0259r&#8221; v\u0259 cinsi azl\u0131qlara dair qanunlar &#8211; Br\u00fcssel t\u0259r\u0259find\u0259n Avropan\u0131n d\u0259y\u0259rl\u0259rin\u0259 zidd say\u0131l\u0131b. N\u0259tic\u0259d\u0259, G\u00fcrc\u00fcstan\u0131n A\u0130-y\u0259 \u00fczvl\u00fck dan\u0131\u015f\u0131qlar\u0131na ba\u015flamas\u0131 t\u0259xir\u0259 sal\u0131n\u0131b.<\/p>\n<p>Q\u0259rb d\u00f6vl\u0259tl\u0259ri oktyabr ay\u0131nda ke\u00e7irilmi\u015f parlament se\u00e7kil\u0259rinin n\u0259tic\u0259l\u0259rin\u0259 \u015f\u00fcbh\u0259 il\u0259 yana\u015f\u0131rlar. R\u0259smi n\u0259tic\u0259l\u0259r\u0259 \u0259sas\u0259n, hakim &#8220;G\u00fcrc\u00fc Arzusu&#8221; partiyas\u0131 54 faiz s\u0259s toplayaraq se\u00e7kid\u0259 qalib g\u0259lib. Lakin m\u00fcxalif\u0259t v\u0259 beyn\u0259lxalq m\u00fc\u015fahid\u0259\u00e7il\u0259r bu se\u00e7kil\u0259rd\u0259 ciddi qanun pozuntular\u0131n\u0131n v\u0259 Rusiyan\u0131n m\u00fcdaxil\u0259sinin ba\u015f verdiyini iddia edirl\u0259r. M\u00fcxalif\u0259tin apard\u0131\u011f\u0131 iki ekszit-pollun n\u0259tic\u0259l\u0259ri is\u0259 hakim partiyan\u0131n \u0259slind\u0259 yaln\u0131z 42 faiz s\u0259s toplad\u0131\u011f\u0131n\u0131 g\u00f6st\u0259rir. H\u0259min sor\u011fular\u0131n n\u0259tic\u0259l\u0259rin\u0259 \u0259sas\u0259n, m\u00fcxalif\u0259t partiyalar\u0131n\u0131n s\u0259sl\u0259rin b\u00f6y\u00fck hiss\u0259sini qazand\u0131\u011f\u0131 bildirilir. Lakin G\u00fcrc\u00fcstan\u0131n M\u0259rk\u0259zi Se\u00e7ki Komissiyas\u0131 b\u00fct\u00fcn m\u00fcxalif\u0259t q\u00fcvv\u0259l\u0259rinin \u00fcmumilikd\u0259 yaln\u0131z 37 faiz s\u0259s toplad\u0131\u011f\u0131n\u0131 elan edib.<\/p>\n<p>B\u00fct\u00fcn bu hadis\u0259l\u0259r G\u00fcrc\u00fcstanda siyasi qeyri-sabitliyi art\u0131r\u0131b v\u0259 beyn\u0259lxalq ictimaiyy\u0259td\u0259 \u00f6lk\u0259nin g\u0259l\u0259c\u0259yi il\u0259 ba\u011fl\u0131 narahatl\u0131qlara s\u0259b\u0259b olub. Q\u0259rb d\u00f6vl\u0259tl\u0259ri G\u00fcrc\u00fcstan h\u00f6kum\u0259tini demokratik islahatlar h\u0259yata ke\u00e7irm\u0259y\u0259 v\u0259 \u00f6lk\u0259d\u0259 azad se\u00e7ki m\u00fchitini t\u0259min etm\u0259y\u0259 \u00e7a\u011f\u0131r\u0131r.<\/p>\n","protected":false},"excerpt":{"rendered":"<p>AB\u015e qanunvericil\u0259ri &#8220;G\u00fcrc\u00fc Arzusu&#8221; h\u00f6kum\u0259tinin tan\u0131nmas\u0131n\u0131 qada\u011fan ed\u0259n qanun layih\u0259sini t\u0259qdim etm\u0259y\u0259 haz\u0131rla\u015f\u0131rlar. Bu add\u0131m, Rusiyay\u00f6nl\u00fc milyarder v\u0259 hakim partiyan\u0131n qurucusu Bidzina \u0130vani\u015fvilinin AB\u015e t\u0259r\u0259find\u0259n sanksiyalara m\u0259ruz qalmas\u0131ndan c\u0259mi iki h\u0259ft\u0259 sonra at\u0131l\u0131r. Q\u0259rb siyas\u0259t\u00e7il\u0259ri bu sanksiyalar\u0131n G\u00fcrc\u00fcstanda demokratiyan\u0131n z\u0259ifl\u0259dilm\u0259si v\u0259 \u00f6lk\u0259nin Rusiyaya meyll\u0259nm\u0259si il\u0259 ba\u011fl\u0131 oldu\u011funu vur\u011fulay\u0131rlar. Musavat.com-un x\u0259b\u0259rin\u0259 g\u00f6r\u0259, yanvar\u0131n 8-d\u0259 AB\u015e-\u0131n &#8220;Fox News&#8221; telekanal\u0131 m\u0259lumat yay\u0131b ki, Konqresin h\u0259r iki palatas\u0131 t\u0259r\u0259find\u0259n d\u0259st\u0259kl\u0259n\u0259n bu qanun layih\u0259si g\u00fcn \u0259rzind\u0259 N\u00fcmay\u0259nd\u0259l\u0259r Palatas\u0131na t\u0259qdim edil\u0259c\u0259k. M\u0259lumata g\u00f6r\u0259, layih\u0259 Bidzina \u0130vani\u015fvili v\u0259 ya onun yax\u0131n \u00e7evr\u0259sind\u0259ki \u015f\u0259xsl\u0259rin r\u0259hb\u0259rlik etdiyi ist\u0259nil\u0259n G\u00fcrc\u00fcstan&hellip;<\/p>\n","protected":false},"author":2,"featured_media":779973,"comment_status":"closed","ping_status":"closed","sticky":false,"template":"","format":"standard","meta":{"om_disable_all_campaigns":false,"_monsterinsights_skip_tracking":false,"_monsterinsights_sitenote_active":false,"_monsterinsights_sitenote_note":"","_monsterinsights_sitenote_category":0},"categories":[7],"tags":[],"aioseo_notices":[],"gutentor_comment":0,"rttpg_featured_image_url":{"full":["https:\/\/arantv.az\/wp-content\/uploads\/2025\/01\/e219c5cce965f16100b8735247ff5042-1.jpg",514,350,false],"landscape":["https:\/\/arantv.az\/wp-content\/uploads\/2025\/01\/e219c5cce965f16100b8735247ff5042-1.jpg",514,350,false],"portraits":["https:\/\/arantv.az\/wp-content\/uploads\/2025\/01\/e219c5cce965f16100b8735247ff5042-1.jpg",514,350,false],"thumbnail":["https:\/\/arantv.az\/wp-content\/uploads\/2025\/01\/e219c5cce965f16100b8735247ff5042-1-500x280.jpg",500,280,true],"medium":["https:\/\/arantv.az\/wp-content\/uploads\/2025\/01\/e219c5cce965f16100b8735247ff5042-1.jpg",514,350,false],"large":["https:\/\/arantv.az\/wp-content\/uploads\/2025\/01\/e219c5cce965f16100b8735247ff5042-1.jpg",514,350,false],"1536x1536":["https:\/\/arantv.az\/wp-content\/uploads\/2025\/01\/e219c5cce965f16100b8735247ff5042-1.jpg",514,350,false],"2048x2048":["https:\/\/arantv.az\/wp-content\/uploads\/2025\/01\/e219c5cce965f16100b8735247ff5042-1.jpg",514,350,false],"post-thumbnail":["https:\/\/arantv.az\/wp-content\/uploads\/2025\/01\/e219c5cce965f16100b8735247ff5042-1-240x172.jpg",240,172,true],"advps-thumb-one":["https:\/\/arantv.az\/wp-content\/uploads\/2025\/01\/e219c5cce965f16100b8735247ff5042-1.jpg",514,350,false]},"rttpg_author":{"display_name":"V\u00fcsal Rafiqo\u011flu","author_link":"https:\/\/arantv.az\/?author=2"},"rttpg_comment":0,"rttpg_category":"<a href=\"https:\/\/arantv.az\/?cat=7\" rel=\"category\">D\u00fcnya<\/a>","rttpg_excerpt":"AB\u015e qanunvericil\u0259ri &#8220;G\u00fcrc\u00fc Arzusu&#8221; h\u00f6kum\u0259tinin tan\u0131nmas\u0131n\u0131 qada\u011fan ed\u0259n qanun layih\u0259sini t\u0259qdim etm\u0259y\u0259 haz\u0131rla\u015f\u0131rlar. Bu add\u0131m, Rusiyay\u00f6nl\u00fc milyarder v\u0259 hakim partiyan\u0131n qurucusu Bidzina \u0130vani\u015fvilinin AB\u015e t\u0259r\u0259find\u0259n sanksiyalara m\u0259ruz qalmas\u0131ndan c\u0259mi iki h\u0259ft\u0259 sonra at\u0131l\u0131r. Q\u0259rb siyas\u0259t\u00e7il\u0259ri bu sanksiyalar\u0131n G\u00fcrc\u00fcstanda demokratiyan\u0131n z\u0259ifl\u0259dilm\u0259si v\u0259 \u00f6lk\u0259nin Rusiyaya meyll\u0259nm\u0259si il\u0259 ba\u011fl\u0131 oldu\u011funu vur\u011fulay\u0131rlar. Musavat.com-un x\u0259b\u0259rin\u0259 g\u00f6r\u0259, yanvar\u0131n 8-d\u0259 AB\u015e-\u0131n &#8220;Fox&hellip;","_links":{"self":[{"href":"https:\/\/arantv.az\/index.php?rest_route=\/wp\/v2\/posts\/779971"}],"collection":[{"href":"https:\/\/arantv.az\/index.php?rest_route=\/wp\/v2\/posts"}],"about":[{"href":"https:\/\/arantv.az\/index.php?rest_route=\/wp\/v2\/types\/post"}],"author":[{"embeddable":true,"href":"https:\/\/arantv.az\/index.php?rest_route=\/wp\/v2\/users\/2"}],"replies":[{"embeddable":true,"href":"https:\/\/arantv.az\/index.php?rest_route=%2Fwp%2Fv2%2Fcomments&post=779971"}],"version-history":[{"count":1,"href":"https:\/\/arantv.az\/index.php?rest_route=\/wp\/v2\/posts\/779971\/revisions"}],"predecessor-version":[{"id":779974,"href":"https:\/\/arantv.az\/index.php?rest_route=\/wp\/v2\/posts\/779971\/revisions\/779974"}],"wp:featuredmedia":[{"embeddable":true,"href":"https:\/\/arantv.az\/index.php?rest_route=\/wp\/v2\/media\/779973"}],"wp:attachment":[{"href":"https:\/\/arantv.az\/index.php?rest_route=%2Fwp%2Fv2%2Fmedia&parent=779971"}],"wp:term":[{"taxonomy":"category","embeddable":true,"href":"https:\/\/arantv.az\/index.php?rest_route=%2Fwp%2Fv2%2Fcategories&post=779971"},{"taxonomy":"post_tag","embeddable":true,"href":"https:\/\/arantv.az\/index.php?rest_route=%2Fwp%2Fv2%2Ftags&post=779971"}],"curies":[{"name":"wp","href":"https:\/\/api.w.org\/{rel}","templated":true}]}}