{"id":780049,"date":"2025-01-10T08:46:06","date_gmt":"2025-01-10T04:46:06","guid":{"rendered":"https:\/\/arantv.az\/?p=780049"},"modified":"2025-01-10T08:46:06","modified_gmt":"2025-01-10T04:46:06","slug":"pasinyanin-yeni-sulh-sazisi-blefi","status":"publish","type":"post","link":"https:\/\/arantv.az\/?p=780049","title":{"rendered":"Pa\u015finyan\u0131n yeni s\u00fclh sazi\u015fi blefi"},"content":{"rendered":"<p><strong>Erm\u0259nistan r\u0259hb\u0259rliyi hakimiyy\u0259ti v\u0259 \u00f6lk\u0259si \u00fc\u00e7\u00fcn t\u0259klif olunan xilas yolundan imtinan\u0131 se\u00e7ir; deputat: \u201cErm\u0259nistana s\u00fclh laz\u0131m deyils\u0259, Az\u0259rbaycana da laz\u0131m deyil\u201d; politoloq: \u201cS\u00fclh arzulayan \u00f6lk\u0259&#8230;\u201d<\/strong><\/p>\n<p><em>Erm\u0259nistan s\u00fclh sazi\u015fi layih\u0259sinin raz\u0131la\u015fd\u0131r\u0131lmam\u0131\u015f iki b\u0259ndin\u0259 dair Az\u0259rbaycana t\u0259klifl\u0259r g\u00f6nd\u0259rib. Bu bar\u0259d\u0259 Erm\u0259nistan\u0131n ba\u015f naziri Nikol Pa\u015finyan \u201cArmenpress\u201d\u0259 m\u00fcsahib\u0259sind\u0259 deyib. Onun s\u00f6zl\u0259rin\u0259 g\u00f6r\u0259, m\u00fcsb\u0259t cavab verildiyi t\u0259qdird\u0259, Erm\u0259nistan s\u0259n\u0259di imzalama\u011fa haz\u0131rd\u0131r. \u201cS\u00fclh m\u00fcqavil\u0259sinin raz\u0131la\u015fd\u0131r\u0131lmam\u0131\u015f iki madd\u0259sinin h\u0259llini t\u0259klif etdik v\u0259 Az\u0259rbaycan m\u00fcsb\u0259t cavab ver\u0259rs\u0259, m\u00fcqavil\u0259ni imzalama\u011fa haz\u0131r\u0131q\u201d, &#8211; Pa\u015finyan qeyd edib.<\/em><\/p>\n<p>Yada salaq ki, Prezident \u0130lham \u018fliyev dekabr\u0131n 17-sind\u0259 Dmitri Kiselyova verdiyi m\u00fcsahib\u0259sind\u0259 s\u00fclh s\u0259n\u0259dinin 17 madd\u0259sinin 15-i raz\u0131la\u015fd\u0131r\u0131ld\u0131\u011f\u0131n\u0131 deyib. \u201cKazanda Erm\u0259nistan\u0131n ba\u015f naziri il\u0259 sonuncu g\u00f6r\u00fc\u015f zaman\u0131 ayd\u0131n oldu ki, bu iki madd\u0259 d\u0259 Erm\u0259nistan t\u0259r\u0259find\u0259n q\u0259bul oluna bil\u0259r. Onlardan biri bir-birin\u0259 qar\u015f\u0131 beyn\u0259lxalq iddialardan k\u0259narda durmaqd\u0131r. Z\u0259nnimc\u0259, bu, qar\u015f\u0131l\u0131ql\u0131 \u015f\u0259kild\u0259 q\u0259bul olunan madd\u0259dir\u201d s\u00f6yl\u0259y\u0259n c\u0259nab \u0130lham \u018fliyev qeyd etdi ki, bu yax\u0131nlarda vurulmu\u015f z\u0259r\u0259rin t\u0259hlili ba\u015fa \u00e7atd\u0131. D\u00f6vl\u0259t ba\u015f\u00e7\u0131s\u0131 vur\u011fulad\u0131 ki, buna 4 il vaxt s\u0259rf edildi. \u0130\u015f\u011fal ill\u0259rind\u0259 vurulan z\u0259r\u0259r t\u0259qrib\u0259n 150 milyard dollardan \u00e7oxdur. Qar\u015f\u0131l\u0131ql\u0131 iddialar\u0131 k\u0259nara qoymaq h\u0259r iki t\u0259r\u0259f \u00fc\u00e7\u00fcn q\u0259buledil\u0259ndir. Dig\u0259r madd\u0259 ba\u015fqa \u00f6lk\u0259l\u0259rin n\u00fcmay\u0259nd\u0259l\u0259rini s\u0259rh\u0259dimizd\u0259 yerl\u0259\u015fdirm\u0259m\u0259kl\u0259 ba\u011fl\u0131d\u0131r: \u201cBu, niy\u0259 bizim \u00fc\u00e7\u00fcn vacibdir? \u00c7\u00fcnki s\u00f6zd\u0259 Avropa m\u00fc\u015fahid\u0259\u00e7il\u0259ri p\u0259rd\u0259si alt\u0131nda biziml\u0259 Erm\u0259nistan s\u0259rh\u0259dind\u0259 NATO t\u0259r\u0259find\u0259n infrastruktur yarad\u0131l\u0131b. Ax\u0131 bu m\u00fc\u015fahid\u0259\u00e7il\u0259rin g\u00f6nd\u0259rilm\u0259si m\u0259s\u0259l\u0259si biziml\u0259 2022-ci ilin oktyabr\u0131nda Pa\u015finyan, Avropa \u015euras\u0131n\u0131n Prezidenti \u015earl Mi\u015fel, Fransa prezidenti v\u0259 m\u0259nim aramda ke\u00e7iril\u0259n d\u00f6rdt\u0259r\u0259fli g\u00f6r\u00fc\u015fd\u0259 raz\u0131la\u015fd\u0131r\u0131l\u0131b. O vaxt Fransa h\u0259l\u0259 bizim t\u0259r\u0259fimizd\u0259n normalla\u015fd\u0131rma prosesind\u0259n k\u0259narla\u015fd\u0131r\u0131lmam\u0131\u015fd\u0131. Bel\u0259 bir raz\u0131l\u0131q \u0259ld\u0259 edildi ki, Avropa \u0130ttifaq\u0131n\u0131n n\u00fcmay\u0259nd\u0259l\u0259rinin iki ay m\u00fcdd\u0259tind\u0259 m\u0259hdud kontingenti olacaq\u201d.<\/p>\n<p>Az\u0259rbaycan\u0131n prinsipial m\u00f6vqeyi b\u0259llidir v\u0259 d\u0259yi\u015fm\u0259z olaraq qal\u0131r. R\u0259smi Az\u0259rbaycan\u0131n \u015f\u0259rtl\u0259rini h\u0259r c\u00fcr b\u0259han\u0259 il\u0259 q\u0259bul etm\u0259y\u0259n \u0130r\u0259van\u0131n yeni g\u00f6nd\u0259rdiyi t\u0259klifl\u0259rd\u0259 \u00e7\u0259tin ki, Bak\u0131n\u0131 t\u0259min ed\u0259n m\u00f6vqe olsun.<\/p>\n<p><img loading=\"lazy\" src=\"https:\/\/hurriyyet.az\/frontend\/uploads\/files\/ceyhun6.jpg\" alt=\"Deputat Ceyhun M\u0259mm\u0259dov: Erm\u0259ni xalq\u0131n\u0131n rifah\u0131 Az\u0259rbaycan v\u0259 T\u00fcrkiy\u0259 il\u0259  m\u00fcnasib\u0259tl\u0259rin normala\u015fmas\u0131ndan ke\u00e7ir\" width=\"726\" height=\"490\" \/><\/p>\n<p><strong>\u00a0Ceyhun M\u0259mm\u0259dov<\/strong><\/p>\n<p>Deputat Ceyhun M\u0259mm\u0259dov \u201cYeni M\u00fcsavat\u201da a\u00e7\u0131qlamas\u0131nda r\u0259smi \u0130r\u0259van\u0131n destruktiv siyas\u0259tind\u0259n b\u0259hs etdi: \u201cErm\u0259nistan\u0131n ba\u015f nazirinin a\u00e7\u0131qlamalar\u0131 onu g\u00f6st\u0259rir ki, h\u0259l\u0259 d\u0259 oyunbazl\u0131qla m\u0259\u015f\u011fuldur. Prezident \u0130lham \u018fliyevin m\u00f6vqeyi s\u0259lis, prinsipial v\u0259 q\u0259tiyy\u0259tlidir. Dan\u0131\u015f\u0131qlarda iki olduqca \u0259sas m\u0259qam konstitusiya d\u0259yi\u015fikliyi v\u0259 AT\u018fT-in Minsk Qrupunun l\u0259\u011fvi m\u0259s\u0259l\u0259sidir. Erm\u0259nistan bu iki m\u0259s\u0259l\u0259 il\u0259 h\u0259l\u0259 d\u0259 raz\u0131la\u015fm\u0131r, m\u00fcxt\u0259lif b\u0259han\u0259l\u0259r g\u0259tirm\u0259y\u0259 \u00e7al\u0131\u015f\u0131r. Dig\u0259r m\u0259qam b\u00f6lg\u0259d\u0259 3-c\u00fc q\u00fcvv\u0259l\u0259rin m\u00f6vcudlu\u011funa son qoyulmas\u0131d\u0131r. Erm\u0259nistan bu m\u0259s\u0259l\u0259d\u0259 d\u0259 israrl\u0131d\u0131r. G\u00f6r\u00fcn\u00fcr, s\u0259rh\u0259dd\u0259ki son t\u0259xribatlar da h\u0259min missiyan\u0131n b\u00f6lg\u0259d\u0259 f\u0259aliyy\u0259t m\u00fcdd\u0259tinin uzad\u0131lmas\u0131na y\u00f6n\u0259lib\u201d.<\/p>\n<p><strong>C.M\u0259mm\u0259dov qeyd etdi ki, dig\u0259r m\u00fch\u00fcm m\u0259s\u0259l\u0259 kommunikasiyalar\u0131n a\u00e7\u0131lmas\u0131d\u0131r:<\/strong>\u00a0\u201cPrezident \u0130lham \u018fliyevin d\u0259f\u0259l\u0259rl\u0259 vur\u011fulad\u0131\u011f\u0131 kimi, Z\u0259ng\u0259zur d\u0259hlizi a\u00e7\u0131lmal\u0131d\u0131r. Biz Nax\u00e7\u0131vana s\u0259rb\u0259st gedib-g\u0259l\u0259 bilm\u0259liyik. Erm\u0259nistan\u0131n haz\u0131rk\u0131 t\u0259klifl\u0259ri Az\u0259rbaycan\u0131 qane etmir. H\u0259l\u0259 d\u0259 Pa\u015finyan m\u00fcxt\u0259lif k\u0259si\u015fm\u0259l\u0259rd\u0259n, layih\u0259l\u0259rd\u0259n dan\u0131\u015f\u0131r. Erm\u0259nistan Az\u0259rbaycan\u0131n \u015f\u0259rtini q\u0259bul etm\u0259lidir. Yekun olaraq, d\u00f6vl\u0259t ba\u015f\u00e7\u0131m\u0131z\u0131n b\u0259yan etdiyi kimi, Erm\u0259nistana s\u00fclh laz\u0131m deyils\u0259, Az\u0259rbaycana da laz\u0131m deyil. B\u00fct\u00fcn hallarda prosesd\u0259 gecik\u0259n v\u0259 \u0259n \u00e7ox z\u0259r\u0259r g\u00f6r\u0259n t\u0259r\u0259f Erm\u0259nistand\u0131r. Bunu anlamal\u0131d\u0131rlar\u201d.<\/p>\n<p><strong>Politoloq, T\u00fcrkiy\u0259nin Erciyes Universitetinin professoru Qafar \u00c7axmaql\u0131 qeyd etdi ki, Erm\u0259nistan r\u0259hb\u0259rliyinin t\u0259klifl\u0259rinin n\u0259l\u0259rd\u0259n ibar\u0259t oldu\u011funu h\u0259l\u0259 bilmirik:<\/strong>\u00a0\u201cErm\u0259nistandak\u0131 analitikl\u0259rin fikrinc\u0259, t\u0259klifl\u0259r bundan ibar\u0259t ola bil\u0259r: avropal\u0131 m\u00fc\u015fahid\u0259\u00e7il\u0259r s\u0259rh\u0259dd\u0259\u00a0 demarkasiya olunan hiss\u0259l\u0259rind\u0259n \u00e7\u0259kil\u0259c\u0259kl\u0259r, s\u0259rh\u0259din dig\u0259r hiss\u0259l\u0259rind\u0259 d\u0259 bel\u0259 prosesl\u0259r h\u0259yata ke\u00e7irildikc\u0259 bu m\u00fc\u015fahid\u0259\u00e7il\u0259r\u0259 ehtiyac qalmayacaq. Amma bunlar\u0131n yaln\u0131z boynunda &#8220;binokl olan m\u00fclki \u015f\u0259xsl\u0259r&#8221; olmad\u0131\u011f\u0131 v\u0259 s\u0259rh\u0259din bir \u00e7ox hiss\u0259l\u0259rind\u0259 h\u0259rbi infrastruktur yarad\u0131ld\u0131\u011f\u0131 b\u0259llidir. Dem\u0259k, Erm\u0259nistan aldad\u0131c\u0131 manevr etm\u0259k ist\u0259yir&#8221;.<\/p>\n<p><img src=\"https:\/\/xalqqazeti.az\/uploads\/news\/61006\/30.png\" alt=\"Qafar \u00c7axmaql\u0131: \u201cYurd h\u0259sr\u0259ti il\u0259 ya\u015fayan insanlar 7 fevral se\u00e7kisin\u0259  taley\u00fckl\u00fc hadis\u0259 kimi bax\u0131rlar\u201d\" \/><\/p>\n<p><strong>Qafar \u00c7axmaql\u0131<\/strong><\/p>\n<p><strong>Q.\u00c7axmaql\u0131 bildirdi ki, s\u00fclh m\u00fcqavil\u0259sinin imzalanmas\u0131 \u00fc\u00e7\u00fcn Az\u0259rbaycan\u0131n \u0259sas \u015f\u0259rtl\u0259ri bunlar deyil:<\/strong>\u00a0\u201c\u018fsas \u015f\u0259rt Erm\u0259nistan Konstitusiyas\u0131n\u0131n d\u0259yi\u015fdirilm\u0259si v\u0259 Az\u0259rbaycan \u0259razil\u0259rin\u0259 iddia il\u0259 ba\u011fl\u0131 yer alan madd\u0259 v\u0259 ifad\u0259l\u0259rin \u00e7\u0131xar\u0131lmas\u0131d\u0131r. Erm\u0259nistan deyir ki, konstitusiya d\u0259yi\u015fikliyi referendumla olmal\u0131d\u0131r v\u0259 bu referendum 2026 &#8211; c\u0131 ild\u0259n tez ke\u00e7iril\u0259 bilm\u0259z. Pa\u015finyan bildirir ki, Konstitusiya M\u0259hk\u0259m\u0259si demarkasiya il\u0259 ba\u011fl\u0131 Komissiyan\u0131n s\u0259n\u0259dini t\u0259sdiq edibs\u0259, bu, art\u0131q \u0259razi iddialar\u0131n\u0131n olmad\u0131\u011f\u0131n\u0131n s\u00fcbutudur. Bu fikri Pa\u015finyan\u0131n \u00f6z \u00f6lk\u0259sind\u0259 bel\u0259 la\u011fa qoyanlar var v\u0259 Az\u0259rbaycan\u0131 bu yolla aldadaca\u011f\u0131n\u0131 d\u00fc\u015f\u00fcnm\u0259si \u00f6z\u00fc qeyri- ciddiliyin \u0259lam\u0259tidir\u201d.<\/p>\n<p><strong>Politoloq qeyd etdi ki, AT\u018fT-in Minsk Qrupunun l\u0259\u011fv edilm\u0259si il\u0259 ba\u011fl\u0131 da Erm\u0259nistan r\u0259hb\u0259rinin ayd\u0131n m\u00f6vqeyi yoxdur:<\/strong>\u00a0\u201cQaraba\u011f m\u0259s\u0259l\u0259si yoxdursa, o zaman n\u0259 \u00fc\u00e7\u00fcn Pa\u015finyan Minsk Qrupunun l\u0259\u011fvi il\u0259 ba\u011fl\u0131 m\u00f6vqeyini a\u00e7\u0131qlam\u0131r? S\u00fclh arzulayan \u00f6lk\u0259 m\u0259\u011flub oldu\u011fu \u00f6lk\u0259nin \u015f\u0259rtl\u0259rini a\u011f\u0131ll\u0131 \u015f\u0259kild\u0259 m\u00fczakir\u0259 edib, q\u0259rar verm\u0259lidir. Bu, h\u0259l\u0259 ki Erm\u0259nistandan g\u0259l\u0259n mesajlardan ayd\u0131n olmur. Erm\u0259ni r\u0259hb\u0259r \u00f6z\u00fcn\u00fc el\u0259 g\u00f6st\u0259rir ki, guya b\u00fct\u00fcn siyas\u0259tini s\u00fclh\u0259 nail olmaq \u00fcz\u0259rind\u0259 qurub. Amma bu, bel\u0259 deyildir. 44 g\u00fcnl\u00fck sava\u015f\u0131n bitm\u0259sind\u0259n art\u0131q d\u00f6rd ild\u0259n \u00e7ox vaxt ke\u00e7ib. S\u00fclh m\u00fcqavil\u0259si yoxdursa, dem\u0259k, bunu \u00fcr\u0259kd\u0259n ist\u0259y\u0259n siyasi irad\u0259 \u00e7at\u0131\u015fm\u0131r. Bu m\u0259s\u0259l\u0259d\u0259n Pa\u015finyan daxili siyas\u0259ti dizayn etm\u0259k \u00fc\u00e7\u00fcn d\u0259 istifad\u0259 edir. G\u0259l\u0259n il ke\u00e7iril\u0259c\u0259k se\u00e7kil\u0259r\u0259 d\u0259 o &#8220;s\u00fclhp\u0259rv\u0259r lider&#8221; kimi getm\u0259k ist\u0259yir. \u00d6z\u00fc bil\u0259r. Amma Az\u0259rbaycan \u00fc\u00e7\u00fcn prinsipial olan m\u0259s\u0259l\u0259l\u0259ri ax\u0131racan ba\u015fa \u00e7atd\u0131rmaq\u00a0 kimi bir d\u00f6vl\u0259ti v\u0259zif\u0259si vard\u0131r. Tan\u0131d\u0131\u011f\u0131m\u0131z bir toplum v\u0259 d\u00f6vl\u0259t\u0259 g\u00fcv\u0259nm\u0259k kimi l\u00fcks\u00fcm\u00fcz olmamal\u0131d\u0131r&#8221;.<\/p>\n<p><em>Yaz\u0131 \u00e7apa haz\u0131rlanark\u0259n m\u0259lum oldu ki, Nikol Pa\u015finyan AT\u018fT-in Minsk Qrupunun burax\u0131lmas\u0131 v\u0259 beyn\u0259lxalq m\u0259hk\u0259m\u0259l\u0259r, qar\u015f\u0131l\u0131ql\u0131 iddialardan imtina da daxil olmaqla, Az\u0259rbaycanla s\u00fclh\u00fcn \u0259ld\u0259 edilm\u0259sin\u0259 dair 12 t\u0259klifini d\u0259rc edib. Musavat.com bildirir ki, Erm\u0259nistan\u0131n ba\u015f naziri bu bar\u0259d\u0259 sosial media hesab\u0131nda payla\u015f\u0131m edib. Dig\u0259r t\u0259klifl\u0259r aras\u0131nda silahlara qar\u015f\u0131l\u0131ql\u0131 n\u0259zar\u0259t mexanizml\u0259rinin formala\u015fd\u0131r\u0131lmas\u0131, d\u00f6y\u00fc\u015fk\u0259n ritorikadan imtina v\u0259 s\u00fclh m\u00fcqavil\u0259sinin imzalanmas\u0131 il\u0259 \u201cD\u00fcnyan\u0131n k\u0259si\u015fm\u0259si\u201d layih\u0259sinin h\u0259yata ke\u00e7irilm\u0259si daxildir. Erm\u0259nistan\u0131n ba\u015f nazirinin fikrinc\u0259, Az\u0259rbaycan\u0131n iki hiss\u0259si aras\u0131nda Erm\u0259nistan \u0259razisind\u0259n ke\u00e7\u0259n kommunikasiya m\u0259s\u0259l\u0259l\u0259ri (v\u0259 \u0259ksin\u0259) v\u0259 iki \u00f6lk\u0259d\u0259n olan qa\u00e7q\u0131nlar\u0131n probleml\u0259ri b\u00fct\u00f6vl\u00fckd\u0259 n\u0259z\u0259r\u0259 al\u0131nmaqla, bu \u00e7\u0259r\u00e7iv\u0259d\u0259 h\u0259ll edil\u0259 bil\u0259r. H\u0259m\u00e7inin bu m\u0259s\u0259l\u0259y\u0259 ekspert komissiyalar\u0131n\u0131n c\u0259lb edilm\u0259sini d\u0259 z\u0259ruri say\u0131r.<\/em><\/p>\n<p>\u00dcmumilikd\u0259 g\u00f6r\u00fcn\u0259n budur ki, N.Pa\u015finyan\u0131n m\u00f6vqeyi s\u00fclh\u00fc yax\u0131nla\u015fd\u0131rm\u0131r, \u0259ksin\u0259, uzaqla\u015fd\u0131r\u0131r. X\u00fcsusil\u0259 ona g\u00f6r\u0259 ki, Pa\u015finyan Az\u0259rbaycana Q\u0259rbi Az\u0259rbaycan terminind\u0259n imtinan\u0131 \u201ct\u00f6vsiy\u0259\u201d edir. Eyni zamanda Q\u0259rbi Az\u0259rbaycan dedikd\u0259, Nax\u00e7\u0131van\u0131 v\u0259 dig\u0259r \u0259razil\u0259rimizi n\u0259z\u0259rd\u0259 tutdu\u011funu bildirir. Bununla da o, Az\u0259rbaycan Prezidentinin q\u0259rbi az\u0259rbaycanl\u0131larla g\u00f6r\u00fc\u015f\u00fcb, onlar\u0131 dinl\u0259m\u0259k t\u0259klifind\u0259n yay\u0131nma\u011fa c\u0259hd g\u00f6st\u0259rir. Bu, Pa\u015finyan\u0131n n\u00f6vb\u0259ti blefidir. Amma bu yol n\u0259 \u00f6z\u00fcn\u0259, n\u0259 d\u0259 \u00f6lk\u0259sin\u0259 xeyir g\u0259tirm\u0259y\u0259c\u0259k, Az\u0259rbaycan Prezidenti xilas yolunu g\u00f6st\u0259rib. Bak\u0131n\u0131n beyn\u0259lxalq h\u00fcquqa \u0259saslanan q\u0259rbi az\u0259rbaycanl\u0131lar\u0131n t\u0259hl\u00fck\u0259siz qay\u0131d\u0131\u015f h\u00fcququnun tan\u0131nmas\u0131 t\u0259klifin\u0259 d\u0259 \u201cyox\u201d dem\u0259si Pa\u015finyana v\u0259 b\u00fct\u00f6vl\u00fckd\u0259 Erm\u0259nistana \u00e7ox baha ba\u015fa g\u0259l\u0259 bil\u0259r&#8230;<\/p>\n<p><strong>E.PA\u015eASOY,<\/strong><br \/>\n<strong>\u201cYeni M\u00fcsavat\u201d<\/strong><\/p>\n<p>&nbsp;<\/p>\n","protected":false},"excerpt":{"rendered":"<p>Erm\u0259nistan r\u0259hb\u0259rliyi hakimiyy\u0259ti v\u0259 \u00f6lk\u0259si \u00fc\u00e7\u00fcn t\u0259klif olunan xilas yolundan imtinan\u0131 se\u00e7ir; deputat: \u201cErm\u0259nistana s\u00fclh laz\u0131m deyils\u0259, Az\u0259rbaycana da laz\u0131m deyil\u201d; politoloq: \u201cS\u00fclh arzulayan \u00f6lk\u0259&#8230;\u201d Erm\u0259nistan s\u00fclh sazi\u015fi layih\u0259sinin raz\u0131la\u015fd\u0131r\u0131lmam\u0131\u015f iki b\u0259ndin\u0259 dair Az\u0259rbaycana t\u0259klifl\u0259r g\u00f6nd\u0259rib. Bu bar\u0259d\u0259 Erm\u0259nistan\u0131n ba\u015f naziri Nikol Pa\u015finyan \u201cArmenpress\u201d\u0259 m\u00fcsahib\u0259sind\u0259 deyib. Onun s\u00f6zl\u0259rin\u0259 g\u00f6r\u0259, m\u00fcsb\u0259t cavab verildiyi t\u0259qdird\u0259, Erm\u0259nistan s\u0259n\u0259di imzalama\u011fa haz\u0131rd\u0131r. \u201cS\u00fclh m\u00fcqavil\u0259sinin raz\u0131la\u015fd\u0131r\u0131lmam\u0131\u015f iki madd\u0259sinin h\u0259llini t\u0259klif etdik v\u0259 Az\u0259rbaycan m\u00fcsb\u0259t cavab ver\u0259rs\u0259, m\u00fcqavil\u0259ni imzalama\u011fa haz\u0131r\u0131q\u201d, &#8211; Pa\u015finyan qeyd edib. Yada salaq ki, Prezident \u0130lham \u018fliyev dekabr\u0131n 17-sind\u0259 Dmitri Kiselyova verdiyi m\u00fcsahib\u0259sind\u0259 s\u00fclh&hellip;<\/p>\n","protected":false},"author":2,"featured_media":780050,"comment_status":"closed","ping_status":"closed","sticky":false,"template":"","format":"standard","meta":{"om_disable_all_campaigns":false,"_monsterinsights_skip_tracking":false,"_monsterinsights_sitenote_active":false,"_monsterinsights_sitenote_note":"","_monsterinsights_sitenote_category":0},"categories":[4],"tags":[],"aioseo_notices":[],"gutentor_comment":0,"rttpg_featured_image_url":{"full":["https:\/\/arantv.az\/wp-content\/uploads\/2025\/01\/063402c0fbf15dd2b925c758ee173d02.jpg",870,500,false],"landscape":["https:\/\/arantv.az\/wp-content\/uploads\/2025\/01\/063402c0fbf15dd2b925c758ee173d02.jpg",870,500,false],"portraits":["https:\/\/arantv.az\/wp-content\/uploads\/2025\/01\/063402c0fbf15dd2b925c758ee173d02.jpg",870,500,false],"thumbnail":["https:\/\/arantv.az\/wp-content\/uploads\/2025\/01\/063402c0fbf15dd2b925c758ee173d02-500x280.jpg",500,280,true],"medium":["https:\/\/arantv.az\/wp-content\/uploads\/2025\/01\/063402c0fbf15dd2b925c758ee173d02-635x365.jpg",635,365,true],"large":["https:\/\/arantv.az\/wp-content\/uploads\/2025\/01\/063402c0fbf15dd2b925c758ee173d02-840x483.jpg",640,368,true],"1536x1536":["https:\/\/arantv.az\/wp-content\/uploads\/2025\/01\/063402c0fbf15dd2b925c758ee173d02.jpg",870,500,false],"2048x2048":["https:\/\/arantv.az\/wp-content\/uploads\/2025\/01\/063402c0fbf15dd2b925c758ee173d02.jpg",870,500,false],"post-thumbnail":["https:\/\/arantv.az\/wp-content\/uploads\/2025\/01\/063402c0fbf15dd2b925c758ee173d02-240x172.jpg",240,172,true],"advps-thumb-one":["https:\/\/arantv.az\/wp-content\/uploads\/2025\/01\/063402c0fbf15dd2b925c758ee173d02.jpg",870,500,false]},"rttpg_author":{"display_name":"V\u00fcsal Rafiqo\u011flu","author_link":"https:\/\/arantv.az\/?author=2"},"rttpg_comment":0,"rttpg_category":"<a href=\"https:\/\/arantv.az\/?cat=4\" rel=\"category\">Siyas\u0259t<\/a>","rttpg_excerpt":"Erm\u0259nistan r\u0259hb\u0259rliyi hakimiyy\u0259ti v\u0259 \u00f6lk\u0259si \u00fc\u00e7\u00fcn t\u0259klif olunan xilas yolundan imtinan\u0131 se\u00e7ir; deputat: \u201cErm\u0259nistana s\u00fclh laz\u0131m deyils\u0259, Az\u0259rbaycana da laz\u0131m deyil\u201d; politoloq: \u201cS\u00fclh arzulayan \u00f6lk\u0259&#8230;\u201d Erm\u0259nistan s\u00fclh sazi\u015fi layih\u0259sinin raz\u0131la\u015fd\u0131r\u0131lmam\u0131\u015f iki b\u0259ndin\u0259 dair Az\u0259rbaycana t\u0259klifl\u0259r g\u00f6nd\u0259rib. Bu bar\u0259d\u0259 Erm\u0259nistan\u0131n ba\u015f naziri Nikol Pa\u015finyan \u201cArmenpress\u201d\u0259 m\u00fcsahib\u0259sind\u0259 deyib. Onun s\u00f6zl\u0259rin\u0259 g\u00f6r\u0259, m\u00fcsb\u0259t cavab verildiyi t\u0259qdird\u0259, Erm\u0259nistan s\u0259n\u0259di&hellip;","_links":{"self":[{"href":"https:\/\/arantv.az\/index.php?rest_route=\/wp\/v2\/posts\/780049"}],"collection":[{"href":"https:\/\/arantv.az\/index.php?rest_route=\/wp\/v2\/posts"}],"about":[{"href":"https:\/\/arantv.az\/index.php?rest_route=\/wp\/v2\/types\/post"}],"author":[{"embeddable":true,"href":"https:\/\/arantv.az\/index.php?rest_route=\/wp\/v2\/users\/2"}],"replies":[{"embeddable":true,"href":"https:\/\/arantv.az\/index.php?rest_route=%2Fwp%2Fv2%2Fcomments&post=780049"}],"version-history":[{"count":2,"href":"https:\/\/arantv.az\/index.php?rest_route=\/wp\/v2\/posts\/780049\/revisions"}],"predecessor-version":[{"id":780052,"href":"https:\/\/arantv.az\/index.php?rest_route=\/wp\/v2\/posts\/780049\/revisions\/780052"}],"wp:featuredmedia":[{"embeddable":true,"href":"https:\/\/arantv.az\/index.php?rest_route=\/wp\/v2\/media\/780050"}],"wp:attachment":[{"href":"https:\/\/arantv.az\/index.php?rest_route=%2Fwp%2Fv2%2Fmedia&parent=780049"}],"wp:term":[{"taxonomy":"category","embeddable":true,"href":"https:\/\/arantv.az\/index.php?rest_route=%2Fwp%2Fv2%2Fcategories&post=780049"},{"taxonomy":"post_tag","embeddable":true,"href":"https:\/\/arantv.az\/index.php?rest_route=%2Fwp%2Fv2%2Ftags&post=780049"}],"curies":[{"name":"wp","href":"https:\/\/api.w.org\/{rel}","templated":true}]}}