{"id":780066,"date":"2025-01-10T16:37:47","date_gmt":"2025-01-10T12:37:47","guid":{"rendered":"https:\/\/arantv.az\/?p=780066"},"modified":"2025-01-10T16:37:47","modified_gmt":"2025-01-10T12:37:47","slug":"aspa-gurcustana-faktarasdirici-missiya-gond%c9%99r%c9%99c%c9%99k","status":"publish","type":"post","link":"https:\/\/arantv.az\/?p=780066","title":{"rendered":"A\u015ePA G\u00fcrc\u00fcstana faktara\u015fd\u0131r\u0131c\u0131 missiya g\u00f6nd\u0259r\u0259c\u0259k"},"content":{"rendered":"<p><strong>Avropa \u015euras\u0131 Parlament Assambleyas\u0131 t\u0259r\u0259find\u0259n davam ed\u0259n monitorinq proseduru \u00e7\u0259r\u00e7iv\u0259sind\u0259 h\u0259mm\u0259ruz\u0259\u00e7il\u0259r Klod Kern (Fransa, \u201cLiberal Demokratlar Alyans\u0131\u201d) v\u0259 Edit Estrella (Portuqaliya, \u201cSosial Demokrat Partiyas\u0131\u201d) faktara\u015fd\u0131r\u0131c\u0131 missiya \u00fczr\u0259 14-16 yanvar tarixl\u0259rind\u0259 G\u00fcrc\u00fcstana s\u0259f\u0259r ed\u0259c\u0259kl\u0259r.<\/strong><\/p>\n<p>Bu\u00a0bar\u0259d\u0259 Avropa \u015euras\u0131 Parlament Assambleyas\u0131n\u0131n sayt\u0131nda d\u0259rc olunmu\u015f press-relizd\u0259 deyilir.<\/p>\n<p>\u201cS\u0259f\u0259rin m\u0259qs\u0259di x\u00fcsusil\u0259 d\u0259 oktyabr se\u00e7kil\u0259rind\u0259n sonra yaranm\u0131\u015f siyasi b\u00f6hran v\u0259 A\u0130-y\u0259 \u00fczvl\u00fck dan\u0131\u015f\u0131qlar\u0131n\u0131n dayand\u0131r\u0131lmas\u0131 fonunda G\u00fcrc\u00fcstan\u0131n Avropa \u015euras\u0131n\u0131n \u00fczv\u00fc kimi \u00fcz\u0259rin\u0259 g\u00f6t\u00fcrd\u00fcy\u00fc \u00f6hd\u0259likl\u0259rin yerin\u0259 yetirm\u0259sini qiym\u0259tl\u0259ndirm\u0259kdir. S\u0259f\u0259r zaman\u0131 h\u0259mm\u0259ruz\u0259\u00e7il\u0259r b\u00fct\u00fcn \u0259sas siyasi partiyalar\u0131n r\u0259hb\u0259rliyi, m\u00fcvafiq d\u00f6vl\u0259t r\u0259smil\u0259ri v\u0259 institutlar\u0131, h\u0259m\u00e7inin v\u0259t\u0259nda\u015f c\u0259miyy\u0259ti il\u0259 g\u00f6r\u00fc\u015f\u0259c\u0259kl\u0259r. Bu, m\u00fcnt\u0259z\u0259m monitorinq s\u0259f\u0259ridir v\u0259 h\u0259mm\u0259ruz\u0259\u00e7il\u0259rin g\u00f6r\u00fc\u015fd\u00fcy\u00fc h\u0259ms\u00f6hb\u0259tl\u0259rin legitimliyinin v\u0259 ya fikirl\u0259rinin siyasi t\u0259sdiqi kimi q\u0259bul edilm\u0259m\u0259lidir\u201d &#8211; dey\u0259 press-relizd\u0259 bildirilir.<\/p>\n<p>M\u0259lumata \u0259sas\u0259n, h\u0259mm\u0259ruz\u0259\u00e7il\u0259r h\u0259bsl\u0259ri v\u0259 ittihamlar\u0131 narahatl\u0131q do\u011furan b\u0259zi n\u00fcmayi\u015f\u00e7il\u0259r\u0259 ba\u015f \u00e7\u0259km\u0259yi planla\u015fd\u0131r\u0131r.\/\/APA<\/p>\n","protected":false},"excerpt":{"rendered":"<p>Avropa \u015euras\u0131 Parlament Assambleyas\u0131 t\u0259r\u0259find\u0259n davam ed\u0259n monitorinq proseduru \u00e7\u0259r\u00e7iv\u0259sind\u0259 h\u0259mm\u0259ruz\u0259\u00e7il\u0259r Klod Kern (Fransa, \u201cLiberal Demokratlar Alyans\u0131\u201d) v\u0259 Edit Estrella (Portuqaliya, \u201cSosial Demokrat Partiyas\u0131\u201d) faktara\u015fd\u0131r\u0131c\u0131 missiya \u00fczr\u0259 14-16 yanvar tarixl\u0259rind\u0259 G\u00fcrc\u00fcstana s\u0259f\u0259r ed\u0259c\u0259kl\u0259r. Bu\u00a0bar\u0259d\u0259 Avropa \u015euras\u0131 Parlament Assambleyas\u0131n\u0131n sayt\u0131nda d\u0259rc olunmu\u015f press-relizd\u0259 deyilir. \u201cS\u0259f\u0259rin m\u0259qs\u0259di x\u00fcsusil\u0259 d\u0259 oktyabr se\u00e7kil\u0259rind\u0259n sonra yaranm\u0131\u015f siyasi b\u00f6hran v\u0259 A\u0130-y\u0259 \u00fczvl\u00fck dan\u0131\u015f\u0131qlar\u0131n\u0131n dayand\u0131r\u0131lmas\u0131 fonunda G\u00fcrc\u00fcstan\u0131n Avropa \u015euras\u0131n\u0131n \u00fczv\u00fc kimi \u00fcz\u0259rin\u0259 g\u00f6t\u00fcrd\u00fcy\u00fc \u00f6hd\u0259likl\u0259rin yerin\u0259 yetirm\u0259sini qiym\u0259tl\u0259ndirm\u0259kdir. S\u0259f\u0259r zaman\u0131 h\u0259mm\u0259ruz\u0259\u00e7il\u0259r b\u00fct\u00fcn \u0259sas siyasi partiyalar\u0131n r\u0259hb\u0259rliyi, m\u00fcvafiq d\u00f6vl\u0259t r\u0259smil\u0259ri v\u0259 institutlar\u0131, h\u0259m\u00e7inin v\u0259t\u0259nda\u015f c\u0259miyy\u0259ti il\u0259 g\u00f6r\u00fc\u015f\u0259c\u0259kl\u0259r. Bu, m\u00fcnt\u0259z\u0259m&hellip;<\/p>\n","protected":false},"author":2,"featured_media":780067,"comment_status":"closed","ping_status":"closed","sticky":false,"template":"","format":"standard","meta":{"om_disable_all_campaigns":false,"_monsterinsights_skip_tracking":false,"_monsterinsights_sitenote_active":false,"_monsterinsights_sitenote_note":"","_monsterinsights_sitenote_category":0},"categories":[19],"tags":[],"aioseo_notices":[],"gutentor_comment":0,"rttpg_featured_image_url":{"full":["https:\/\/arantv.az\/wp-content\/uploads\/2025\/01\/f1284d22e8f61e1edee6c84101c68028.jpg",870,500,false],"landscape":["https:\/\/arantv.az\/wp-content\/uploads\/2025\/01\/f1284d22e8f61e1edee6c84101c68028.jpg",870,500,false],"portraits":["https:\/\/arantv.az\/wp-content\/uploads\/2025\/01\/f1284d22e8f61e1edee6c84101c68028.jpg",870,500,false],"thumbnail":["https:\/\/arantv.az\/wp-content\/uploads\/2025\/01\/f1284d22e8f61e1edee6c84101c68028-500x280.jpg",500,280,true],"medium":["https:\/\/arantv.az\/wp-content\/uploads\/2025\/01\/f1284d22e8f61e1edee6c84101c68028-635x365.jpg",635,365,true],"large":["https:\/\/arantv.az\/wp-content\/uploads\/2025\/01\/f1284d22e8f61e1edee6c84101c68028-840x483.jpg",640,368,true],"1536x1536":["https:\/\/arantv.az\/wp-content\/uploads\/2025\/01\/f1284d22e8f61e1edee6c84101c68028.jpg",870,500,false],"2048x2048":["https:\/\/arantv.az\/wp-content\/uploads\/2025\/01\/f1284d22e8f61e1edee6c84101c68028.jpg",870,500,false],"post-thumbnail":["https:\/\/arantv.az\/wp-content\/uploads\/2025\/01\/f1284d22e8f61e1edee6c84101c68028-240x172.jpg",240,172,true],"advps-thumb-one":["https:\/\/arantv.az\/wp-content\/uploads\/2025\/01\/f1284d22e8f61e1edee6c84101c68028.jpg",870,500,false]},"rttpg_author":{"display_name":"V\u00fcsal Rafiqo\u011flu","author_link":"https:\/\/arantv.az\/?author=2"},"rttpg_comment":0,"rttpg_category":"<a href=\"https:\/\/arantv.az\/?cat=19\" rel=\"category\">G\u00fcnd\u0259m<\/a>","rttpg_excerpt":"Avropa \u015euras\u0131 Parlament Assambleyas\u0131 t\u0259r\u0259find\u0259n davam ed\u0259n monitorinq proseduru \u00e7\u0259r\u00e7iv\u0259sind\u0259 h\u0259mm\u0259ruz\u0259\u00e7il\u0259r Klod Kern (Fransa, \u201cLiberal Demokratlar Alyans\u0131\u201d) v\u0259 Edit Estrella (Portuqaliya, \u201cSosial Demokrat Partiyas\u0131\u201d) faktara\u015fd\u0131r\u0131c\u0131 missiya \u00fczr\u0259 14-16 yanvar tarixl\u0259rind\u0259 G\u00fcrc\u00fcstana s\u0259f\u0259r ed\u0259c\u0259kl\u0259r. Bu\u00a0bar\u0259d\u0259 Avropa \u015euras\u0131 Parlament Assambleyas\u0131n\u0131n sayt\u0131nda d\u0259rc olunmu\u015f press-relizd\u0259 deyilir. \u201cS\u0259f\u0259rin m\u0259qs\u0259di x\u00fcsusil\u0259 d\u0259 oktyabr se\u00e7kil\u0259rind\u0259n sonra yaranm\u0131\u015f siyasi b\u00f6hran v\u0259 A\u0130-y\u0259&hellip;","_links":{"self":[{"href":"https:\/\/arantv.az\/index.php?rest_route=\/wp\/v2\/posts\/780066"}],"collection":[{"href":"https:\/\/arantv.az\/index.php?rest_route=\/wp\/v2\/posts"}],"about":[{"href":"https:\/\/arantv.az\/index.php?rest_route=\/wp\/v2\/types\/post"}],"author":[{"embeddable":true,"href":"https:\/\/arantv.az\/index.php?rest_route=\/wp\/v2\/users\/2"}],"replies":[{"embeddable":true,"href":"https:\/\/arantv.az\/index.php?rest_route=%2Fwp%2Fv2%2Fcomments&post=780066"}],"version-history":[{"count":1,"href":"https:\/\/arantv.az\/index.php?rest_route=\/wp\/v2\/posts\/780066\/revisions"}],"predecessor-version":[{"id":780068,"href":"https:\/\/arantv.az\/index.php?rest_route=\/wp\/v2\/posts\/780066\/revisions\/780068"}],"wp:featuredmedia":[{"embeddable":true,"href":"https:\/\/arantv.az\/index.php?rest_route=\/wp\/v2\/media\/780067"}],"wp:attachment":[{"href":"https:\/\/arantv.az\/index.php?rest_route=%2Fwp%2Fv2%2Fmedia&parent=780066"}],"wp:term":[{"taxonomy":"category","embeddable":true,"href":"https:\/\/arantv.az\/index.php?rest_route=%2Fwp%2Fv2%2Fcategories&post=780066"},{"taxonomy":"post_tag","embeddable":true,"href":"https:\/\/arantv.az\/index.php?rest_route=%2Fwp%2Fv2%2Ftags&post=780066"}],"curies":[{"name":"wp","href":"https:\/\/api.w.org\/{rel}","templated":true}]}}