{"id":78015,"date":"2019-09-10T14:25:54","date_gmt":"2019-09-10T11:25:54","guid":{"rendered":"http:\/\/arantv.az\/?p=78015"},"modified":"2019-09-10T14:25:54","modified_gmt":"2019-09-10T11:25:54","slug":"smolenkov-abs-in-agentidir","status":"publish","type":"post","link":"https:\/\/arantv.az\/?p=78015","title":{"rendered":"Smolenkov AB\u015e-\u0131n agentidir?"},"content":{"rendered":"<p>R\u0259smi Moskva Rusiyadan AB\u015e-\u0131n agentinin t\u0259xliy\u0259 edilm\u0259si \u0259m\u0259liyyat\u0131 bar\u0259d\u0259 iddialara m\u00fcnasib\u0259t bildirib.<\/p>\n<p>Bu bar\u0259d\u0259 Rusiya Prezident Administrasiyas\u0131n\u0131n i\u015fl\u0259r idar\u0259sinin m\u0259tbuat katibi\u00a0 Yelena Kirilova\u00a0<a href=\"https:\/\/tass.ru\/politika\/6868497\" target=\"_blank\" rel=\"noopener\">TASS-<\/a>a dan\u0131\u015f\u0131b.<\/p>\n<p>O deyib ki, yay\u0131lan x\u0259b\u0259rl\u0259rd\u0259 ad\u0131 ke\u00e7\u0259n Oleq Smolenkov he\u00e7 vaxt Prezident Administrasiyas\u0131nda i\u015fl\u0259m\u0259yib.<\/p>\n<div id=\"AdviadNativeVideo0\" class=\"AdviadNativeVideo\"><\/div>\n<p>Qeyd ed\u0259k ki, CNN telekanal\u0131 A\u011f Ev administrasiyas\u0131ndak\u0131 m\u0259nb\u0259l\u0259r\u0259 istinad\u0259n Rusiyadan AB\u015e-\u0131n \u201colduqca qiym\u0259tli v\u0259 \u00e7ox y\u00fcks\u0259k r\u00fctb\u0259li\u201d agentinin evakuasiya edilm\u0259si \u0259m\u0259liyyat\u0131 bar\u0259d\u0259 m\u0259lumat yay\u0131b. Lakin h\u0259min \u015f\u0259xsin ad\u0131n\u0131 a\u00e7\u0131qlamay\u0131b.<\/p>\n<p>M\u0259nb\u0259l\u0259rin m\u0259lumat\u0131na g\u00f6r\u0259, M\u0259rk\u0259zi K\u0259\u015ffiyyat \u0130dar\u0259si Rusiyadan \u00f6z\u00fcn\u00fcn \u0259n qiym\u0259tli agentini Prezident Donald Tramp\u0131n Oval ofisd\u0259 Rusiya Xarici \u0130\u015fl\u0259r naziri Sergey Lavrovu v\u0259 bu \u00f6lk\u0259nin Va\u015finqtondak\u0131 o zamank\u0131 s\u0259firi Sergey Kislyak\u0131 q\u0259bul etm\u0259sind\u0259n sonra t\u0259xliyy\u0259 etm\u0259yi q\u0259rara al\u0131b.<\/p>\n<p>Bildirilir ki, Tramp h\u0259min g\u00f6r\u00fc\u015fd\u0259 AB\u015e k\u0259\u015ffiyyat\u0131n\u0131n olduqca m\u0259xfi informasiyas\u0131n\u0131 Rusiyan\u0131n Xarici \u0130\u015fl\u0259r nazirin\u0259 dan\u0131\u015f\u0131b.<\/p>\n<p>AB\u015e m\u0259tbuat\u0131n\u0131n yazd\u0131\u011f\u0131na g\u00f6r\u0259, \u00a0M\u0259rk\u0259zi K\u0259\u015ffiyyat \u0130dar\u0259si agent\u0259 t\u0259xliyy\u0259 t\u0259klif ed\u0259nd\u0259 o \u0259vv\u0259lc\u0259 raz\u0131la\u015fmay\u0131b.<\/p>\n<p>Bundan sonra AB\u015e k\u0259\u015ffiyyat\u0131 onun ikili agent ola bil\u0259c\u0259yind\u0259n \u015f\u00fcbh\u0259l\u0259nib.<\/p>\n<p>Rusiya m\u0259tbuat\u0131 is\u0259 diqq\u0259ti Prezident Administrasiyas\u0131n\u0131n m\u00fc\u0259mmal\u0131 \u015f\u0259kild\u0259 yoxa \u00e7\u0131xan \u0259m\u0259kda\u015f\u0131 Oleq Smolenkova y\u00f6n\u0259ldib.<\/p>\n<p>M\u0259lumata g\u00f6r\u0259, Smolenkov karyeras\u0131 \u0259rzind\u0259 Rusiyan\u0131n AB\u015e-dak\u0131 s\u0259firliyind\u0259 katib i\u015fl\u0259yib. Eyni zamanda, Rusiya h\u00f6kum\u0259tinin aparat\u0131nda v\u0259zif\u0259 tutub. 2010-cu ild\u0259 ovaxtk\u0131 Prezident Dmitri Medvedyevin s\u0259r\u0259ncam\u0131 il\u0259 Smolenkova \u00fc\u00e7\u00fcnc\u00fc d\u0259r\u0259c\u0259li d\u00f6vl\u0259t m\u00fc\u015faviri statusu verilib.<\/p>\n<p>\u0130stintaq m\u00fc\u0259yy\u0259n edib ki, 2017-ci il iyunun 14-d\u0259 Smolenkovun ail\u0259si Moskvadak\u0131 m\u0259nzilini t\u0259rk edib.<\/p>\n<p>Qeyd olunur ki, Oleq Smolenkov ail\u0259si il\u0259 birlikd\u0259 Monteneqroya yollan\u0131b.<\/p>\n","protected":false},"excerpt":{"rendered":"<p>R\u0259smi Moskva Rusiyadan AB\u015e-\u0131n agentinin t\u0259xliy\u0259 edilm\u0259si \u0259m\u0259liyyat\u0131 bar\u0259d\u0259 iddialara m\u00fcnasib\u0259t bildirib. Bu bar\u0259d\u0259 Rusiya Prezident Administrasiyas\u0131n\u0131n i\u015fl\u0259r idar\u0259sinin m\u0259tbuat katibi\u00a0 Yelena Kirilova\u00a0TASS-a dan\u0131\u015f\u0131b. O deyib ki, yay\u0131lan x\u0259b\u0259rl\u0259rd\u0259 ad\u0131 ke\u00e7\u0259n Oleq Smolenkov he\u00e7 vaxt Prezident Administrasiyas\u0131nda i\u015fl\u0259m\u0259yib. Qeyd ed\u0259k ki, CNN telekanal\u0131 A\u011f Ev administrasiyas\u0131ndak\u0131 m\u0259nb\u0259l\u0259r\u0259 istinad\u0259n Rusiyadan AB\u015e-\u0131n \u201colduqca qiym\u0259tli v\u0259 \u00e7ox y\u00fcks\u0259k r\u00fctb\u0259li\u201d agentinin evakuasiya edilm\u0259si \u0259m\u0259liyyat\u0131 bar\u0259d\u0259 m\u0259lumat yay\u0131b. Lakin h\u0259min \u015f\u0259xsin ad\u0131n\u0131 a\u00e7\u0131qlamay\u0131b. M\u0259nb\u0259l\u0259rin m\u0259lumat\u0131na g\u00f6r\u0259, M\u0259rk\u0259zi K\u0259\u015ffiyyat \u0130dar\u0259si Rusiyadan \u00f6z\u00fcn\u00fcn \u0259n qiym\u0259tli agentini Prezident Donald Tramp\u0131n Oval ofisd\u0259 Rusiya Xarici \u0130\u015fl\u0259r naziri Sergey Lavrovu&hellip;<\/p>\n","protected":false},"author":2,"featured_media":78016,"comment_status":"closed","ping_status":"closed","sticky":false,"template":"","format":"standard","meta":{"om_disable_all_campaigns":false,"_monsterinsights_skip_tracking":false,"_monsterinsights_sitenote_active":false,"_monsterinsights_sitenote_note":"","_monsterinsights_sitenote_category":0},"categories":[7],"tags":[],"aioseo_notices":[],"gutentor_comment":0,"rttpg_featured_image_url":{"full":["https:\/\/arantv.az\/wp-content\/uploads\/2019\/09\/5165574.jpg",620,394,false],"landscape":["https:\/\/arantv.az\/wp-content\/uploads\/2019\/09\/5165574.jpg",620,394,false],"portraits":["https:\/\/arantv.az\/wp-content\/uploads\/2019\/09\/5165574.jpg",620,394,false],"thumbnail":["https:\/\/arantv.az\/wp-content\/uploads\/2019\/09\/5165574-150x150.jpg",150,150,true],"medium":["https:\/\/arantv.az\/wp-content\/uploads\/2019\/09\/5165574-300x191.jpg",300,191,true],"large":["https:\/\/arantv.az\/wp-content\/uploads\/2019\/09\/5165574.jpg",620,394,false],"1536x1536":["https:\/\/arantv.az\/wp-content\/uploads\/2019\/09\/5165574.jpg",620,394,false],"2048x2048":["https:\/\/arantv.az\/wp-content\/uploads\/2019\/09\/5165574.jpg",620,394,false],"post-thumbnail":["https:\/\/arantv.az\/wp-content\/uploads\/2019\/09\/5165574-240x172.jpg",240,172,true],"advps-thumb-one":["https:\/\/arantv.az\/wp-content\/uploads\/2019\/09\/5165574.jpg",620,394,false]},"rttpg_author":{"display_name":"V\u00fcsal Rafiqo\u011flu","author_link":"https:\/\/arantv.az\/?author=2"},"rttpg_comment":0,"rttpg_category":"<a href=\"https:\/\/arantv.az\/?cat=7\" rel=\"category\">D\u00fcnya<\/a>","rttpg_excerpt":"R\u0259smi Moskva Rusiyadan AB\u015e-\u0131n agentinin t\u0259xliy\u0259 edilm\u0259si \u0259m\u0259liyyat\u0131 bar\u0259d\u0259 iddialara m\u00fcnasib\u0259t bildirib. Bu bar\u0259d\u0259 Rusiya Prezident Administrasiyas\u0131n\u0131n i\u015fl\u0259r idar\u0259sinin m\u0259tbuat katibi\u00a0 Yelena Kirilova\u00a0TASS-a dan\u0131\u015f\u0131b. O deyib ki, yay\u0131lan x\u0259b\u0259rl\u0259rd\u0259 ad\u0131 ke\u00e7\u0259n Oleq Smolenkov he\u00e7 vaxt Prezident Administrasiyas\u0131nda i\u015fl\u0259m\u0259yib. Qeyd ed\u0259k ki, CNN telekanal\u0131 A\u011f Ev administrasiyas\u0131ndak\u0131 m\u0259nb\u0259l\u0259r\u0259 istinad\u0259n Rusiyadan AB\u015e-\u0131n \u201colduqca qiym\u0259tli v\u0259 \u00e7ox y\u00fcks\u0259k&hellip;","_links":{"self":[{"href":"https:\/\/arantv.az\/index.php?rest_route=\/wp\/v2\/posts\/78015"}],"collection":[{"href":"https:\/\/arantv.az\/index.php?rest_route=\/wp\/v2\/posts"}],"about":[{"href":"https:\/\/arantv.az\/index.php?rest_route=\/wp\/v2\/types\/post"}],"author":[{"embeddable":true,"href":"https:\/\/arantv.az\/index.php?rest_route=\/wp\/v2\/users\/2"}],"replies":[{"embeddable":true,"href":"https:\/\/arantv.az\/index.php?rest_route=%2Fwp%2Fv2%2Fcomments&post=78015"}],"version-history":[{"count":0,"href":"https:\/\/arantv.az\/index.php?rest_route=\/wp\/v2\/posts\/78015\/revisions"}],"wp:featuredmedia":[{"embeddable":true,"href":"https:\/\/arantv.az\/index.php?rest_route=\/wp\/v2\/media\/78016"}],"wp:attachment":[{"href":"https:\/\/arantv.az\/index.php?rest_route=%2Fwp%2Fv2%2Fmedia&parent=78015"}],"wp:term":[{"taxonomy":"category","embeddable":true,"href":"https:\/\/arantv.az\/index.php?rest_route=%2Fwp%2Fv2%2Fcategories&post=78015"},{"taxonomy":"post_tag","embeddable":true,"href":"https:\/\/arantv.az\/index.php?rest_route=%2Fwp%2Fv2%2Ftags&post=78015"}],"curies":[{"name":"wp","href":"https:\/\/api.w.org\/{rel}","templated":true}]}}