{"id":780273,"date":"2025-01-11T09:59:38","date_gmt":"2025-01-11T05:59:38","guid":{"rendered":"https:\/\/arantv.az\/?p=780273"},"modified":"2025-01-11T09:59:38","modified_gmt":"2025-01-11T05:59:38","slug":"%c9%99rdogan-az%c9%99rbaycana-yeni-s%c9%99fir-t%c9%99yin-edib","status":"publish","type":"post","link":"https:\/\/arantv.az\/?p=780273","title":{"rendered":"\u018frdo\u011fan Az\u0259rbaycana yeni s\u0259fir t\u0259yin edib"},"content":{"rendered":"<p>T\u00fcrkiy\u0259 Prezidenti R\u0259c\u0259b Tayyib \u018frdo\u011fan\u0131n q\u0259rar\u0131na \u0259sas\u0259n Birol Akg\u00fcn qarda\u015f \u00f6lk\u0259nin Az\u0259rbaycandak\u0131 f\u00f6vq\u0259lad\u0259 v\u0259 s\u0259lahiyy\u0259tli s\u0259firi t\u0259yin edilib.<\/p>\n<p>\u201cReport\u201d x\u0259b\u0259r verir ki, d\u00f6vl\u0259t ba\u015f\u00e7\u0131s\u0131n\u0131n q\u0259rar\u0131 \u201cR\u0259smi q\u0259zet\u201dd\u0259 d\u0259rc olunub.<\/p>\n<p>Birol Akg\u00fcn bundan \u00f6nc\u0259 T\u00fcrkiy\u0259 Maarif Fondunun s\u0259dri olub.<\/p>\n<p>Prezidentin q\u0259rar\u0131na g\u00f6r\u0259 \u0259sas\u0259n xarici i\u015fl\u0259r nazirinin m\u00fcavini v\u0259 T\u00fcrkiy\u0259nin bir s\u0131ra \u00f6lk\u0259l\u0259rd\u0259ki s\u0259firlikl\u0259rin\u0259 d\u0259 t\u0259yinatlar olub. Bel\u0259 ki, Zeki Levent G\u00fcmr\u00fck\u00e7\u00fc xarici i\u015fl\u0259r nazirinin m\u00fcavini t\u0259yin edilib. Eyni zamanda Ferhat Alkan T\u00fcrkiy\u0259nin Mozambik Respublikas\u0131nda s\u0259firi, Prezidentin ba\u015f m\u00fc\u015faviri Yakup Caymazo\u011flu is\u0259 \u0130ordaniya Ha\u015fimil\u0259r Krall\u0131\u011f\u0131nda s\u0259fir t\u0259yin olunublar. Eyni zamanda d\u00f6vl\u0259t ba\u015f\u00e7\u0131s\u0131 Kuba v\u0259 B\u018f\u018f-y\u0259 d\u0259 yeni s\u0259firl\u0259r t\u0259yin edib.<\/p>\n<p><img loading=\"lazy\" src=\"https:\/\/cdn.musavat.com\/news\/thumbnails\/517b4bbd957e0cb342b0fa2b7c31247c.jpg\" alt=\"4311a989-50d4-37a0-9c13-29849e6b014b.jpeg (39 KB)\" width=\"700\" height=\"436\" \/><\/p>\n","protected":false},"excerpt":{"rendered":"<p>T\u00fcrkiy\u0259 Prezidenti R\u0259c\u0259b Tayyib \u018frdo\u011fan\u0131n q\u0259rar\u0131na \u0259sas\u0259n Birol Akg\u00fcn qarda\u015f \u00f6lk\u0259nin Az\u0259rbaycandak\u0131 f\u00f6vq\u0259lad\u0259 v\u0259 s\u0259lahiyy\u0259tli s\u0259firi t\u0259yin edilib. \u201cReport\u201d x\u0259b\u0259r verir ki, d\u00f6vl\u0259t ba\u015f\u00e7\u0131s\u0131n\u0131n q\u0259rar\u0131 \u201cR\u0259smi q\u0259zet\u201dd\u0259 d\u0259rc olunub. Birol Akg\u00fcn bundan \u00f6nc\u0259 T\u00fcrkiy\u0259 Maarif Fondunun s\u0259dri olub. Prezidentin q\u0259rar\u0131na g\u00f6r\u0259 \u0259sas\u0259n xarici i\u015fl\u0259r nazirinin m\u00fcavini v\u0259 T\u00fcrkiy\u0259nin bir s\u0131ra \u00f6lk\u0259l\u0259rd\u0259ki s\u0259firlikl\u0259rin\u0259 d\u0259 t\u0259yinatlar olub. Bel\u0259 ki, Zeki Levent G\u00fcmr\u00fck\u00e7\u00fc xarici i\u015fl\u0259r nazirinin m\u00fcavini t\u0259yin edilib. Eyni zamanda Ferhat Alkan T\u00fcrkiy\u0259nin Mozambik Respublikas\u0131nda s\u0259firi, Prezidentin ba\u015f m\u00fc\u015faviri Yakup Caymazo\u011flu is\u0259 \u0130ordaniya Ha\u015fimil\u0259r Krall\u0131\u011f\u0131nda s\u0259fir t\u0259yin olunublar. Eyni zamanda d\u00f6vl\u0259t ba\u015f\u00e7\u0131s\u0131&hellip;<\/p>\n","protected":false},"author":2,"featured_media":780274,"comment_status":"closed","ping_status":"closed","sticky":false,"template":"","format":"standard","meta":{"om_disable_all_campaigns":false,"_monsterinsights_skip_tracking":false,"_monsterinsights_sitenote_active":false,"_monsterinsights_sitenote_note":"","_monsterinsights_sitenote_category":0},"categories":[4],"tags":[],"aioseo_notices":[],"gutentor_comment":0,"rttpg_featured_image_url":{"full":["https:\/\/arantv.az\/wp-content\/uploads\/2025\/01\/38eb62711c84b6e8df51da7d180ca675.jpg",850,500,false],"landscape":["https:\/\/arantv.az\/wp-content\/uploads\/2025\/01\/38eb62711c84b6e8df51da7d180ca675.jpg",850,500,false],"portraits":["https:\/\/arantv.az\/wp-content\/uploads\/2025\/01\/38eb62711c84b6e8df51da7d180ca675.jpg",850,500,false],"thumbnail":["https:\/\/arantv.az\/wp-content\/uploads\/2025\/01\/38eb62711c84b6e8df51da7d180ca675-500x280.jpg",500,280,true],"medium":["https:\/\/arantv.az\/wp-content\/uploads\/2025\/01\/38eb62711c84b6e8df51da7d180ca675-621x365.jpg",621,365,true],"large":["https:\/\/arantv.az\/wp-content\/uploads\/2025\/01\/38eb62711c84b6e8df51da7d180ca675-840x494.jpg",640,376,true],"1536x1536":["https:\/\/arantv.az\/wp-content\/uploads\/2025\/01\/38eb62711c84b6e8df51da7d180ca675.jpg",850,500,false],"2048x2048":["https:\/\/arantv.az\/wp-content\/uploads\/2025\/01\/38eb62711c84b6e8df51da7d180ca675.jpg",850,500,false],"post-thumbnail":["https:\/\/arantv.az\/wp-content\/uploads\/2025\/01\/38eb62711c84b6e8df51da7d180ca675-240x172.jpg",240,172,true],"advps-thumb-one":["https:\/\/arantv.az\/wp-content\/uploads\/2025\/01\/38eb62711c84b6e8df51da7d180ca675.jpg",850,500,false]},"rttpg_author":{"display_name":"V\u00fcsal Rafiqo\u011flu","author_link":"https:\/\/arantv.az\/?author=2"},"rttpg_comment":0,"rttpg_category":"<a href=\"https:\/\/arantv.az\/?cat=4\" rel=\"category\">Siyas\u0259t<\/a>","rttpg_excerpt":"T\u00fcrkiy\u0259 Prezidenti R\u0259c\u0259b Tayyib \u018frdo\u011fan\u0131n q\u0259rar\u0131na \u0259sas\u0259n Birol Akg\u00fcn qarda\u015f \u00f6lk\u0259nin Az\u0259rbaycandak\u0131 f\u00f6vq\u0259lad\u0259 v\u0259 s\u0259lahiyy\u0259tli s\u0259firi t\u0259yin edilib. \u201cReport\u201d x\u0259b\u0259r verir ki, d\u00f6vl\u0259t ba\u015f\u00e7\u0131s\u0131n\u0131n q\u0259rar\u0131 \u201cR\u0259smi q\u0259zet\u201dd\u0259 d\u0259rc olunub. Birol Akg\u00fcn bundan \u00f6nc\u0259 T\u00fcrkiy\u0259 Maarif Fondunun s\u0259dri olub. Prezidentin q\u0259rar\u0131na g\u00f6r\u0259 \u0259sas\u0259n xarici i\u015fl\u0259r nazirinin m\u00fcavini v\u0259 T\u00fcrkiy\u0259nin bir s\u0131ra \u00f6lk\u0259l\u0259rd\u0259ki s\u0259firlikl\u0259rin\u0259 d\u0259 t\u0259yinatlar olub.&hellip;","_links":{"self":[{"href":"https:\/\/arantv.az\/index.php?rest_route=\/wp\/v2\/posts\/780273"}],"collection":[{"href":"https:\/\/arantv.az\/index.php?rest_route=\/wp\/v2\/posts"}],"about":[{"href":"https:\/\/arantv.az\/index.php?rest_route=\/wp\/v2\/types\/post"}],"author":[{"embeddable":true,"href":"https:\/\/arantv.az\/index.php?rest_route=\/wp\/v2\/users\/2"}],"replies":[{"embeddable":true,"href":"https:\/\/arantv.az\/index.php?rest_route=%2Fwp%2Fv2%2Fcomments&post=780273"}],"version-history":[{"count":2,"href":"https:\/\/arantv.az\/index.php?rest_route=\/wp\/v2\/posts\/780273\/revisions"}],"predecessor-version":[{"id":780276,"href":"https:\/\/arantv.az\/index.php?rest_route=\/wp\/v2\/posts\/780273\/revisions\/780276"}],"wp:featuredmedia":[{"embeddable":true,"href":"https:\/\/arantv.az\/index.php?rest_route=\/wp\/v2\/media\/780274"}],"wp:attachment":[{"href":"https:\/\/arantv.az\/index.php?rest_route=%2Fwp%2Fv2%2Fmedia&parent=780273"}],"wp:term":[{"taxonomy":"category","embeddable":true,"href":"https:\/\/arantv.az\/index.php?rest_route=%2Fwp%2Fv2%2Fcategories&post=780273"},{"taxonomy":"post_tag","embeddable":true,"href":"https:\/\/arantv.az\/index.php?rest_route=%2Fwp%2Fv2%2Ftags&post=780273"}],"curies":[{"name":"wp","href":"https:\/\/api.w.org\/{rel}","templated":true}]}}