{"id":780283,"date":"2025-01-11T10:02:31","date_gmt":"2025-01-11T06:02:31","guid":{"rendered":"https:\/\/arantv.az\/?p=780283"},"modified":"2025-01-11T10:02:31","modified_gmt":"2025-01-11T06:02:31","slug":"iran-s%c9%99firi-fransa-xin-%c9%99-cagirilib","status":"publish","type":"post","link":"https:\/\/arantv.az\/?p=780283","title":{"rendered":"\u0130ran s\u0259firi Fransa X\u0130N-\u0259 \u00e7a\u011f\u0131r\u0131l\u0131b"},"content":{"rendered":"<p>\u0130ran s\u0259firi M\u0259h\u0259mm\u0259d Amin Necad Fransa v\u0259t\u0259nda\u015flar\u0131n\u0131n \u0130slam Respublikas\u0131nda saxlan\u0131lmas\u0131 il\u0259 \u0259laq\u0259dar Fransa Xarici \u0130\u015fl\u0259r Nazirliyin\u0259 \u00e7a\u011f\u0131r\u0131l\u0131b.<\/p>\n<p>&#8220;Report&#8221;un &#8220;Reuters&#8221;\u0259 istinad\u0259n verdiyi m\u0259lumata g\u00f6r\u0259, bu bar\u0259d\u0259 Fransa Xarici \u0130\u015fl\u0259r Nazirliyinin b\u0259yanat\u0131nda deyilir.<\/p>\n<p>Nazirlikd\u0259n bildirilib ki, saxlan\u0131lan v\u0259t\u0259nda\u015flar \u0130ran \u0130slam Respublikas\u0131 d\u00f6vl\u0259tinin girovlar\u0131d\u0131r.<\/p>\n<p>Agentlik h\u0259m\u00e7inin Fransa v\u0259t\u0259nda\u015flar\u0131n\u0131 \u0130rana s\u0259f\u0259rl\u0259rd\u0259n \u00e7\u0259kinm\u0259y\u0259 \u00e7a\u011f\u0131r\u0131b.<\/p>\n","protected":false},"excerpt":{"rendered":"<p>\u0130ran s\u0259firi M\u0259h\u0259mm\u0259d Amin Necad Fransa v\u0259t\u0259nda\u015flar\u0131n\u0131n \u0130slam Respublikas\u0131nda saxlan\u0131lmas\u0131 il\u0259 \u0259laq\u0259dar Fransa Xarici \u0130\u015fl\u0259r Nazirliyin\u0259 \u00e7a\u011f\u0131r\u0131l\u0131b. &#8220;Report&#8221;un &#8220;Reuters&#8221;\u0259 istinad\u0259n verdiyi m\u0259lumata g\u00f6r\u0259, bu bar\u0259d\u0259 Fransa Xarici \u0130\u015fl\u0259r Nazirliyinin b\u0259yanat\u0131nda deyilir. Nazirlikd\u0259n bildirilib ki, saxlan\u0131lan v\u0259t\u0259nda\u015flar \u0130ran \u0130slam Respublikas\u0131 d\u00f6vl\u0259tinin girovlar\u0131d\u0131r. Agentlik h\u0259m\u00e7inin Fransa v\u0259t\u0259nda\u015flar\u0131n\u0131 \u0130rana s\u0259f\u0259rl\u0259rd\u0259n \u00e7\u0259kinm\u0259y\u0259 \u00e7a\u011f\u0131r\u0131b.<\/p>\n","protected":false},"author":2,"featured_media":780284,"comment_status":"closed","ping_status":"closed","sticky":false,"template":"","format":"standard","meta":{"om_disable_all_campaigns":false,"_monsterinsights_skip_tracking":false,"_monsterinsights_sitenote_active":false,"_monsterinsights_sitenote_note":"","_monsterinsights_sitenote_category":0},"categories":[7],"tags":[],"aioseo_notices":[],"gutentor_comment":0,"rttpg_featured_image_url":{"full":["https:\/\/arantv.az\/wp-content\/uploads\/2025\/01\/44b86e527f1ba2ae1256b0848709972f.jpg",850,500,false],"landscape":["https:\/\/arantv.az\/wp-content\/uploads\/2025\/01\/44b86e527f1ba2ae1256b0848709972f.jpg",850,500,false],"portraits":["https:\/\/arantv.az\/wp-content\/uploads\/2025\/01\/44b86e527f1ba2ae1256b0848709972f.jpg",850,500,false],"thumbnail":["https:\/\/arantv.az\/wp-content\/uploads\/2025\/01\/44b86e527f1ba2ae1256b0848709972f-500x280.jpg",500,280,true],"medium":["https:\/\/arantv.az\/wp-content\/uploads\/2025\/01\/44b86e527f1ba2ae1256b0848709972f-621x365.jpg",621,365,true],"large":["https:\/\/arantv.az\/wp-content\/uploads\/2025\/01\/44b86e527f1ba2ae1256b0848709972f-840x494.jpg",640,376,true],"1536x1536":["https:\/\/arantv.az\/wp-content\/uploads\/2025\/01\/44b86e527f1ba2ae1256b0848709972f.jpg",850,500,false],"2048x2048":["https:\/\/arantv.az\/wp-content\/uploads\/2025\/01\/44b86e527f1ba2ae1256b0848709972f.jpg",850,500,false],"post-thumbnail":["https:\/\/arantv.az\/wp-content\/uploads\/2025\/01\/44b86e527f1ba2ae1256b0848709972f-240x172.jpg",240,172,true],"advps-thumb-one":["https:\/\/arantv.az\/wp-content\/uploads\/2025\/01\/44b86e527f1ba2ae1256b0848709972f.jpg",850,500,false]},"rttpg_author":{"display_name":"V\u00fcsal Rafiqo\u011flu","author_link":"https:\/\/arantv.az\/?author=2"},"rttpg_comment":0,"rttpg_category":"<a href=\"https:\/\/arantv.az\/?cat=7\" rel=\"category\">D\u00fcnya<\/a>","rttpg_excerpt":"\u0130ran s\u0259firi M\u0259h\u0259mm\u0259d Amin Necad Fransa v\u0259t\u0259nda\u015flar\u0131n\u0131n \u0130slam Respublikas\u0131nda saxlan\u0131lmas\u0131 il\u0259 \u0259laq\u0259dar Fransa Xarici \u0130\u015fl\u0259r Nazirliyin\u0259 \u00e7a\u011f\u0131r\u0131l\u0131b. &#8220;Report&#8221;un &#8220;Reuters&#8221;\u0259 istinad\u0259n verdiyi m\u0259lumata g\u00f6r\u0259, bu bar\u0259d\u0259 Fransa Xarici \u0130\u015fl\u0259r Nazirliyinin b\u0259yanat\u0131nda deyilir. Nazirlikd\u0259n bildirilib ki, saxlan\u0131lan v\u0259t\u0259nda\u015flar \u0130ran \u0130slam Respublikas\u0131 d\u00f6vl\u0259tinin girovlar\u0131d\u0131r. Agentlik h\u0259m\u00e7inin Fransa v\u0259t\u0259nda\u015flar\u0131n\u0131 \u0130rana s\u0259f\u0259rl\u0259rd\u0259n \u00e7\u0259kinm\u0259y\u0259 \u00e7a\u011f\u0131r\u0131b.","_links":{"self":[{"href":"https:\/\/arantv.az\/index.php?rest_route=\/wp\/v2\/posts\/780283"}],"collection":[{"href":"https:\/\/arantv.az\/index.php?rest_route=\/wp\/v2\/posts"}],"about":[{"href":"https:\/\/arantv.az\/index.php?rest_route=\/wp\/v2\/types\/post"}],"author":[{"embeddable":true,"href":"https:\/\/arantv.az\/index.php?rest_route=\/wp\/v2\/users\/2"}],"replies":[{"embeddable":true,"href":"https:\/\/arantv.az\/index.php?rest_route=%2Fwp%2Fv2%2Fcomments&post=780283"}],"version-history":[{"count":1,"href":"https:\/\/arantv.az\/index.php?rest_route=\/wp\/v2\/posts\/780283\/revisions"}],"predecessor-version":[{"id":780285,"href":"https:\/\/arantv.az\/index.php?rest_route=\/wp\/v2\/posts\/780283\/revisions\/780285"}],"wp:featuredmedia":[{"embeddable":true,"href":"https:\/\/arantv.az\/index.php?rest_route=\/wp\/v2\/media\/780284"}],"wp:attachment":[{"href":"https:\/\/arantv.az\/index.php?rest_route=%2Fwp%2Fv2%2Fmedia&parent=780283"}],"wp:term":[{"taxonomy":"category","embeddable":true,"href":"https:\/\/arantv.az\/index.php?rest_route=%2Fwp%2Fv2%2Fcategories&post=780283"},{"taxonomy":"post_tag","embeddable":true,"href":"https:\/\/arantv.az\/index.php?rest_route=%2Fwp%2Fv2%2Ftags&post=780283"}],"curies":[{"name":"wp","href":"https:\/\/api.w.org\/{rel}","templated":true}]}}