{"id":780286,"date":"2025-01-11T10:03:44","date_gmt":"2025-01-11T06:03:44","guid":{"rendered":"https:\/\/arantv.az\/?p=780286"},"modified":"2025-01-11T10:03:44","modified_gmt":"2025-01-11T06:03:44","slug":"q%c9%99rbi-az%c9%99rbaycan-butov-az%c9%99rbaycanin-bir-parcasidir","status":"publish","type":"post","link":"https:\/\/arantv.az\/?p=780286","title":{"rendered":"Q\u0259rbi Az\u0259rbaycan b\u00fct\u00f6v Az\u0259rbaycan\u0131n bir par\u00e7as\u0131d\u0131r"},"content":{"rendered":"<p>Az\u0259rbaycan xalq\u0131 \u00f6t\u0259n iki \u0259srd\u0259 Erm\u0259nistan t\u0259r\u0259find\u0259n m\u0259ruz qald\u0131\u011f\u0131 silahl\u0131 m\u00fcnaqi\u015f\u0259l\u0259r, i\u015f\u011fal, etnik t\u0259mizl\u0259m\u0259, zorla k\u00f6\u00e7\u00fcrm\u0259 v\u0259 soyq\u0131r\u0131mlar\u0131ndan b\u00f6y\u00fck \u0259ziyy\u0259t \u00e7\u0259kmi\u015f, h\u0259m d\u0259 y\u00fcz, min ill\u0259rl\u0259 babalar\u0131m\u0131z\u0131n o torpaqlarda yaratd\u0131qlar\u0131 tarixi abid\u0259l\u0259r, ad\u0259t-\u0259n\u0259n\u0259l\u0259r d\u0259 vandalizmin qurban\u0131 olmu\u015fdur.<\/p>\n<p>Az\u0259rbaycan Prezidenti, M\u00fcz\u0259ff\u0259r Ali Ba\u015f Komandan \u0130lham \u018fliyevin siyasi irad\u0259si, diplomatik g\u00fcc\u00fc v\u0259 h\u0259rbi s\u0259rk\u0259rd\u0259lik bacar\u0131\u011f\u0131 n\u0259tic\u0259sind\u0259\u00a0 2020-ci ilin 44 g\u00fcnl\u00fck V\u0259t\u0259n m\u00fcharib\u0259sind\u0259 qazand\u0131\u011f\u0131m\u0131z \u015fanl\u0131 Q\u0259l\u0259b\u0259 tariximiz\u0259 \u0259n b\u00f6y\u00fck q\u0259hr\u0259manl\u0131q salnam\u0259si kimi h\u0259kk olundu. Otuz il\u0259 yax\u0131n Erm\u0259nistan\u0131n i\u015f\u011fal\u0131 alt\u0131nda qalan Qaraba\u011f v\u0259 \u015e\u0259rqi Z\u0259ng\u0259zur azad olundu. N\u0259tic\u0259d\u0259 m\u00fcasir m\u00fcst\u0259qil Az\u0259rbaycan\u0131n \u0259razi b\u00fct\u00f6vl\u00fcy\u00fc v\u0259 suverenliyi b\u0259rpa edildi. Bundan sonra xalq\u0131m\u0131z\u0131n yegan\u0259 problemi \u00f6z \u0259z\u0259li v\u0259 \u0259b\u0259di torpaqlar\u0131 olan Q\u0259rbi Az\u0259rbaycan\u0131n h\u0259qiqi sahibl\u0259rinin ata-baba yurdlar\u0131na geri qaytar\u0131lmas\u0131, onlar\u0131n h\u00fcquqlar\u0131n\u0131n b\u0259rpas\u0131d\u0131r. 2022-ci il dekabr\u0131n 24-d\u0259 Q\u0259rbi Az\u0259rbaycandan olan bir qrup ziyal\u0131 il\u0259 g\u00f6r\u00fc\u015f\u00fcnd\u0259 Prezident \u0130lham \u018fliyev tarixi Q\u0259l\u0259b\u0259mizd\u0259n sonra yaranan yeni reall\u0131qda \u0259n m\u00fch\u00fcm v\u0259zif\u0259l\u0259rd\u0259n birinin m\u0259hz Q\u0259rbi Az\u0259rbaycandan qa\u00e7q\u0131n d\u00fc\u015fm\u00fc\u015f v\u0259t\u0259nda\u015flar\u0131m\u0131z\u0131n \u00f6z yurdlar\u0131na qay\u0131tmas\u0131 m\u0259s\u0259l\u0259si oldu\u011funu vur\u011fulayaraq deyib: \u201cQ\u0259rbi az\u0259rbaycanl\u0131lar qanunsuz olaraq d\u0259f\u0259l\u0259rl\u0259 deportasiyaya m\u0259ruz qalm\u0131\u015f toplumdur. Onlar\u0131n h\u00fcquqlar\u0131 b\u0259rpa edilm\u0259lidir v\u0259 onlar \u00f6z do\u011fma torpaqlar\u0131na qay\u0131tmal\u0131d\u0131rlar\u201d.<\/p>\n<p>\u00dcmumiyy\u0259tl\u0259, n\u0259inki Erm\u0259nistan, bir s\u0131ra hallarda h\u0259tta beyn\u0259lxalq ictimaiyy\u0259t d\u0259 az\u0259rbaycanl\u0131lar\u0131n v\u0259 erm\u0259nil\u0259rin qay\u0131d\u0131\u015f h\u00fcququna b\u0259rab\u0259r yana\u015fm\u0131rlar. Bel\u0259 ki, erm\u0259nil\u0259rin Qaraba\u011fa qay\u0131d\u0131\u015f m\u0259s\u0259l\u0259si qabard\u0131ld\u0131\u011f\u0131 halda, az\u0259rbaycanl\u0131lar\u0131n perspektivd\u0259 Q\u0259rbi Az\u0259rbaycana &#8211; tarixi torpaqlar\u0131na qay\u0131tmas\u0131 bar\u0259d\u0259 bir k\u0259lm\u0259 d\u0259 deyilmir. Halbuki az\u0259rbaycanl\u0131lar\u0131n Q\u0259rbi Az\u0259rbaycana qay\u0131d\u0131\u015f\u0131 tamamil\u0259 beyn\u0259lxalq h\u00fcquqa uy\u011fun olmaqla h\u0259m d\u0259 tarixi \u0259dal\u0259tin b\u0259rpas\u0131d\u0131r. \u00dcst\u0259lik, Q\u0259rbi Az\u0259rbaycan, o c\u00fcml\u0259d\u0259n Z\u0259ng\u0259zur, \u0130r\u0259van, G\u00f6y\u00e7\u0259 tarixi Az\u0259rbaycan torpaqlar\u0131d\u0131r. Erm\u0259nil\u0259r is\u0259 Qaraba\u011fa sonradan yerl\u0259\u015fdirilibl\u0259r. Bu \u0259razil\u0259rd\u0259ki toponiml\u0259rd\u0259 he\u00e7 bir erm\u0259ni izin\u0259 rast g\u0259lm\u0259k m\u00fcmk\u00fcn deyildir. H\u0259tta antropoloqlar arxeoloji ara\u015fd\u0131rmalar zaman\u0131 erm\u0259nil\u0259rin qal\u0131qlar\u0131n\u0131n iki \u0259srd\u0259n art\u0131q bir zaman\u0131 \u0259hat\u0259 etm\u0259diyini vur\u011fulay\u0131rlar. \u0130r\u0259van xanl\u0131\u011f\u0131 i\u015f\u011fal edildikd\u0259n sonra \u00c7ar Rusiyas\u0131 il\u0259 Qacarlar aras\u0131nda 1828-ci ild\u0259 imzalanan T\u00fcrkm\u0259n\u00e7ay m\u00fcqavil\u0259sinin 15-ci madd\u0259sin\u0259 \u0259sas\u0259n, \u0130ran v\u0259 Osmanl\u0131 \u0259razisind\u0259n minl\u0259rl\u0259 erm\u0259ni ail\u0259l\u0259ri \u0130r\u0259van, Qaraba\u011f, Nax\u00e7\u0131van, Bor\u00e7al\u0131 \u0259razil\u0259rind\u0259 m\u00fcnbit torpaqlarda m\u0259skunla\u015fd\u0131lar. Onlar 6 il \u0259rzind\u0259 vergi v\u0259 m\u00fck\u0259ll\u0259fiyy\u0259tl\u0259rd\u0259n azad oldular. \u00c7ar Rusiyas\u0131n\u0131n bu k\u00f6\u00e7\u00fcrm\u0259 siyas\u0259tinin m\u0259qs\u0259di Osmanl\u0131 il\u0259 Az\u0259rbaycan aras\u0131nda bufer zona yaratmaq idi v\u0259 bu m\u0259krli plan ba\u015f tutduqdan sonra onun istiqam\u0259tl\u0259ri daha da geni\u015fl\u0259ndirildi. \u0130st\u0259r G\u00fcl\u00fcstan, ist\u0259rs\u0259 d\u0259 T\u00fcrkm\u0259n\u00e7ay m\u00fcqavil\u0259l\u0259ri h\u0259m Q\u0259rbi, h\u0259m d\u0259 C\u0259nubi az\u0259rbaycanl\u0131lara qar\u015f\u0131 x\u0259yan\u0259tkarl\u0131q\u00a0 aksiyalar\u0131 idi. Qafqazda az\u0259rbaycanl\u0131lara qar\u015f\u0131 apar\u0131lan m\u0259qs\u0259dy\u00f6nl\u00fc soyq\u0131r\u0131m\u0131 siyas\u0259ti xalq\u0131m\u0131z\u0131n tarixind\u0259 silinm\u0259z izl\u0259r qoydu. Bu, bir h\u0259qiq\u0259tdir ki, Q\u0259rbi Az\u0259rbaycan b\u00fct\u00f6v Az\u0259rbaycan\u0131n bir par\u00e7as\u0131d\u0131r.<\/p>\n<p>Sevindirici hald\u0131r ki, Prezident \u0130lham \u018fliyevin uzaqg\u00f6r\u0259n v\u0259 u\u011furlu siyas\u0259ti say\u0259sind\u0259 Az\u0259rbaycan h\u0259qiq\u0259tl\u0259rinin d\u00fcnya ictimaiyy\u0259tin\u0259 \u00e7atd\u0131r\u0131lmas\u0131nda b\u00f6y\u00fck yol q\u0259t edilib, Q\u0259rbi Az\u0259rbaycandan qa\u00e7q\u0131n d\u00fc\u015fm\u00fc\u015f soyda\u015flar\u0131m\u0131z\u0131n h\u00fcquqlar\u0131n\u0131n m\u00fcdafi\u0259si beyn\u0259lxalq m\u00fcst\u0259viy\u0259 \u00e7\u0131xar\u0131l\u0131b. D\u00f6vl\u0259timizin ba\u015f\u00e7\u0131s\u0131 Q\u0259rbi Az\u0259rbaycan\u0131n soyda\u015flar\u0131m\u0131z\u0131n tarixi torpa\u011f\u0131 oldu\u011funu n\u00fcfuzlu beyn\u0259lxalq k\u00fcrs\u00fcl\u0259rd\u0259n d\u0259f\u0259l\u0259rl\u0259 b\u0259yan edib v\u0259 edir. Bu g\u00fcn Erm\u0259nistan\u0131n havadarlar\u0131 etnik erm\u0259nil\u0259rin qay\u0131d\u0131\u015f h\u00fcququndan dan\u0131\u015fanda Q\u0259rbi Az\u0259rbaycandan olan soyda\u015flar\u0131m\u0131z\u0131n v\u0259ziyy\u0259tini g\u00f6zard\u0131 etm\u0259y\u0259 \u00e7al\u0131\u015f\u0131rlar. Amma Prezident \u0130lham \u018fliyevin d\u0259 s\u00f6yl\u0259diyi kimi, qay\u0131d\u0131\u015f h\u00fcququ qar\u015f\u0131l\u0131ql\u0131 \u015f\u0259kild\u0259 t\u0259min olunmal\u0131, o c\u00fcml\u0259d\u0259n d\u0259 Q\u0259rbi az\u0259rbaycanl\u0131lara da \u015famil edilm\u0259lidir.<\/p>\n<p>Prezident \u0130lham \u018fliyev yanvar\u0131n 7-d\u0259 yerli televiziya kanallar\u0131na m\u00fcsahibs\u0259ind\u0259 xat\u0131rlatd\u0131 ki,\u00a0 bu m\u0259s\u0259l\u0259 art\u0131q beyn\u0259lxalq g\u00fcnd\u0259liy\u0259 v\u0259 beyn\u0259lxalq leksikona sal\u0131nm\u0131\u015fd\u0131r. Bundan sonra \u0259lb\u0259tt\u0259 ki, bizim h\u0259m qeyri-h\u00f6kum\u0259t t\u0259\u015fkilatlar\u0131n\u0131n, h\u0259m d\u00f6vl\u0259tin f\u0259aliyy\u0259ti ondan ibar\u0259t olacaq ki, Q\u0259rbi az\u0259rbaycanl\u0131lar \u00f6z d\u0259d\u0259-baba torpaqlar\u0131na, orada ya\u015fad\u0131qlar\u0131 k\u0259ndl\u0259r\u0259, \u015f\u0259h\u0259rl\u0259r\u0259 qay\u0131da bilsinl\u0259r v\u0259 orada ya\u015fas\u0131nlar. Bu, b\u00fct\u00fcn beyn\u0259lxalq norma v\u0259 prinsipl\u0259r\u0259 uy\u011fun olan bir t\u0259l\u0259bdir.<\/p>\n<p>D\u00f6vl\u0259timizin ba\u015f\u00e7\u0131s\u0131 m\u00fcsahib\u0259sind\u0259 qeyd etdi ki, indiki Erm\u0259nistan \u0259razisi, dem\u0259k olar ki, vaxtil\u0259 onun m\u00fctl\u0259q \u0259ks\u0259riyy\u0259tini t\u0259\u015fkil ed\u0259n hiss\u0259si az\u0259rbaycanl\u0131lar\u0131n ya\u015fad\u0131qlar\u0131 tarixi torpaqlard\u0131r. 300 min Q\u0259rbi az\u0259rbaycanl\u0131 o b\u00f6lg\u0259l\u0259r\u0259 qay\u0131tmal\u0131d\u0131r. Amma b\u00fct\u00f6vl\u00fckd\u0259 o b\u00f6lg\u0259d\u0259n \u00e7\u0131xm\u0131\u015f v\u0259 bu g\u00fcn Az\u0259rbaycan\u0131n m\u00fcxt\u0259lif b\u00f6lg\u0259l\u0259rind\u0259 ya\u015fayanlar\u0131n v\u0259 onlar\u0131n n\u0259v\u0259l\u0259rinin, n\u0259tic\u0259l\u0259rinin say\u0131 300 mind\u0259n bir ne\u00e7\u0259 d\u0259f\u0259 \u00e7oxdur.\u00a0 \u00d6lk\u0259 ba\u015f\u00e7\u0131s\u0131 onu da xat\u0131rlatd\u0131 ki, XIX \u0259sr rus imperiyas\u0131n\u0131n x\u0259rit\u0259l\u0259rind\u0259, el\u0259c\u0259 d\u0259 rus imperiyas\u0131n\u0131n XX \u0259srin \u0259vv\u0259ll\u0259rind\u0259 t\u0259rtib edilmi\u015f x\u0259rit\u0259l\u0259rind\u0259 b\u00fct\u00fcn toponiml\u0259rin Az\u0259rbaycan m\u0259n\u015f\u0259li olmas\u0131 g\u00f6z \u00f6n\u00fcnd\u0259dir. Orada da b\u00fct\u00fcn \u015f\u0259h\u0259rl\u0259rin adlar\u0131 Az\u0259rbaycan m\u0259n\u015f\u0259lidir. Orada\u00a0 \u201cSevan g\u00f6l\u00fc\u201d adl\u0131 bir g\u00f6l g\u00f6rm\u0259k m\u00fcmk\u00fcn deyil. Orada G\u00f6y\u00e7\u0259 g\u00f6l\u00fc yaz\u0131l\u0131b. H\u0259qiq\u0259t odur ki, h\u0259min \u0259razil\u0259r tarixi Az\u0259rbaycan torpaqlar\u0131d\u0131r. Prezident \u0130lham \u018fliyev vur\u011fulad\u0131 ki, bunu h\u0259tta bu yax\u0131nlarda m\u0259tbuata \u00e7\u0131xm\u0131\u015f Erm\u0259nistan\u0131n birinci fa\u015fist prezidentinin \u00e7\u0131x\u0131\u015f\u0131nda da \u00f6z\u00fc deyir ki, \u00fc\u00e7 rayonda az\u0259rbaycanl\u0131lar \u0259ks\u0259riyy\u0259t t\u0259\u015fkil edirdi. Z\u0259ng\u0259zurda az\u0259rbaycanl\u0131lar \u0259ks\u0259riyy\u0259t t\u0259\u015fkil edirdi.<\/p>\n<p><strong>\u015e\u0259msiyy\u0259 \u018fliq\u0131z\u0131, \u201c\u0130ki sahil\u201d<\/strong><\/p>\n","protected":false},"excerpt":{"rendered":"<p>Az\u0259rbaycan xalq\u0131 \u00f6t\u0259n iki \u0259srd\u0259 Erm\u0259nistan t\u0259r\u0259find\u0259n m\u0259ruz qald\u0131\u011f\u0131 silahl\u0131 m\u00fcnaqi\u015f\u0259l\u0259r, i\u015f\u011fal, etnik t\u0259mizl\u0259m\u0259, zorla k\u00f6\u00e7\u00fcrm\u0259 v\u0259 soyq\u0131r\u0131mlar\u0131ndan b\u00f6y\u00fck \u0259ziyy\u0259t \u00e7\u0259kmi\u015f, h\u0259m d\u0259 y\u00fcz, min ill\u0259rl\u0259 babalar\u0131m\u0131z\u0131n o torpaqlarda yaratd\u0131qlar\u0131 tarixi abid\u0259l\u0259r, ad\u0259t-\u0259n\u0259n\u0259l\u0259r d\u0259 vandalizmin qurban\u0131 olmu\u015fdur. Az\u0259rbaycan Prezidenti, M\u00fcz\u0259ff\u0259r Ali Ba\u015f Komandan \u0130lham \u018fliyevin siyasi irad\u0259si, diplomatik g\u00fcc\u00fc v\u0259 h\u0259rbi s\u0259rk\u0259rd\u0259lik bacar\u0131\u011f\u0131 n\u0259tic\u0259sind\u0259\u00a0 2020-ci ilin 44 g\u00fcnl\u00fck V\u0259t\u0259n m\u00fcharib\u0259sind\u0259 qazand\u0131\u011f\u0131m\u0131z \u015fanl\u0131 Q\u0259l\u0259b\u0259 tariximiz\u0259 \u0259n b\u00f6y\u00fck q\u0259hr\u0259manl\u0131q salnam\u0259si kimi h\u0259kk olundu. Otuz il\u0259 yax\u0131n Erm\u0259nistan\u0131n i\u015f\u011fal\u0131 alt\u0131nda qalan Qaraba\u011f v\u0259 \u015e\u0259rqi Z\u0259ng\u0259zur azad olundu. N\u0259tic\u0259d\u0259 m\u00fcasir m\u00fcst\u0259qil Az\u0259rbaycan\u0131n \u0259razi b\u00fct\u00f6vl\u00fcy\u00fc&hellip;<\/p>\n","protected":false},"author":2,"featured_media":780287,"comment_status":"closed","ping_status":"closed","sticky":false,"template":"","format":"standard","meta":{"om_disable_all_campaigns":false,"_monsterinsights_skip_tracking":false,"_monsterinsights_sitenote_active":false,"_monsterinsights_sitenote_note":"","_monsterinsights_sitenote_category":0},"categories":[19],"tags":[],"aioseo_notices":[],"gutentor_comment":0,"rttpg_featured_image_url":{"full":["https:\/\/arantv.az\/wp-content\/uploads\/2025\/01\/9996535e167394100086108916911032449.jpg",975,540,false],"landscape":["https:\/\/arantv.az\/wp-content\/uploads\/2025\/01\/9996535e167394100086108916911032449.jpg",975,540,false],"portraits":["https:\/\/arantv.az\/wp-content\/uploads\/2025\/01\/9996535e167394100086108916911032449.jpg",975,540,false],"thumbnail":["https:\/\/arantv.az\/wp-content\/uploads\/2025\/01\/9996535e167394100086108916911032449-500x280.jpg",500,280,true],"medium":["https:\/\/arantv.az\/wp-content\/uploads\/2025\/01\/9996535e167394100086108916911032449-660x365.jpg",660,365,true],"large":["https:\/\/arantv.az\/wp-content\/uploads\/2025\/01\/9996535e167394100086108916911032449-840x465.jpg",640,354,true],"1536x1536":["https:\/\/arantv.az\/wp-content\/uploads\/2025\/01\/9996535e167394100086108916911032449.jpg",975,540,false],"2048x2048":["https:\/\/arantv.az\/wp-content\/uploads\/2025\/01\/9996535e167394100086108916911032449.jpg",975,540,false],"post-thumbnail":["https:\/\/arantv.az\/wp-content\/uploads\/2025\/01\/9996535e167394100086108916911032449-240x172.jpg",240,172,true],"advps-thumb-one":["https:\/\/arantv.az\/wp-content\/uploads\/2025\/01\/9996535e167394100086108916911032449.jpg",975,540,false]},"rttpg_author":{"display_name":"V\u00fcsal Rafiqo\u011flu","author_link":"https:\/\/arantv.az\/?author=2"},"rttpg_comment":0,"rttpg_category":"<a href=\"https:\/\/arantv.az\/?cat=19\" rel=\"category\">G\u00fcnd\u0259m<\/a>","rttpg_excerpt":"Az\u0259rbaycan xalq\u0131 \u00f6t\u0259n iki \u0259srd\u0259 Erm\u0259nistan t\u0259r\u0259find\u0259n m\u0259ruz qald\u0131\u011f\u0131 silahl\u0131 m\u00fcnaqi\u015f\u0259l\u0259r, i\u015f\u011fal, etnik t\u0259mizl\u0259m\u0259, zorla k\u00f6\u00e7\u00fcrm\u0259 v\u0259 soyq\u0131r\u0131mlar\u0131ndan b\u00f6y\u00fck \u0259ziyy\u0259t \u00e7\u0259kmi\u015f, h\u0259m d\u0259 y\u00fcz, min ill\u0259rl\u0259 babalar\u0131m\u0131z\u0131n o torpaqlarda yaratd\u0131qlar\u0131 tarixi abid\u0259l\u0259r, ad\u0259t-\u0259n\u0259n\u0259l\u0259r d\u0259 vandalizmin qurban\u0131 olmu\u015fdur. Az\u0259rbaycan Prezidenti, M\u00fcz\u0259ff\u0259r Ali Ba\u015f Komandan \u0130lham \u018fliyevin siyasi irad\u0259si, diplomatik g\u00fcc\u00fc v\u0259 h\u0259rbi s\u0259rk\u0259rd\u0259lik bacar\u0131\u011f\u0131 n\u0259tic\u0259sind\u0259\u00a0 2020-ci&hellip;","_links":{"self":[{"href":"https:\/\/arantv.az\/index.php?rest_route=\/wp\/v2\/posts\/780286"}],"collection":[{"href":"https:\/\/arantv.az\/index.php?rest_route=\/wp\/v2\/posts"}],"about":[{"href":"https:\/\/arantv.az\/index.php?rest_route=\/wp\/v2\/types\/post"}],"author":[{"embeddable":true,"href":"https:\/\/arantv.az\/index.php?rest_route=\/wp\/v2\/users\/2"}],"replies":[{"embeddable":true,"href":"https:\/\/arantv.az\/index.php?rest_route=%2Fwp%2Fv2%2Fcomments&post=780286"}],"version-history":[{"count":1,"href":"https:\/\/arantv.az\/index.php?rest_route=\/wp\/v2\/posts\/780286\/revisions"}],"predecessor-version":[{"id":780288,"href":"https:\/\/arantv.az\/index.php?rest_route=\/wp\/v2\/posts\/780286\/revisions\/780288"}],"wp:featuredmedia":[{"embeddable":true,"href":"https:\/\/arantv.az\/index.php?rest_route=\/wp\/v2\/media\/780287"}],"wp:attachment":[{"href":"https:\/\/arantv.az\/index.php?rest_route=%2Fwp%2Fv2%2Fmedia&parent=780286"}],"wp:term":[{"taxonomy":"category","embeddable":true,"href":"https:\/\/arantv.az\/index.php?rest_route=%2Fwp%2Fv2%2Fcategories&post=780286"},{"taxonomy":"post_tag","embeddable":true,"href":"https:\/\/arantv.az\/index.php?rest_route=%2Fwp%2Fv2%2Ftags&post=780286"}],"curies":[{"name":"wp","href":"https:\/\/api.w.org\/{rel}","templated":true}]}}