{"id":780289,"date":"2025-01-11T10:04:27","date_gmt":"2025-01-11T06:04:27","guid":{"rendered":"https:\/\/arantv.az\/?p=780289"},"modified":"2025-01-11T10:04:27","modified_gmt":"2025-01-11T06:04:27","slug":"iqtisadi-imkanlar-artdiqca","status":"publish","type":"post","link":"https:\/\/arantv.az\/?p=780289","title":{"rendered":"\u0130qtisadi imkanlar artd\u0131qca&#8230;"},"content":{"rendered":"<p>H\u0259r \u015fey c\u0259miyy\u0259td\u0259 d\u0259, siyas\u0259td\u0259 d\u0259, ail\u0259d\u0259 d\u0259 \u0259dal\u0259tli olmal\u0131d\u0131r v\u0259 sosial \u0259dal\u0259t prinsipl\u0259ri h\u0259mi\u015f\u0259 bizim \u00fc\u00e7\u00fcn vacib olub. \u0130mkan yarand\u0131qca, biz ilk n\u00f6vb\u0259d\u0259, bu sah\u0259ni d\u0259, nec\u0259 dey\u0259rl\u0259r, diqq\u0259td\u0259 saxlam\u0131\u015f\u0131q. Son bir ne\u00e7\u0259 il \u0259rzind\u0259 d\u00f6rd sosial paket h\u0259yata ke\u00e7irildi v\u0259 bu m\u0259qs\u0259dl\u0259r \u00fc\u00e7\u00fcn 7 milyard manatdan \u00e7ox v\u0259sait x\u0259rcl\u0259ndi. Bundan sonra da sosial v\u0259 iqtisadi inki\u015faf yanbayan ged\u0259c\u0259k.<\/p>\n<p>Bu fikri Prezident \u0130lham \u018fliyev yanvar\u0131n 7-d\u0259 yerli televiziya kanallar\u0131na m\u00fcsahib\u0259sind\u0259 s\u00f6yl\u0259yib.<\/p>\n<p>D\u00f6vl\u0259timizin ba\u015f\u00e7\u0131s\u0131, h\u0259m\u00e7inin\u00a0 qeyd edib ki, iqtisadi imkanlar artd\u0131qca biz daim sosial m\u0259s\u0259l\u0259l\u0259rin h\u0259llin\u0259 &#8211; minimum \u0259m\u0259khaqq\u0131, pensiya, sosial m\u00fcavin\u0259tl\u0259rin art\u0131r\u0131lmas\u0131 m\u0259s\u0259l\u0259l\u0259rin\u0259 d\u0259 daim diqq\u0259t g\u00f6st\u0259r\u0259c\u0259yik. \u015e\u00fcbh\u0259siz, bu, d\u00f6vl\u0259timizin ba\u015f\u00e7\u0131s\u0131n\u0131n sosial siyas\u0259t\u0259 verdiyi y\u00fcks\u0259k \u00f6n\u0259min v\u0259 bunun ard\u0131c\u0131l \u015f\u0259kild\u0259 davam etdirilm\u0259sinin g\u00f6st\u0259ricisidir. Yeri g\u0259lmi\u015fk\u0259n qeyd ed\u0259k ki, ist\u0259r COVID-19 pandemiyas\u0131, ist\u0259rs\u0259 d\u0259 m\u00fcharib\u0259 d\u00f6vr\u00fcnd\u0259 bel\u0259 \u00f6lk\u0259mizd\u0259 sosial x\u0259rcl\u0259r azald\u0131lmay\u0131b, \u0259ksin\u0259 art\u0131r\u0131l\u0131b. El\u0259 bu g\u00fcn d\u0259 bu \u0259n\u0259n\u0259 davam edir. Bunun bariz n\u00fcmun\u0259si kimi\u00a0 5-ci b\u00f6y\u00fck sosial islahatlar paketinin elan edilm\u0259sini g\u00f6st\u0259rm\u0259k olar. Bel\u0259 ki, Prezident \u0130lham \u018fliyevin 23 dekabr 2024-c\u00fc il tarixli \u201c\u018fhalinin sosial rifah\u0131n\u0131n yax\u015f\u0131la\u015fd\u0131r\u0131lmas\u0131 sah\u0259sind\u0259 t\u0259dbirl\u0259rin davam etdirilm\u0259si haqq\u0131nda\u201d S\u0259r\u0259ncam\u0131 bir daha s\u00fcbut edir ki, d\u00f6vl\u0259t siyas\u0259tinin \u0259sas prioriteti v\u0259t\u0259nda\u015flar\u0131n rifah\u0131n\u0131n art\u0131r\u0131lmas\u0131d\u0131r v\u0259 bu istiqam\u0259td\u0259 apar\u0131lan sosial islahatlar ard\u0131c\u0131l \u015f\u0259kild\u0259 davam etdirilir. H\u0259min S\u0259r\u0259ncama \u0259sas\u0259n, 2025-ci il yanvar\u0131n 1-d\u0259n minimum ayl\u0131q \u0259m\u0259khaqq\u0131n\u0131n m\u0259bl\u0259\u011fi 345 manatdan 16 faiz art\u0131mla 400 manata, fevral\u0131n 1-d\u0259n is\u0259 \u0259m\u0259k pensiyas\u0131n\u0131n minimum m\u0259bl\u0259\u011fi 280 manatdan 14,3 faiz art\u0131mla 320 manata \u00e7atd\u0131r\u0131l\u0131b. D\u00f6vl\u0259t b\u00fcdc\u0259sind\u0259n maliyy\u0259l\u0259\u015f\u0259n bir s\u0131ra t\u0259\u015fkilatlarda \u00e7al\u0131\u015fan i\u015f\u00e7il\u0259rin \u0259m\u0259khaqlar\u0131n\u0131n 2025-ci ilin yanvar\u0131ndan etibar\u0259n orta hesabla 15 faiz art\u0131r\u0131lmas\u0131 da bu istiqam\u0259td\u0259 at\u0131lan m\u00fch\u00fcm add\u0131mlardan biridir.<\/p>\n<p>Bir m\u0259s\u0259l\u0259ni d\u0259 x\u00fcsusi vur\u011fulayaq ki, \u00f6t\u0259n ilin sonlar\u0131nda Prezident \u0130lham \u018fliyev \u018fm\u0259k v\u0259 \u018fhalinin Sosial M\u00fcdafi\u0259si Nazirliyi yan\u0131nda D\u00f6vl\u0259t Sosial M\u00fcdafi\u0259 Fondunun 2025-ci il b\u00fcdc\u0259sini t\u0259sdiql\u0259yib. Fondun g\u0259l\u0259n il \u00fc\u00e7\u00fcn g\u0259lirl\u0259ri v\u0259 x\u0259rcl\u0259ri b\u0259rab\u0259r olmaqla 7 milyard 676,4 milyon manat proqnozla\u015fd\u0131r\u0131l\u0131r ki, bu da 2024-c\u00fc ilin b\u00fcdc\u0259sin\u0259 nisb\u0259t\u0259n 10,45 % \u00e7oxdur.<\/p>\n<p>\u201cAz\u0259rbaycan sosial d\u00f6vl\u0259tdir. Bizim siyas\u0259timizin m\u0259rk\u0259zind\u0259 Az\u0259rbaycan v\u0259t\u0259nda\u015f\u0131, onun qay\u011f\u0131lar\u0131, onun probleml\u0259ri, onun t\u0259hl\u00fck\u0259sizliyi, onun xo\u015fb\u0259xtliyi dayan\u0131r\u201d dey\u0259n Prezident \u0130lham \u018fliyevin inki\u015faf strategiyas\u0131n\u0131n m\u00fch\u00fcm u\u011furlar\u0131ndan biri kimi \u00f6lk\u0259mizd\u0259 sosial t\u0259minat sistemi ard\u0131c\u0131l olaraq g\u00fccl\u0259nir v\u0259 \u0259hat\u0259 dair\u0259si ild\u0259n-il\u0259 geni\u015fl\u0259nir. Bu is\u0259 h\u0259r \u015feyd\u0259n \u0259vv\u0259l, \u00f6lk\u0259mizd\u0259 sosial sah\u0259nin prioritetliyi prinsipin\u0259 \u0259saslanan d\u00f6vl\u0259t modelinin t\u0259zah\u00fcr\u00fc dem\u0259kdir. El\u0259 d\u00f6vl\u0259t\u0259 sosial h\u0259d\u0259fl\u0259rin\u0259 \u00e7atma\u011fa \u015f\u0259rait yaradan,\u00a0 \u00f6lk\u0259 \u0259halisinin sosial m\u00fcdafi\u0259sinin g\u00fccl\u0259ndirilm\u0259si istiqam\u0259tind\u0259 m\u00fch\u00fcm nailiyy\u0259tl\u0259rin \u0259ld\u0259 olunmas\u0131n\u0131 t\u0259min ed\u0259n d\u0259 m\u0259hz bu modeldir. Bu m\u0259qamda x\u00fcsusi vur\u011fulayaq ki, bu modeli d\u0259st\u0259kl\u0259y\u0259n mexanizml\u0259r son 6 ild\u0259 (2018-2024-c\u00fc ill\u0259r) ard\u0131c\u0131l olaraq formala\u015fd\u0131r\u0131l\u0131b. B\u0259zi faktlara diqq\u0259t yetirm\u0259k yerin\u0259 d\u00fc\u015f\u0259r. Bel\u0259 ki, bu ill\u0259r \u0259rzind\u0259 minimum pensiya 2,5 d\u0259f\u0259, orta ayl\u0131q pensiya 2,4 d\u0259f\u0259, m\u00fcavin\u0259t v\u0259 t\u0259qa\u00fcd \u00f6d\u0259ni\u015fl\u0259ri is\u0259 5 d\u0259f\u0259y\u0259 q\u0259d\u0259r art\u0131r\u0131l\u0131b. Eyni zamanda \u0259m\u0259k m\u00fcqavil\u0259l\u0259rinin say\u0131 son 6 ild\u0259 600 mind\u0259n \u00e7ox (50 faiz\u0259d\u0259k) art\u0131r\u0131l\u0131b ki, bu da\u00a0 i\u015f\u00e7i h\u00fcquqlar\u0131n\u0131n qorunmas\u0131, formal m\u0259\u015f\u011fullu\u011fun geni\u015fl\u0259ndirilm\u0259si bax\u0131m\u0131ndan m\u00fch\u00fcm amildir.<\/p>\n<p>Prezident \u0130lham \u018fliyevin r\u0259hb\u0259rliyi il\u0259 h\u0259yata ke\u00e7iril\u0259n sosial siyas\u0259tin \u0259m\u0259li n\u0259tic\u0259si \u00f6z\u00fcn\u00fc b\u00fcdc\u0259 g\u00f6st\u0259ricil\u0259rind\u0259 d\u0259 a\u00e7\u0131q-ayd\u0131n\u00a0 b\u00fcruz\u0259 verir. Bel\u0259 ki, 2021-ci ild\u0259 d\u00f6vl\u0259t b\u00fcdc\u0259sind\u0259 sosialy\u00f6n\u00fcml\u00fc x\u0259rcl\u0259r 10,3 milyard manat t\u0259\u015fkil edirdis\u0259, 2024-c\u00fc il \u00fc\u00e7\u00fcn bu m\u0259bl\u0259\u011f 15,5 milyard manata \u00e7atd\u0131r\u0131l\u0131b, 2025-ci ilin b\u00fcdc\u0259 layih\u0259sind\u0259 is\u0259 16,9 milyard manat n\u0259z\u0259rd\u0259 tutulur. Bu g\u00f6st\u0259ricil\u0259r q\u0131sa m\u00fcdd\u0259td\u0259 sosial x\u0259rcl\u0259rin 6,6 milyard manat v\u0259 ya 1,6 d\u0259f\u0259 artd\u0131\u011f\u0131n\u0131 g\u00f6st\u0259rir. \u015e\u00fcbh\u0259siz, bu, el\u0259c\u0259 d\u0259 sadalamad\u0131\u011f\u0131m\u0131z faktlar Prezident \u0130lham \u018fliyevin r\u0259hb\u0259rliyi il\u0259 h\u0259yata ke\u00e7iril\u0259n sosial siyas\u0259tin Az\u0259rbaycan\u0131 rifah c\u0259miyy\u0259tin\u0259 \u00e7evirm\u0259k istiqam\u0259tind\u0259 u\u011furlar\u0131n\u0131\u00a0 bir daha n\u00fcmayi\u015f etdirir. Qaraba\u011f\u0131n b\u0259rpas\u0131 kimi qar\u015f\u0131m\u0131zda bu q\u0259d\u0259r b\u00f6y\u00fck problemi olan \u00f6lk\u0259d\u0259 bu sah\u0259y\u0259 bel\u0259 diqq\u0259t yetirilm\u0259si is\u0259 apar\u0131lan siyas\u0259tin\u00a0 nec\u0259 dey\u0259rl\u0259r, mahiyy\u0259tini bir daha ortaya qoyur. Yeri g\u0259lmi\u015fk\u0259n qeyd ed\u0259k ki, \u0259g\u0259r Erm\u0259nistan\u0131n silahlanma siyas\u0259ti olmasayd\u0131, Az\u0259rbaycan potensial t\u0259hl\u00fck\u0259 il\u0259 \u00fcz-\u00fcz\u0259 qalmasayd\u0131, bu art\u0131mlar daha da \u00e7ox ola bil\u0259rdi.<\/p>\n<p><strong>Qvami M\u0259h\u0259bb\u0259to\u011flu, \u201c\u0130ki sahil\u201d<\/strong><\/p>\n","protected":false},"excerpt":{"rendered":"<p>H\u0259r \u015fey c\u0259miyy\u0259td\u0259 d\u0259, siyas\u0259td\u0259 d\u0259, ail\u0259d\u0259 d\u0259 \u0259dal\u0259tli olmal\u0131d\u0131r v\u0259 sosial \u0259dal\u0259t prinsipl\u0259ri h\u0259mi\u015f\u0259 bizim \u00fc\u00e7\u00fcn vacib olub. \u0130mkan yarand\u0131qca, biz ilk n\u00f6vb\u0259d\u0259, bu sah\u0259ni d\u0259, nec\u0259 dey\u0259rl\u0259r, diqq\u0259td\u0259 saxlam\u0131\u015f\u0131q. Son bir ne\u00e7\u0259 il \u0259rzind\u0259 d\u00f6rd sosial paket h\u0259yata ke\u00e7irildi v\u0259 bu m\u0259qs\u0259dl\u0259r \u00fc\u00e7\u00fcn 7 milyard manatdan \u00e7ox v\u0259sait x\u0259rcl\u0259ndi. Bundan sonra da sosial v\u0259 iqtisadi inki\u015faf yanbayan ged\u0259c\u0259k. Bu fikri Prezident \u0130lham \u018fliyev yanvar\u0131n 7-d\u0259 yerli televiziya kanallar\u0131na m\u00fcsahib\u0259sind\u0259 s\u00f6yl\u0259yib. D\u00f6vl\u0259timizin ba\u015f\u00e7\u0131s\u0131, h\u0259m\u00e7inin\u00a0 qeyd edib ki, iqtisadi imkanlar artd\u0131qca biz daim sosial m\u0259s\u0259l\u0259l\u0259rin h\u0259llin\u0259 &#8211; minimum \u0259m\u0259khaqq\u0131, pensiya,&hellip;<\/p>\n","protected":false},"author":2,"featured_media":780290,"comment_status":"closed","ping_status":"closed","sticky":false,"template":"","format":"standard","meta":{"om_disable_all_campaigns":false,"_monsterinsights_skip_tracking":false,"_monsterinsights_sitenote_active":false,"_monsterinsights_sitenote_note":"","_monsterinsights_sitenote_category":0},"categories":[19],"tags":[],"aioseo_notices":[],"gutentor_comment":0,"rttpg_featured_image_url":{"full":["https:\/\/arantv.az\/wp-content\/uploads\/2025\/01\/764f9642173625965795913956210282860.jpg",975,540,false],"landscape":["https:\/\/arantv.az\/wp-content\/uploads\/2025\/01\/764f9642173625965795913956210282860.jpg",975,540,false],"portraits":["https:\/\/arantv.az\/wp-content\/uploads\/2025\/01\/764f9642173625965795913956210282860.jpg",975,540,false],"thumbnail":["https:\/\/arantv.az\/wp-content\/uploads\/2025\/01\/764f9642173625965795913956210282860-500x280.jpg",500,280,true],"medium":["https:\/\/arantv.az\/wp-content\/uploads\/2025\/01\/764f9642173625965795913956210282860-660x365.jpg",660,365,true],"large":["https:\/\/arantv.az\/wp-content\/uploads\/2025\/01\/764f9642173625965795913956210282860-840x465.jpg",640,354,true],"1536x1536":["https:\/\/arantv.az\/wp-content\/uploads\/2025\/01\/764f9642173625965795913956210282860.jpg",975,540,false],"2048x2048":["https:\/\/arantv.az\/wp-content\/uploads\/2025\/01\/764f9642173625965795913956210282860.jpg",975,540,false],"post-thumbnail":["https:\/\/arantv.az\/wp-content\/uploads\/2025\/01\/764f9642173625965795913956210282860-240x172.jpg",240,172,true],"advps-thumb-one":["https:\/\/arantv.az\/wp-content\/uploads\/2025\/01\/764f9642173625965795913956210282860.jpg",975,540,false]},"rttpg_author":{"display_name":"V\u00fcsal Rafiqo\u011flu","author_link":"https:\/\/arantv.az\/?author=2"},"rttpg_comment":0,"rttpg_category":"<a href=\"https:\/\/arantv.az\/?cat=19\" rel=\"category\">G\u00fcnd\u0259m<\/a>","rttpg_excerpt":"H\u0259r \u015fey c\u0259miyy\u0259td\u0259 d\u0259, siyas\u0259td\u0259 d\u0259, ail\u0259d\u0259 d\u0259 \u0259dal\u0259tli olmal\u0131d\u0131r v\u0259 sosial \u0259dal\u0259t prinsipl\u0259ri h\u0259mi\u015f\u0259 bizim \u00fc\u00e7\u00fcn vacib olub. \u0130mkan yarand\u0131qca, biz ilk n\u00f6vb\u0259d\u0259, bu sah\u0259ni d\u0259, nec\u0259 dey\u0259rl\u0259r, diqq\u0259td\u0259 saxlam\u0131\u015f\u0131q. Son bir ne\u00e7\u0259 il \u0259rzind\u0259 d\u00f6rd sosial paket h\u0259yata ke\u00e7irildi v\u0259 bu m\u0259qs\u0259dl\u0259r \u00fc\u00e7\u00fcn 7 milyard manatdan \u00e7ox v\u0259sait x\u0259rcl\u0259ndi. Bundan sonra da sosial&hellip;","_links":{"self":[{"href":"https:\/\/arantv.az\/index.php?rest_route=\/wp\/v2\/posts\/780289"}],"collection":[{"href":"https:\/\/arantv.az\/index.php?rest_route=\/wp\/v2\/posts"}],"about":[{"href":"https:\/\/arantv.az\/index.php?rest_route=\/wp\/v2\/types\/post"}],"author":[{"embeddable":true,"href":"https:\/\/arantv.az\/index.php?rest_route=\/wp\/v2\/users\/2"}],"replies":[{"embeddable":true,"href":"https:\/\/arantv.az\/index.php?rest_route=%2Fwp%2Fv2%2Fcomments&post=780289"}],"version-history":[{"count":1,"href":"https:\/\/arantv.az\/index.php?rest_route=\/wp\/v2\/posts\/780289\/revisions"}],"predecessor-version":[{"id":780291,"href":"https:\/\/arantv.az\/index.php?rest_route=\/wp\/v2\/posts\/780289\/revisions\/780291"}],"wp:featuredmedia":[{"embeddable":true,"href":"https:\/\/arantv.az\/index.php?rest_route=\/wp\/v2\/media\/780290"}],"wp:attachment":[{"href":"https:\/\/arantv.az\/index.php?rest_route=%2Fwp%2Fv2%2Fmedia&parent=780289"}],"wp:term":[{"taxonomy":"category","embeddable":true,"href":"https:\/\/arantv.az\/index.php?rest_route=%2Fwp%2Fv2%2Fcategories&post=780289"},{"taxonomy":"post_tag","embeddable":true,"href":"https:\/\/arantv.az\/index.php?rest_route=%2Fwp%2Fv2%2Ftags&post=780289"}],"curies":[{"name":"wp","href":"https:\/\/api.w.org\/{rel}","templated":true}]}}